{"id":1501,"date":"2022-03-06T19:33:29","date_gmt":"2022-03-06T18:33:29","guid":{"rendered":"https:\/\/espaicrater.com\/?p=1501"},"modified":"2022-03-22T16:36:36","modified_gmt":"2022-03-22T15:36:36","slug":"mes-de-1-300-persones-han-participat-en-les-portes-obertes-daquest-cap-de-setmana","status":"publish","type":"post","link":"https:\/\/espaicrater.com\/en\/mes-de-1-300-persones-han-participat-en-les-portes-obertes-daquest-cap-de-setmana\/","title":{"rendered":"M\u00e9s de 1.300 persones han participat en les portes obertes d\u2019aquest cap de setmana"},"content":{"rendered":"<p><strong>Des de divendres a la tarda i fins aquest diumenge al vespre, 1.321 persones han descobert aquest nou equipament de la ciutat d\u2019Olot, que promou el coneixement a l\u2019entorn dels volcans, la ci\u00e8ncia i la societat.<\/strong><\/p>\n<p><strong>A partir d\u2019aquest dilluns, 7 de mar\u00e7, es podran comprar entrades per visitar Espai Cr\u00e0ter, a trav\u00e9s de la p\u00e0gina web espaicrater.com. La poblaci\u00f3 d\u2019Olot i la Garrotxa tindr\u00e0 entrada gratu\u00efta durant tot el 2022.<\/strong><\/p>\n<p>Aquest diumenge, 6 de mar\u00e7, al vespre han finalitzat les jornades de portes obertes a Espai Cr\u00e0ter. Des del divendres 4 de mar\u00e7 a les 3 de la tarda i fins aquest diumenge a les 7 del vespre, un total de 1.321 persones han descobert el centre de refer\u00e8ncia en volcans, ci\u00e8ncia i societat. Ho han fet en un total de 30 visites guiades, a trav\u00e9s de les quals han pogut rec\u00f3rrer els diversos espais de l\u2019equipament.<\/p>\n<p>Les visites -que s\u2019han dirigit a la poblaci\u00f3 d\u2019Olot i la Garrotxa- se sumen al m\u00e9s d\u2019un miler de persones que des del passat 14 de febrer han pogut descobrir Espai Cr\u00e0ter. Fins al passat divendres 4 de mar\u00e7 s\u2019havien portat a terme 38 visites guiades que han comptat amb una assist\u00e8ncia de 1.127 persones (membres d\u2019associacions de ve\u00efns, del sector tur\u00edstic, empresaris i emprenedors, docents dels centres educatius, aix\u00ed com a representants d\u2019entitats socials i culturals de la ciutat i la comarca). Aix\u00ed doncs, 2.448 persones ja han visitat Espai Cr\u00e0ter.<\/p>\n<p><img loading=\"lazy\" decoding=\"async\" class=\"alignnone wp-image-876\" src=\"https:\/\/espaicrater.com\/app\/uploads\/2022\/03\/EC12-1.jpg\" alt=\"\" width=\"831\" height=\"624\" \/><\/p>\n<blockquote><p>11 de mar\u00e7, primer dia d\u2019Espai Cr\u00e0ter<\/p><\/blockquote>\n<p>Despr\u00e9s de l\u2019inter\u00e8s generat i la gran aflu\u00e8ncia de visitants d\u2019aquest cap de setmana de portes obertes, divendres vinent, 11 de mar\u00e7, obrir\u00e0 les portes Espai Cr\u00e0ter. Ser\u00e0 el primer dia de funcionament oficial del centre que, constru\u00eft dins del volc\u00e0 Puig del Roser, explica els volcans de la Garrotxa i del m\u00f3n, aix\u00ed com la particular relaci\u00f3 entre els volcans i el seu entorn.<\/p>\n<p>Totes les persones interessades a visitar-lo poden adquirir la seva entrada a partir d\u2019aquest dilluns 7 de mar\u00e7 a trav\u00e9s d&#8217;aquesta p\u00e0gina web.<\/p>\n<p>La poblaci\u00f3 d\u2019Olot i la Garrotxa disposar\u00e0 d\u2019entrada gratu\u00efta fins a finals d\u2019any. Per poder-ne disposar, cal fer reserva pr\u00e8via a la p\u00e0gina web per q\u00fcestions d\u2019aforament. Abans de l\u2019obertura del centre i de l\u2019inici de la venda d\u2019entrades, Espai Cr\u00e0ter ja compta amb 2.000 reserves de visites.<\/p>\n","protected":false},"excerpt":{"rendered":"<p>Des de divendres a la tarda i fins aquest diumenge al vespre, 1.321 persones han descobert aquest nou equipament de la ciutat d\u2019Olot, que promou el coneixement a l\u2019entorn dels volcans, la ci\u00e8ncia i la societat. A partir d\u2019aquest dilluns, 7 de mar\u00e7, es podran comprar entrades per visitar Espai Cr\u00e0ter, a trav\u00e9s de la &hellip; <a href=\"https:\/\/espaicrater.com\/en\/mes-de-1-300-persones-han-participat-en-les-portes-obertes-daquest-cap-de-setmana\/\">Continued<\/a><\/p>\n","protected":false},"author":1,"featured_media":867,"comment_status":"open","ping_status":"open","sticky":false,"template":"","format":"standard","meta":{"_acf_changed":false,"footnotes":""},"class_list":["post-1501","post","type-post","status-publish","format-standard","has-post-thumbnail","hentry"],"acf":[],"yoast_head":"<title>M\u00e9s de 1.300 persones han participat en les portes obertes d\u2019aquest cap de setmana - Espai Cr\u00e0ter<\/title>\n<meta name=\"robots\" content=\"index, follow, max-snippet:-1, max-image-preview:large, max-video-preview:-1\" \/>\n<link rel=\"canonical\" href=\"https:\/\/espaicrater.com\/en\/mes-de-1-300-persones-han-participat-en-les-portes-obertes-daquest-cap-de-setmana\/\" \/>\n<meta property=\"og:locale\" content=\"en_US\" \/>\n<meta property=\"og:type\" content=\"article\" \/>\n<meta property=\"og:title\" content=\"M\u00e9s de 1.300 persones han participat en les portes obertes d\u2019aquest cap de setmana - Espai Cr\u00e0ter\" \/>\n<meta property=\"og:description\" content=\"Des de divendres a la tarda i fins aquest diumenge al vespre, 1.321 persones han descobert aquest nou equipament de la ciutat d\u2019Olot, que promou el coneixement a l\u2019entorn dels volcans, la ci\u00e8ncia i la societat. A partir d\u2019aquest dilluns, 7 de mar\u00e7, es podran comprar entrades per visitar Espai Cr\u00e0ter, a trav\u00e9s de la &hellip; Continued\" \/>\n<meta property=\"og:url\" content=\"https:\/\/espaicrater.com\/en\/mes-de-1-300-persones-han-participat-en-les-portes-obertes-daquest-cap-de-setmana\/\" \/>\n<meta property=\"og:site_name\" content=\"Espai Cr\u00e0ter\" \/>\n<meta property=\"article:published_time\" content=\"2022-03-06T18:33:29+00:00\" \/>\n<meta property=\"article:modified_time\" content=\"2022-03-22T15:36:36+00:00\" \/>\n<meta property=\"og:image\" content=\"https:\/\/espaicrater.com\/app\/uploads\/2022\/03\/EC5.jpg\" \/>\n\t<meta property=\"og:image:width\" content=\"2016\" \/>\n\t<meta property=\"og:image:height\" content=\"1512\" \/>\n\t<meta property=\"og:image:type\" content=\"image\/jpeg\" \/>\n<meta name=\"author\" content=\"mortensen\" \/>\n<meta name=\"twitter:card\" content=\"summary_large_image\" \/>\n<meta name=\"twitter:label1\" content=\"Written by\" \/>\n\t<meta name=\"twitter:data1\" content=\"mortensen\" \/>\n\t<meta name=\"twitter:label2\" content=\"Est. reading time\" \/>\n\t<meta name=\"twitter:data2\" content=\"3 minutes\" \/>\n<script type=\"application\/ld+json\" class=\"yoast-schema-graph\">{\"@context\":\"https:\\\/\\\/schema.org\",\"@graph\":[{\"@type\":\"Article\",\"@id\":\"https:\\\/\\\/espaicrater.com\\\/en\\\/mes-de-1-300-persones-han-participat-en-les-portes-obertes-daquest-cap-de-setmana\\\/#article\",\"isPartOf\":{\"@id\":\"https:\\\/\\\/espaicrater.com\\\/en\\\/mes-de-1-300-persones-han-participat-en-les-portes-obertes-daquest-cap-de-setmana\\\/\"},\"author\":{\"name\":\"mortensen\",\"@id\":\"https:\\\/\\\/espaicrater.com\\\/#\\\/schema\\\/person\\\/404355aea3a4da4aa3cd73294bb84b1d\"},\"headline\":\"M\u00e9s de 1.300 persones han participat en les portes obertes d\u2019aquest cap de setmana\",\"datePublished\":\"2022-03-06T18:33:29+00:00\",\"dateModified\":\"2022-03-22T15:36:36+00:00\",\"mainEntityOfPage\":{\"@id\":\"https:\\\/\\\/espaicrater.com\\\/en\\\/mes-de-1-300-persones-han-participat-en-les-portes-obertes-daquest-cap-de-setmana\\\/\"},\"wordCount\":433,\"commentCount\":0,\"publisher\":{\"@id\":\"https:\\\/\\\/espaicrater.com\\\/#organization\"},\"image\":{\"@id\":\"https:\\\/\\\/espaicrater.com\\\/en\\\/mes-de-1-300-persones-han-participat-en-les-portes-obertes-daquest-cap-de-setmana\\\/#primaryimage\"},\"thumbnailUrl\":\"https:\\\/\\\/espaicrater.com\\\/app\\\/uploads\\\/2022\\\/03\\\/EC5.jpg\",\"inLanguage\":\"en-US\",\"potentialAction\":[{\"@type\":\"CommentAction\",\"name\":\"Comment\",\"target\":[\"https:\\\/\\\/espaicrater.com\\\/en\\\/mes-de-1-300-persones-han-participat-en-les-portes-obertes-daquest-cap-de-setmana\\\/#respond\"]}]},{\"@type\":\"WebPage\",\"@id\":\"https:\\\/\\\/espaicrater.com\\\/en\\\/mes-de-1-300-persones-han-participat-en-les-portes-obertes-daquest-cap-de-setmana\\\/\",\"url\":\"https:\\\/\\\/espaicrater.com\\\/en\\\/mes-de-1-300-persones-han-participat-en-les-portes-obertes-daquest-cap-de-setmana\\\/\",\"name\":\"M\u00e9s de 1.300 persones han participat en les portes obertes d\u2019aquest cap de setmana - Espai Cr\u00e0ter\",\"isPartOf\":{\"@id\":\"https:\\\/\\\/espaicrater.com\\\/#website\"},\"primaryImageOfPage\":{\"@id\":\"https:\\\/\\\/espaicrater.com\\\/en\\\/mes-de-1-300-persones-han-participat-en-les-portes-obertes-daquest-cap-de-setmana\\\/#primaryimage\"},\"image\":{\"@id\":\"https:\\\/\\\/espaicrater.com\\\/en\\\/mes-de-1-300-persones-han-participat-en-les-portes-obertes-daquest-cap-de-setmana\\\/#primaryimage\"},\"thumbnailUrl\":\"https:\\\/\\\/espaicrater.com\\\/app\\\/uploads\\\/2022\\\/03\\\/EC5.jpg\",\"datePublished\":\"2022-03-06T18:33:29+00:00\",\"dateModified\":\"2022-03-22T15:36:36+00:00\",\"breadcrumb\":{\"@id\":\"https:\\\/\\\/espaicrater.com\\\/en\\\/mes-de-1-300-persones-han-participat-en-les-portes-obertes-daquest-cap-de-setmana\\\/#breadcrumb\"},\"inLanguage\":\"en-US\",\"potentialAction\":[{\"@type\":\"ReadAction\",\"target\":[\"https:\\\/\\\/espaicrater.com\\\/en\\\/mes-de-1-300-persones-han-participat-en-les-portes-obertes-daquest-cap-de-setmana\\\/\"]}]},{\"@type\":\"ImageObject\",\"inLanguage\":\"en-US\",\"@id\":\"https:\\\/\\\/espaicrater.com\\\/en\\\/mes-de-1-300-persones-han-participat-en-les-portes-obertes-daquest-cap-de-setmana\\\/#primaryimage\",\"url\":\"https:\\\/\\\/espaicrater.com\\\/app\\\/uploads\\\/2022\\\/03\\\/EC5.jpg\",\"contentUrl\":\"https:\\\/\\\/espaicrater.com\\\/app\\\/uploads\\\/2022\\\/03\\\/EC5.jpg\",\"width\":2016,\"height\":1512,\"caption\":\"Portes obertes\"},{\"@type\":\"BreadcrumbList\",\"@id\":\"https:\\\/\\\/espaicrater.com\\\/en\\\/mes-de-1-300-persones-han-participat-en-les-portes-obertes-daquest-cap-de-setmana\\\/#breadcrumb\",\"itemListElement\":[{\"@type\":\"ListItem\",\"position\":1,\"name\":\"Home\",\"item\":\"https:\\\/\\\/espaicrater.com\\\/en\\\/\"},{\"@type\":\"ListItem\",\"position\":2,\"name\":\"M\u00e9s de 1.300 persones han participat en les portes obertes d\u2019aquest cap de setmana\"}]},{\"@type\":\"WebSite\",\"@id\":\"https:\\\/\\\/espaicrater.com\\\/#website\",\"url\":\"https:\\\/\\\/espaicrater.com\\\/\",\"name\":\"Espai Cr\u00e0ter\",\"description\":\"Viatge al centre de la vida\",\"publisher\":{\"@id\":\"https:\\\/\\\/espaicrater.com\\\/#organization\"},\"potentialAction\":[{\"@type\":\"SearchAction\",\"target\":{\"@type\":\"EntryPoint\",\"urlTemplate\":\"https:\\\/\\\/espaicrater.com\\\/?s={search_term_string}\"},\"query-input\":{\"@type\":\"PropertyValueSpecification\",\"valueRequired\":true,\"valueName\":\"search_term_string\"}}],\"inLanguage\":\"en-US\"},{\"@type\":\"Organization\",\"@id\":\"https:\\\/\\\/espaicrater.com\\\/#organization\",\"name\":\"Espai Cr\u00e0ter\",\"url\":\"https:\\\/\\\/espaicrater.com\\\/\",\"logo\":{\"@type\":\"ImageObject\",\"inLanguage\":\"en-US\",\"@id\":\"https:\\\/\\\/espaicrater.com\\\/#\\\/schema\\\/logo\\\/image\\\/\",\"url\":\"https:\\\/\\\/espaicrater.com\\\/app\\\/uploads\\\/2022\\\/02\\\/espai-crater-1.png\",\"contentUrl\":\"https:\\\/\\\/espaicrater.com\\\/app\\\/uploads\\\/2022\\\/02\\\/espai-crater-1.png\",\"width\":801,\"height\":320,\"caption\":\"Espai Cr\u00e0ter\"},\"image\":{\"@id\":\"https:\\\/\\\/espaicrater.com\\\/#\\\/schema\\\/logo\\\/image\\\/\"}},{\"@type\":\"Person\",\"@id\":\"https:\\\/\\\/espaicrater.com\\\/#\\\/schema\\\/person\\\/404355aea3a4da4aa3cd73294bb84b1d\",\"name\":\"mortensen\",\"image\":{\"@type\":\"ImageObject\",\"inLanguage\":\"en-US\",\"@id\":\"https:\\\/\\\/secure.gravatar.com\\\/avatar\\\/30782690471a0c3faf99ab6c1377d2ae688b742c2471ce45429b9a10521b1569?s=96&d=mm&r=g\",\"url\":\"https:\\\/\\\/secure.gravatar.com\\\/avatar\\\/30782690471a0c3faf99ab6c1377d2ae688b742c2471ce45429b9a10521b1569?s=96&d=mm&r=g\",\"contentUrl\":\"https:\\\/\\\/secure.gravatar.com\\\/avatar\\\/30782690471a0c3faf99ab6c1377d2ae688b742c2471ce45429b9a10521b1569?s=96&d=mm&r=g\",\"caption\":\"mortensen\"},\"sameAs\":[\"https:\\\/\\\/espaicrater.com\\\/wp\"],\"url\":\"https:\\\/\\\/espaicrater.com\\\/en\\\/author\\\/mortensen\\\/\"}]}<\/script>","yoast_head_json":{"title":"M\u00e9s de 1.300 persones han participat en les portes obertes d\u2019aquest cap de setmana - Espai Cr\u00e0ter","robots":{"index":"index","follow":"follow","max-snippet":"max-snippet:-1","max-image-preview":"max-image-preview:large","max-video-preview":"max-video-preview:-1"},"canonical":"https:\/\/espaicrater.com\/en\/mes-de-1-300-persones-han-participat-en-les-portes-obertes-daquest-cap-de-setmana\/","og_locale":"en_US","og_type":"article","og_title":"M\u00e9s de 1.300 persones han participat en les portes obertes d\u2019aquest cap de setmana - Espai Cr\u00e0ter","og_description":"Des de divendres a la tarda i fins aquest diumenge al vespre, 1.321 persones han descobert aquest nou equipament de la ciutat d\u2019Olot, que promou el coneixement a l\u2019entorn dels volcans, la ci\u00e8ncia i la societat. A partir d\u2019aquest dilluns, 7 de mar\u00e7, es podran comprar entrades per visitar Espai Cr\u00e0ter, a trav\u00e9s de la &hellip; Continued","og_url":"https:\/\/espaicrater.com\/en\/mes-de-1-300-persones-han-participat-en-les-portes-obertes-daquest-cap-de-setmana\/","og_site_name":"Espai Cr\u00e0ter","article_published_time":"2022-03-06T18:33:29+00:00","article_modified_time":"2022-03-22T15:36:36+00:00","og_image":[{"width":2016,"height":1512,"url":"https:\/\/espaicrater.com\/app\/uploads\/2022\/03\/EC5.jpg","type":"image\/jpeg"}],"author":"mortensen","twitter_card":"summary_large_image","twitter_misc":{"Written by":"mortensen","Est. reading time":"3 minutes"},"schema":{"@context":"https:\/\/schema.org","@graph":[{"@type":"Article","@id":"https:\/\/espaicrater.com\/en\/mes-de-1-300-persones-han-participat-en-les-portes-obertes-daquest-cap-de-setmana\/#article","isPartOf":{"@id":"https:\/\/espaicrater.com\/en\/mes-de-1-300-persones-han-participat-en-les-portes-obertes-daquest-cap-de-setmana\/"},"author":{"name":"mortensen","@id":"https:\/\/espaicrater.com\/#\/schema\/person\/404355aea3a4da4aa3cd73294bb84b1d"},"headline":"M\u00e9s de 1.300 persones han participat en les portes obertes d\u2019aquest cap de setmana","datePublished":"2022-03-06T18:33:29+00:00","dateModified":"2022-03-22T15:36:36+00:00","mainEntityOfPage":{"@id":"https:\/\/espaicrater.com\/en\/mes-de-1-300-persones-han-participat-en-les-portes-obertes-daquest-cap-de-setmana\/"},"wordCount":433,"commentCount":0,"publisher":{"@id":"https:\/\/espaicrater.com\/#organization"},"image":{"@id":"https:\/\/espaicrater.com\/en\/mes-de-1-300-persones-han-participat-en-les-portes-obertes-daquest-cap-de-setmana\/#primaryimage"},"thumbnailUrl":"https:\/\/espaicrater.com\/app\/uploads\/2022\/03\/EC5.jpg","inLanguage":"en-US","potentialAction":[{"@type":"CommentAction","name":"Comment","target":["https:\/\/espaicrater.com\/en\/mes-de-1-300-persones-han-participat-en-les-portes-obertes-daquest-cap-de-setmana\/#respond"]}]},{"@type":"WebPage","@id":"https:\/\/espaicrater.com\/en\/mes-de-1-300-persones-han-participat-en-les-portes-obertes-daquest-cap-de-setmana\/","url":"https:\/\/espaicrater.com\/en\/mes-de-1-300-persones-han-participat-en-les-portes-obertes-daquest-cap-de-setmana\/","name":"M\u00e9s de 1.300 persones han participat en les portes obertes d\u2019aquest cap de setmana - Espai Cr\u00e0ter","isPartOf":{"@id":"https:\/\/espaicrater.com\/#website"},"primaryImageOfPage":{"@id":"https:\/\/espaicrater.com\/en\/mes-de-1-300-persones-han-participat-en-les-portes-obertes-daquest-cap-de-setmana\/#primaryimage"},"image":{"@id":"https:\/\/espaicrater.com\/en\/mes-de-1-300-persones-han-participat-en-les-portes-obertes-daquest-cap-de-setmana\/#primaryimage"},"thumbnailUrl":"https:\/\/espaicrater.com\/app\/uploads\/2022\/03\/EC5.jpg","datePublished":"2022-03-06T18:33:29+00:00","dateModified":"2022-03-22T15:36:36+00:00","breadcrumb":{"@id":"https:\/\/espaicrater.com\/en\/mes-de-1-300-persones-han-participat-en-les-portes-obertes-daquest-cap-de-setmana\/#breadcrumb"},"inLanguage":"en-US","potentialAction":[{"@type":"ReadAction","target":["https:\/\/espaicrater.com\/en\/mes-de-1-300-persones-han-participat-en-les-portes-obertes-daquest-cap-de-setmana\/"]}]},{"@type":"ImageObject","inLanguage":"en-US","@id":"https:\/\/espaicrater.com\/en\/mes-de-1-300-persones-han-participat-en-les-portes-obertes-daquest-cap-de-setmana\/#primaryimage","url":"https:\/\/espaicrater.com\/app\/uploads\/2022\/03\/EC5.jpg","contentUrl":"https:\/\/espaicrater.com\/app\/uploads\/2022\/03\/EC5.jpg","width":2016,"height":1512,"caption":"Portes obertes"},{"@type":"BreadcrumbList","@id":"https:\/\/espaicrater.com\/en\/mes-de-1-300-persones-han-participat-en-les-portes-obertes-daquest-cap-de-setmana\/#breadcrumb","itemListElement":[{"@type":"ListItem","position":1,"name":"Home","item":"https:\/\/espaicrater.com\/en\/"},{"@type":"ListItem","position":2,"name":"M\u00e9s de 1.300 persones han participat en les portes obertes d\u2019aquest cap de setmana"}]},{"@type":"WebSite","@id":"https:\/\/espaicrater.com\/#website","url":"https:\/\/espaicrater.com\/","name":"Espai Cr\u00e0ter","description":"Viatge al centre de la vida","publisher":{"@id":"https:\/\/espaicrater.com\/#organization"},"potentialAction":[{"@type":"SearchAction","target":{"@type":"EntryPoint","urlTemplate":"https:\/\/espaicrater.com\/?s={search_term_string}"},"query-input":{"@type":"PropertyValueSpecification","valueRequired":true,"valueName":"search_term_string"}}],"inLanguage":"en-US"},{"@type":"Organization","@id":"https:\/\/espaicrater.com\/#organization","name":"Espai Cr\u00e0ter","url":"https:\/\/espaicrater.com\/","logo":{"@type":"ImageObject","inLanguage":"en-US","@id":"https:\/\/espaicrater.com\/#\/schema\/logo\/image\/","url":"https:\/\/espaicrater.com\/app\/uploads\/2022\/02\/espai-crater-1.png","contentUrl":"https:\/\/espaicrater.com\/app\/uploads\/2022\/02\/espai-crater-1.png","width":801,"height":320,"caption":"Espai Cr\u00e0ter"},"image":{"@id":"https:\/\/espaicrater.com\/#\/schema\/logo\/image\/"}},{"@type":"Person","@id":"https:\/\/espaicrater.com\/#\/schema\/person\/404355aea3a4da4aa3cd73294bb84b1d","name":"mortensen","image":{"@type":"ImageObject","inLanguage":"en-US","@id":"https:\/\/secure.gravatar.com\/avatar\/30782690471a0c3faf99ab6c1377d2ae688b742c2471ce45429b9a10521b1569?s=96&d=mm&r=g","url":"https:\/\/secure.gravatar.com\/avatar\/30782690471a0c3faf99ab6c1377d2ae688b742c2471ce45429b9a10521b1569?s=96&d=mm&r=g","contentUrl":"https:\/\/secure.gravatar.com\/avatar\/30782690471a0c3faf99ab6c1377d2ae688b742c2471ce45429b9a10521b1569?s=96&d=mm&r=g","caption":"mortensen"},"sameAs":["https:\/\/espaicrater.com\/wp"],"url":"https:\/\/espaicrater.com\/en\/author\/mortensen\/"}]}},"_links":{"self":[{"href":"https:\/\/espaicrater.com\/en\/wp-json\/wp\/v2\/posts\/1501","targetHints":{"allow":["GET"]}}],"collection":[{"href":"https:\/\/espaicrater.com\/en\/wp-json\/wp\/v2\/posts"}],"about":[{"href":"https:\/\/espaicrater.com\/en\/wp-json\/wp\/v2\/types\/post"}],"author":[{"embeddable":true,"href":"https:\/\/espaicrater.com\/en\/wp-json\/wp\/v2\/users\/1"}],"replies":[{"embeddable":true,"href":"https:\/\/espaicrater.com\/en\/wp-json\/wp\/v2\/comments?post=1501"}],"version-history":[{"count":1,"href":"https:\/\/espaicrater.com\/en\/wp-json\/wp\/v2\/posts\/1501\/revisions"}],"predecessor-version":[{"id":1502,"href":"https:\/\/espaicrater.com\/en\/wp-json\/wp\/v2\/posts\/1501\/revisions\/1502"}],"wp:featuredmedia":[{"embeddable":true,"href":"https:\/\/espaicrater.com\/en\/wp-json\/wp\/v2\/media\/867"}],"wp:attachment":[{"href":"https:\/\/espaicrater.com\/en\/wp-json\/wp\/v2\/media?parent=1501"}],"curies":[{"name":"wp","href":"https:\/\/api.w.org\/{rel}","templated":true}]}}