{"id":12054,"date":"2025-03-25T09:09:00","date_gmt":"2025-03-25T08:09:00","guid":{"rendered":"https:\/\/espaicrater.com\/el-millor-documental-que-escoltaras-mai-aquest-divendres-a-lespai-crater\/"},"modified":"2025-03-27T09:15:46","modified_gmt":"2025-03-27T08:15:46","slug":"el-millor-documental-que-escoltaras-mai-aquest-divendres-a-lespai-crater","status":"publish","type":"post","link":"https:\/\/espaicrater.com\/es\/el-millor-documental-que-escoltaras-mai-aquest-divendres-a-lespai-crater\/","title":{"rendered":"El mejor documental que escuchar\u00e1s nunca, este viernes en el Espai Cr\u00e0ter"},"content":{"rendered":"\n<p>Este viernes, 28 de marzo, llega una de las propuestas m\u00e1s especiales del ciclo de cine gratuito \u201cEl murmullo del agua y otros ruidos\u201d, que tiene lugar el \u00faltimo viernes de cada mes en el Espai Cr\u00e0ter. A las 7 de la tarde en la Sala Magma se podr\u00e1 ver <strong><em>32 Sounds<\/em><\/strong>, el mejor documental que jam\u00e1s escuchar\u00e1s. Una experiencia inmersiva y \u00fanica que el p\u00fablico podr\u00e1 disfrutar a trav\u00e9s de unos auriculares.<\/p>\n\n\n\n<p>El filme explora el fen\u00f3meno elemental del sonido y su poder para alterar el tiempo, cruzar fronteras e interpretar la percepci\u00f3n del mundo en el que vivimos. Un m\u00e1gico y emotivo homenaje al sonido dirigido por el nominado a \u00d2scar Sam Green, y con el especialista de sonido Mark Mangini, conocido por pel\u00edculas como <em>Mad Max<\/em> o <em>Dune<\/em>.<\/p>\n\n\n\n<p>La proyecci\u00f3n ser\u00e1 en Versi\u00f3n Original Subtitulada y la entrada es gratuita.<\/p>\n\n\n\n<figure class=\"wp-block-image size-full\"><img loading=\"lazy\" decoding=\"async\" width=\"546\" height=\"307\" src=\"https:\/\/espaicrater.com\/app\/uploads\/2025\/03\/8_32-SOUNDS.webp\" alt=\"\" class=\"wp-image-12039\" srcset=\"https:\/\/espaicrater.com\/app\/uploads\/2025\/03\/8_32-SOUNDS.webp 546w, https:\/\/espaicrater.com\/app\/uploads\/2025\/03\/8_32-SOUNDS-300x169.webp 300w\" sizes=\"auto, (max-width: 546px) 100vw, 546px\" \/><\/figure>\n\n\n\n<p><strong>El murmullo del agua y otros ruidos<\/strong><\/p>\n\n\n\n<p>Ciclo de cine dedicado a dos temas de actualidad que preocupan. Bajo el comisariado de Jordi Teis, de septiembre a junio hablamos del ruido, a trav\u00e9s de cuatro documentales y cuatro pel\u00edculas de ficci\u00f3n que tratan a su vez el sonido y los efectos de la contaminaci\u00f3n ac\u00fastica, y del agua y todo su entorno.<\/p>\n\n\n\n<p>En el ciclo del ruido tomamos conciencia de la importancia del o\u00eddo para la actividad humana y su salud, de la habilidad de descubrir sonidos invisibles de la naturaleza, de la molestia de percibir los sonidos cotidianos cuando no toca y de los efectos del ruido del mundo sobre la fauna marina.<\/p>\n\n\n\n<p>En el ciclo del agua presentamos territorios reivindicados frente a algunas construcciones humanas, exploraciones en la Ant\u00e1rtida con campa\u00f1as llenas de futuro, denuncias sobre la contaminaci\u00f3n conscientemente escondida por ciertos intereses y expresiones art\u00edsticas en el medio acu\u00e1tico.<\/p>\n\n\n\n<p><a href=\"https:\/\/espaicrater.com\/es\/\">M\u00e1s informaci\u00f3n<\/a><\/p>\n\n\n\n<p><\/p>\n","protected":false},"excerpt":{"rendered":"<p>Este viernes, 28 de marzo, llega una de las propuestas m\u00e1s especiales del ciclo de cine gratuito \u201cEl murmullo del agua y otros ruidos\u201d, que tiene lugar el \u00faltimo viernes de cada mes en el Espai Cr\u00e0ter. A las 7 de la tarde en la Sala Magma se podr\u00e1 ver 32 Sounds, el mejor documental &hellip; <a href=\"https:\/\/espaicrater.com\/es\/el-millor-documental-que-escoltaras-mai-aquest-divendres-a-lespai-crater\/\">Continued<\/a><\/p>\n","protected":false},"author":2,"featured_media":12046,"comment_status":"open","ping_status":"open","sticky":false,"template":"","format":"standard","meta":{"_acf_changed":false,"footnotes":""},"class_list":["post-12054","post","type-post","status-publish","format-standard","has-post-thumbnail","hentry"],"acf":[],"yoast_head":"<title>El mejor documental que escuchar\u00e1s nunca, este viernes en el Espai Cr\u00e0ter - Espai Cr\u00e0ter<\/title>\n<meta name=\"description\" content=\"La Sala Magma de l&#039;Espai Cr\u00e0ter acull una projecci\u00f3 especial amb auriculars que explora el fenomen del so\" \/>\n<meta name=\"robots\" content=\"index, follow, max-snippet:-1, max-image-preview:large, max-video-preview:-1\" \/>\n<link rel=\"canonical\" href=\"https:\/\/espaicrater.com\/es\/el-millor-documental-que-escoltaras-mai-aquest-divendres-a-lespai-crater\/\" \/>\n<meta property=\"og:locale\" content=\"es_ES\" \/>\n<meta property=\"og:type\" content=\"article\" \/>\n<meta property=\"og:title\" content=\"El mejor documental que escuchar\u00e1s nunca, este viernes en el Espai Cr\u00e0ter - Espai Cr\u00e0ter\" \/>\n<meta property=\"og:description\" content=\"La Sala Magma de l&#039;Espai Cr\u00e0ter acull una projecci\u00f3 especial amb auriculars que explora el fenomen del so\" \/>\n<meta property=\"og:url\" content=\"https:\/\/espaicrater.com\/es\/el-millor-documental-que-escoltaras-mai-aquest-divendres-a-lespai-crater\/\" \/>\n<meta property=\"og:site_name\" content=\"Espai Cr\u00e0ter\" \/>\n<meta property=\"article:published_time\" content=\"2025-03-25T08:09:00+00:00\" \/>\n<meta property=\"article:modified_time\" content=\"2025-03-27T08:15:46+00:00\" \/>\n<meta property=\"og:image\" content=\"https:\/\/espaicrater.com\/app\/uploads\/2025\/03\/32_Sounds-816609938-large-e1743062973632.jpg\" \/>\n\t<meta property=\"og:image:width\" content=\"800\" \/>\n\t<meta property=\"og:image:height\" content=\"1182\" \/>\n\t<meta property=\"og:image:type\" content=\"image\/jpeg\" \/>\n<meta name=\"author\" content=\"N\u00faria Llop\" \/>\n<meta name=\"twitter:card\" content=\"summary_large_image\" \/>\n<meta name=\"twitter:label1\" content=\"Escrito por\" \/>\n\t<meta name=\"twitter:data1\" content=\"N\u00faria Llop\" \/>\n\t<meta name=\"twitter:label2\" content=\"Tiempo de lectura\" \/>\n\t<meta name=\"twitter:data2\" content=\"2 minutos\" \/>\n<script type=\"application\/ld+json\" class=\"yoast-schema-graph\">{\"@context\":\"https:\\\/\\\/schema.org\",\"@graph\":[{\"@type\":\"Article\",\"@id\":\"https:\\\/\\\/espaicrater.com\\\/es\\\/el-millor-documental-que-escoltaras-mai-aquest-divendres-a-lespai-crater\\\/#article\",\"isPartOf\":{\"@id\":\"https:\\\/\\\/espaicrater.com\\\/es\\\/el-millor-documental-que-escoltaras-mai-aquest-divendres-a-lespai-crater\\\/\"},\"author\":{\"name\":\"N\u00faria Llop\",\"@id\":\"https:\\\/\\\/espaicrater.com\\\/#\\\/schema\\\/person\\\/a48c2f8a557403d7b5f81dc74fe2b085\"},\"headline\":\"El mejor documental que escuchar\u00e1s nunca, este viernes en el Espai Cr\u00e0ter\",\"datePublished\":\"2025-03-25T08:09:00+00:00\",\"dateModified\":\"2025-03-27T08:15:46+00:00\",\"mainEntityOfPage\":{\"@id\":\"https:\\\/\\\/espaicrater.com\\\/es\\\/el-millor-documental-que-escoltaras-mai-aquest-divendres-a-lespai-crater\\\/\"},\"wordCount\":333,\"commentCount\":0,\"publisher\":{\"@id\":\"https:\\\/\\\/espaicrater.com\\\/#organization\"},\"image\":{\"@id\":\"https:\\\/\\\/espaicrater.com\\\/es\\\/el-millor-documental-que-escoltaras-mai-aquest-divendres-a-lespai-crater\\\/#primaryimage\"},\"thumbnailUrl\":\"https:\\\/\\\/espaicrater.com\\\/app\\\/uploads\\\/2025\\\/03\\\/32_Sounds-816609938-large-e1743062973632.jpg\",\"inLanguage\":\"es\",\"potentialAction\":[{\"@type\":\"CommentAction\",\"name\":\"Comment\",\"target\":[\"https:\\\/\\\/espaicrater.com\\\/es\\\/el-millor-documental-que-escoltaras-mai-aquest-divendres-a-lespai-crater\\\/#respond\"]}]},{\"@type\":\"WebPage\",\"@id\":\"https:\\\/\\\/espaicrater.com\\\/es\\\/el-millor-documental-que-escoltaras-mai-aquest-divendres-a-lespai-crater\\\/\",\"url\":\"https:\\\/\\\/espaicrater.com\\\/es\\\/el-millor-documental-que-escoltaras-mai-aquest-divendres-a-lespai-crater\\\/\",\"name\":\"El mejor documental que escuchar\u00e1s nunca, este viernes en el Espai Cr\u00e0ter - Espai Cr\u00e0ter\",\"isPartOf\":{\"@id\":\"https:\\\/\\\/espaicrater.com\\\/#website\"},\"primaryImageOfPage\":{\"@id\":\"https:\\\/\\\/espaicrater.com\\\/es\\\/el-millor-documental-que-escoltaras-mai-aquest-divendres-a-lespai-crater\\\/#primaryimage\"},\"image\":{\"@id\":\"https:\\\/\\\/espaicrater.com\\\/es\\\/el-millor-documental-que-escoltaras-mai-aquest-divendres-a-lespai-crater\\\/#primaryimage\"},\"thumbnailUrl\":\"https:\\\/\\\/espaicrater.com\\\/app\\\/uploads\\\/2025\\\/03\\\/32_Sounds-816609938-large-e1743062973632.jpg\",\"datePublished\":\"2025-03-25T08:09:00+00:00\",\"dateModified\":\"2025-03-27T08:15:46+00:00\",\"description\":\"La Sala Magma de l'Espai Cr\u00e0ter acull una projecci\u00f3 especial amb auriculars que explora el fenomen del so\",\"breadcrumb\":{\"@id\":\"https:\\\/\\\/espaicrater.com\\\/es\\\/el-millor-documental-que-escoltaras-mai-aquest-divendres-a-lespai-crater\\\/#breadcrumb\"},\"inLanguage\":\"es\",\"potentialAction\":[{\"@type\":\"ReadAction\",\"target\":[\"https:\\\/\\\/espaicrater.com\\\/es\\\/el-millor-documental-que-escoltaras-mai-aquest-divendres-a-lespai-crater\\\/\"]}]},{\"@type\":\"ImageObject\",\"inLanguage\":\"es\",\"@id\":\"https:\\\/\\\/espaicrater.com\\\/es\\\/el-millor-documental-que-escoltaras-mai-aquest-divendres-a-lespai-crater\\\/#primaryimage\",\"url\":\"https:\\\/\\\/espaicrater.com\\\/app\\\/uploads\\\/2025\\\/03\\\/32_Sounds-816609938-large-e1743062973632.jpg\",\"contentUrl\":\"https:\\\/\\\/espaicrater.com\\\/app\\\/uploads\\\/2025\\\/03\\\/32_Sounds-816609938-large-e1743062973632.jpg\",\"width\":800,\"height\":1182},{\"@type\":\"BreadcrumbList\",\"@id\":\"https:\\\/\\\/espaicrater.com\\\/es\\\/el-millor-documental-que-escoltaras-mai-aquest-divendres-a-lespai-crater\\\/#breadcrumb\",\"itemListElement\":[{\"@type\":\"ListItem\",\"position\":1,\"name\":\"Inicio\",\"item\":\"https:\\\/\\\/espaicrater.com\\\/es\\\/\"},{\"@type\":\"ListItem\",\"position\":2,\"name\":\"El mejor documental que escuchar\u00e1s nunca, este viernes en el Espai Cr\u00e0ter\"}]},{\"@type\":\"WebSite\",\"@id\":\"https:\\\/\\\/espaicrater.com\\\/#website\",\"url\":\"https:\\\/\\\/espaicrater.com\\\/\",\"name\":\"Espai Cr\u00e0ter\",\"description\":\"Viatge al centre de la vida\",\"publisher\":{\"@id\":\"https:\\\/\\\/espaicrater.com\\\/#organization\"},\"potentialAction\":[{\"@type\":\"SearchAction\",\"target\":{\"@type\":\"EntryPoint\",\"urlTemplate\":\"https:\\\/\\\/espaicrater.com\\\/?s={search_term_string}\"},\"query-input\":{\"@type\":\"PropertyValueSpecification\",\"valueRequired\":true,\"valueName\":\"search_term_string\"}}],\"inLanguage\":\"es\"},{\"@type\":\"Organization\",\"@id\":\"https:\\\/\\\/espaicrater.com\\\/#organization\",\"name\":\"Espai Cr\u00e0ter\",\"url\":\"https:\\\/\\\/espaicrater.com\\\/\",\"logo\":{\"@type\":\"ImageObject\",\"inLanguage\":\"es\",\"@id\":\"https:\\\/\\\/espaicrater.com\\\/#\\\/schema\\\/logo\\\/image\\\/\",\"url\":\"https:\\\/\\\/espaicrater.com\\\/app\\\/uploads\\\/2022\\\/02\\\/espai-crater-1.png\",\"contentUrl\":\"https:\\\/\\\/espaicrater.com\\\/app\\\/uploads\\\/2022\\\/02\\\/espai-crater-1.png\",\"width\":801,\"height\":320,\"caption\":\"Espai Cr\u00e0ter\"},\"image\":{\"@id\":\"https:\\\/\\\/espaicrater.com\\\/#\\\/schema\\\/logo\\\/image\\\/\"}},{\"@type\":\"Person\",\"@id\":\"https:\\\/\\\/espaicrater.com\\\/#\\\/schema\\\/person\\\/a48c2f8a557403d7b5f81dc74fe2b085\",\"name\":\"N\u00faria Llop\",\"image\":{\"@type\":\"ImageObject\",\"inLanguage\":\"es\",\"@id\":\"https:\\\/\\\/secure.gravatar.com\\\/avatar\\\/8b04d94749e92b2ed0bb94dd68fd5f53fdbf6a032bec654014ada9a65a590288?s=96&d=mm&r=g\",\"url\":\"https:\\\/\\\/secure.gravatar.com\\\/avatar\\\/8b04d94749e92b2ed0bb94dd68fd5f53fdbf6a032bec654014ada9a65a590288?s=96&d=mm&r=g\",\"contentUrl\":\"https:\\\/\\\/secure.gravatar.com\\\/avatar\\\/8b04d94749e92b2ed0bb94dd68fd5f53fdbf6a032bec654014ada9a65a590288?s=96&d=mm&r=g\",\"caption\":\"N\u00faria Llop\"},\"url\":\"https:\\\/\\\/espaicrater.com\\\/es\\\/author\\\/nuria\\\/\"}]}<\/script>","yoast_head_json":{"title":"El mejor documental que escuchar\u00e1s nunca, este viernes en el Espai Cr\u00e0ter - Espai Cr\u00e0ter","description":"La Sala Magma de l'Espai Cr\u00e0ter acull una projecci\u00f3 especial amb auriculars que explora el fenomen del so","robots":{"index":"index","follow":"follow","max-snippet":"max-snippet:-1","max-image-preview":"max-image-preview:large","max-video-preview":"max-video-preview:-1"},"canonical":"https:\/\/espaicrater.com\/es\/el-millor-documental-que-escoltaras-mai-aquest-divendres-a-lespai-crater\/","og_locale":"es_ES","og_type":"article","og_title":"El mejor documental que escuchar\u00e1s nunca, este viernes en el Espai Cr\u00e0ter - Espai Cr\u00e0ter","og_description":"La Sala Magma de l'Espai Cr\u00e0ter acull una projecci\u00f3 especial amb auriculars que explora el fenomen del so","og_url":"https:\/\/espaicrater.com\/es\/el-millor-documental-que-escoltaras-mai-aquest-divendres-a-lespai-crater\/","og_site_name":"Espai Cr\u00e0ter","article_published_time":"2025-03-25T08:09:00+00:00","article_modified_time":"2025-03-27T08:15:46+00:00","og_image":[{"width":800,"height":1182,"url":"https:\/\/espaicrater.com\/app\/uploads\/2025\/03\/32_Sounds-816609938-large-e1743062973632.jpg","type":"image\/jpeg"}],"author":"N\u00faria Llop","twitter_card":"summary_large_image","twitter_misc":{"Escrito por":"N\u00faria Llop","Tiempo de lectura":"2 minutos"},"schema":{"@context":"https:\/\/schema.org","@graph":[{"@type":"Article","@id":"https:\/\/espaicrater.com\/es\/el-millor-documental-que-escoltaras-mai-aquest-divendres-a-lespai-crater\/#article","isPartOf":{"@id":"https:\/\/espaicrater.com\/es\/el-millor-documental-que-escoltaras-mai-aquest-divendres-a-lespai-crater\/"},"author":{"name":"N\u00faria Llop","@id":"https:\/\/espaicrater.com\/#\/schema\/person\/a48c2f8a557403d7b5f81dc74fe2b085"},"headline":"El mejor documental que escuchar\u00e1s nunca, este viernes en el Espai Cr\u00e0ter","datePublished":"2025-03-25T08:09:00+00:00","dateModified":"2025-03-27T08:15:46+00:00","mainEntityOfPage":{"@id":"https:\/\/espaicrater.com\/es\/el-millor-documental-que-escoltaras-mai-aquest-divendres-a-lespai-crater\/"},"wordCount":333,"commentCount":0,"publisher":{"@id":"https:\/\/espaicrater.com\/#organization"},"image":{"@id":"https:\/\/espaicrater.com\/es\/el-millor-documental-que-escoltaras-mai-aquest-divendres-a-lespai-crater\/#primaryimage"},"thumbnailUrl":"https:\/\/espaicrater.com\/app\/uploads\/2025\/03\/32_Sounds-816609938-large-e1743062973632.jpg","inLanguage":"es","potentialAction":[{"@type":"CommentAction","name":"Comment","target":["https:\/\/espaicrater.com\/es\/el-millor-documental-que-escoltaras-mai-aquest-divendres-a-lespai-crater\/#respond"]}]},{"@type":"WebPage","@id":"https:\/\/espaicrater.com\/es\/el-millor-documental-que-escoltaras-mai-aquest-divendres-a-lespai-crater\/","url":"https:\/\/espaicrater.com\/es\/el-millor-documental-que-escoltaras-mai-aquest-divendres-a-lespai-crater\/","name":"El mejor documental que escuchar\u00e1s nunca, este viernes en el Espai Cr\u00e0ter - Espai Cr\u00e0ter","isPartOf":{"@id":"https:\/\/espaicrater.com\/#website"},"primaryImageOfPage":{"@id":"https:\/\/espaicrater.com\/es\/el-millor-documental-que-escoltaras-mai-aquest-divendres-a-lespai-crater\/#primaryimage"},"image":{"@id":"https:\/\/espaicrater.com\/es\/el-millor-documental-que-escoltaras-mai-aquest-divendres-a-lespai-crater\/#primaryimage"},"thumbnailUrl":"https:\/\/espaicrater.com\/app\/uploads\/2025\/03\/32_Sounds-816609938-large-e1743062973632.jpg","datePublished":"2025-03-25T08:09:00+00:00","dateModified":"2025-03-27T08:15:46+00:00","description":"La Sala Magma de l'Espai Cr\u00e0ter acull una projecci\u00f3 especial amb auriculars que explora el fenomen del so","breadcrumb":{"@id":"https:\/\/espaicrater.com\/es\/el-millor-documental-que-escoltaras-mai-aquest-divendres-a-lespai-crater\/#breadcrumb"},"inLanguage":"es","potentialAction":[{"@type":"ReadAction","target":["https:\/\/espaicrater.com\/es\/el-millor-documental-que-escoltaras-mai-aquest-divendres-a-lespai-crater\/"]}]},{"@type":"ImageObject","inLanguage":"es","@id":"https:\/\/espaicrater.com\/es\/el-millor-documental-que-escoltaras-mai-aquest-divendres-a-lespai-crater\/#primaryimage","url":"https:\/\/espaicrater.com\/app\/uploads\/2025\/03\/32_Sounds-816609938-large-e1743062973632.jpg","contentUrl":"https:\/\/espaicrater.com\/app\/uploads\/2025\/03\/32_Sounds-816609938-large-e1743062973632.jpg","width":800,"height":1182},{"@type":"BreadcrumbList","@id":"https:\/\/espaicrater.com\/es\/el-millor-documental-que-escoltaras-mai-aquest-divendres-a-lespai-crater\/#breadcrumb","itemListElement":[{"@type":"ListItem","position":1,"name":"Inicio","item":"https:\/\/espaicrater.com\/es\/"},{"@type":"ListItem","position":2,"name":"El mejor documental que escuchar\u00e1s nunca, este viernes en el Espai Cr\u00e0ter"}]},{"@type":"WebSite","@id":"https:\/\/espaicrater.com\/#website","url":"https:\/\/espaicrater.com\/","name":"Espai Cr\u00e0ter","description":"Viatge al centre de la vida","publisher":{"@id":"https:\/\/espaicrater.com\/#organization"},"potentialAction":[{"@type":"SearchAction","target":{"@type":"EntryPoint","urlTemplate":"https:\/\/espaicrater.com\/?s={search_term_string}"},"query-input":{"@type":"PropertyValueSpecification","valueRequired":true,"valueName":"search_term_string"}}],"inLanguage":"es"},{"@type":"Organization","@id":"https:\/\/espaicrater.com\/#organization","name":"Espai Cr\u00e0ter","url":"https:\/\/espaicrater.com\/","logo":{"@type":"ImageObject","inLanguage":"es","@id":"https:\/\/espaicrater.com\/#\/schema\/logo\/image\/","url":"https:\/\/espaicrater.com\/app\/uploads\/2022\/02\/espai-crater-1.png","contentUrl":"https:\/\/espaicrater.com\/app\/uploads\/2022\/02\/espai-crater-1.png","width":801,"height":320,"caption":"Espai Cr\u00e0ter"},"image":{"@id":"https:\/\/espaicrater.com\/#\/schema\/logo\/image\/"}},{"@type":"Person","@id":"https:\/\/espaicrater.com\/#\/schema\/person\/a48c2f8a557403d7b5f81dc74fe2b085","name":"N\u00faria Llop","image":{"@type":"ImageObject","inLanguage":"es","@id":"https:\/\/secure.gravatar.com\/avatar\/8b04d94749e92b2ed0bb94dd68fd5f53fdbf6a032bec654014ada9a65a590288?s=96&d=mm&r=g","url":"https:\/\/secure.gravatar.com\/avatar\/8b04d94749e92b2ed0bb94dd68fd5f53fdbf6a032bec654014ada9a65a590288?s=96&d=mm&r=g","contentUrl":"https:\/\/secure.gravatar.com\/avatar\/8b04d94749e92b2ed0bb94dd68fd5f53fdbf6a032bec654014ada9a65a590288?s=96&d=mm&r=g","caption":"N\u00faria Llop"},"url":"https:\/\/espaicrater.com\/es\/author\/nuria\/"}]}},"_links":{"self":[{"href":"https:\/\/espaicrater.com\/es\/wp-json\/wp\/v2\/posts\/12054","targetHints":{"allow":["GET"]}}],"collection":[{"href":"https:\/\/espaicrater.com\/es\/wp-json\/wp\/v2\/posts"}],"about":[{"href":"https:\/\/espaicrater.com\/es\/wp-json\/wp\/v2\/types\/post"}],"author":[{"embeddable":true,"href":"https:\/\/espaicrater.com\/es\/wp-json\/wp\/v2\/users\/2"}],"replies":[{"embeddable":true,"href":"https:\/\/espaicrater.com\/es\/wp-json\/wp\/v2\/comments?post=12054"}],"version-history":[{"count":4,"href":"https:\/\/espaicrater.com\/es\/wp-json\/wp\/v2\/posts\/12054\/revisions"}],"predecessor-version":[{"id":12059,"href":"https:\/\/espaicrater.com\/es\/wp-json\/wp\/v2\/posts\/12054\/revisions\/12059"}],"wp:featuredmedia":[{"embeddable":true,"href":"https:\/\/espaicrater.com\/es\/wp-json\/wp\/v2\/media\/12046"}],"wp:attachment":[{"href":"https:\/\/espaicrater.com\/es\/wp-json\/wp\/v2\/media?parent=12054"}],"curies":[{"name":"wp","href":"https:\/\/api.w.org\/{rel}","templated":true}]}}