{"id":12545,"date":"2025-04-09T18:05:45","date_gmt":"2025-04-09T16:05:45","guid":{"rendered":"https:\/\/espaicrater.com\/?p=12545"},"modified":"2025-04-10T12:06:05","modified_gmt":"2025-04-10T10:06:05","slug":"abierta-la-convocatoria-de-las-becas-ciudad-de-olot-2025","status":"publish","type":"post","link":"https:\/\/espaicrater.com\/es\/abierta-la-convocatoria-de-las-becas-ciudad-de-olot-2025\/","title":{"rendered":"Abierta la convocatoria de las Becas Ciudad de Olot 2025"},"content":{"rendered":"\n<p>Ya se ha abierto el periodo de presentaci\u00f3n de proyectos en las <a href=\"https:\/\/www.olotcultura.cat\/projecte\/beques-ciutat-olot\/\">Becas Ciudad de Olot 2025<\/a>, que tienen por objetivo fomentar la investigaci\u00f3n en el \u00e1mbito de la Garrotxa en los campos de la geolog\u00eda, la ecolog\u00eda, la zoolog\u00eda, la bot\u00e1nica o el medio ambiente, en el caso de la <a href=\"https:\/\/espaicrater.com\/es\/explora\/iniciativas\/beca-oriol-de-bolos\/\">Beca Oriol de Bol\u00f2s<\/a>, y en los campos de la historia, la la econom\u00eda o las ciencias sociales, en el caso de la Beca Ernest Lluch.<\/p>\n\n\n\n<p>Cada una de las Becas est\u00e1 dotada con 4.500 euros y pueden optar tanto personas individuales como colectivos que presenten un proyecto de investigaci\u00f3n in\u00e9dito. La documentaci\u00f3n se puede presentar de forma telem\u00e1tica o presencialmente, mediante una instancia gen\u00e9rica en el Ayuntamiento de Olot. Las personas candidatas tendr\u00e1n que adjuntar su curr\u00edculum y el proyecto de trabajo con informaci\u00f3n de los objetivos que se quieren alcanzar, la metodolog\u00eda que se utilizar\u00e1, los resultados que se esperan obtener y la bibliograf\u00eda de referencia. <strong>El plazo de presentaci\u00f3n de proyectos finalizar\u00e1 el 30 de septiembre<\/strong> y el veredicto se har\u00e1 p\u00fablico durante el mes de noviembre de 2025<\/p>\n\n\n\n<p>El jurado de las becas se mantiene respecto al a\u00f1o pasado. El de la Beca Oriol de Bol\u00f3s, lo forman Joan Bach, Sara S\u00e1nchez, Carme Bartrina, Francisco C\u00f3rdoba y Xavier Oliver, y el de Beca Ernest Lluch, Margarita Casacuberta, Jordi Feu, Rosa Lluch, Antoni Mayans y Josep M. Mu\u00f1oz.<\/p>\n\n\n\n<p><strong>Unas becas que el Ayuntamiento de Olot convoca desde hace 37 a\u00f1os<\/strong><\/p>\n\n\n\n<p>La Beca Oriol de Bol\u00f3s de Ciencias Naturales, que se dio por primera vez en 1988, es convocada por el Ayuntamiento de Olot, por medio del Espai Cr\u00e0ter y del Parque Natural de la Zona Volc\u00e1nica de la Garrotxa. Homenajea al bot\u00e1nico olotense Oriol de Bol\u00f2s y Capdevila, del que el a\u00f1o pasado se celebr\u00f3 el centenario de su nacimiento.<\/p>\n\n\n\n<p>La Beca Ernest Lluch de Ciencias Sociales y Humanas es convocada por el \u00c1rea de Cultura y Educaci\u00f3n del Ayuntamiento de Olot, por medio del Archivo Comarcal de la Garrotxa. Tambi\u00e9n fue convocada por primera vez en 1988 y recog\u00eda una tradici\u00f3n de fomento de la investigaci\u00f3n en diferentes campos de la actividad cient\u00edfica y art\u00edstica impulsada por el Ayuntamiento ya desde 1981.<\/p>\n\n\n\n<p>Desde su creaci\u00f3n, las Becas Ciudad de Olot ya han premiado 67 proyectos: 35 en el \u00e1mbito de las ciencias naturales y 32 en el \u00e1mbito de las ciencias sociales y humanas. Las investigaciones se pueden consultar en digital en las p\u00e1ginas <a href=\"https:\/\/espaicrater.com\/es\/explora\/relacion-de-ganadores-de-convocatorias-pasadas\/\">web del Espai Cr\u00e0ter <\/a>y del <a href=\"https:\/\/parcsnaturals.gencat.cat\/es\/xarxa-de-parcs\/garrotxa\/coneix-nostra-feina\/centre-de-documentacio\/fons-documental\/estudis\/beques-dinvestigacio\/index.html\">Centro de Documentaci\u00f3n del Parque Natural de la Zona Volc\u00e1nica de la Garrotxa<\/a>, en el caso de la Beca Oriol de Bol\u00f2s.<\/p>\n\n\n\n<p>Como es habitual, los ganadores de la Beca har\u00e1n una presentaci\u00f3n p\u00fablica de los resultados, en el marco del ciclo \u201cLos grandes interrogantes de la ciencia\u201d, en el caso del trabajo galardonado en ciencias naturales, y en el marco de la programaci\u00f3n del Archivo Comarcal de la Garrotxa, durante la semana internacional de los archivos, en el caso del proyecto premiado en . Este a\u00f1o, Cristina Sim\u00f3n, la ganadora de la edici\u00f3n de 2023 presentar\u00e1 su trabajo Leer la ciudad de Olot en una conferencia en el Archivo y en un Itinerario Personal los d\u00edas 6 y 14 de junio.<\/p>\n\n\n\n<p>Las bases completas se pueden consultar aqu\u00ed.<\/p>\n","protected":false},"excerpt":{"rendered":"<p>Ya se ha abierto el periodo de presentaci\u00f3n de proyectos en las Becas Ciudad de Olot 2025, que tienen por objetivo fomentar la investigaci\u00f3n en el \u00e1mbito de la Garrotxa en los campos de la geolog\u00eda, la ecolog\u00eda, la zoolog\u00eda, la bot\u00e1nica o el medio ambiente, en el caso de la Beca Oriol de Bol\u00f2s, &hellip; <a href=\"https:\/\/espaicrater.com\/es\/abierta-la-convocatoria-de-las-becas-ciudad-de-olot-2025\/\">Continued<\/a><\/p>\n","protected":false},"author":2,"featured_media":12552,"comment_status":"open","ping_status":"open","sticky":false,"template":"","format":"standard","meta":{"_acf_changed":false,"footnotes":""},"class_list":["post-12545","post","type-post","status-publish","format-standard","has-post-thumbnail","hentry"],"acf":[],"yoast_head":"<title>Abierta la convocatoria de las Becas Ciudad de Olot 2025 - Espai Cr\u00e0ter<\/title>\n<meta name=\"robots\" content=\"index, follow, max-snippet:-1, max-image-preview:large, max-video-preview:-1\" \/>\n<link rel=\"canonical\" href=\"https:\/\/espaicrater.com\/es\/abierta-la-convocatoria-de-las-becas-ciudad-de-olot-2025\/\" \/>\n<meta property=\"og:locale\" content=\"es_ES\" \/>\n<meta property=\"og:type\" content=\"article\" \/>\n<meta property=\"og:title\" content=\"Abierta la convocatoria de las Becas Ciudad de Olot 2025 - Espai Cr\u00e0ter\" \/>\n<meta property=\"og:description\" content=\"Ya se ha abierto el periodo de presentaci\u00f3n de proyectos en las Becas Ciudad de Olot 2025, que tienen por objetivo fomentar la investigaci\u00f3n en el \u00e1mbito de la Garrotxa en los campos de la geolog\u00eda, la ecolog\u00eda, la zoolog\u00eda, la bot\u00e1nica o el medio ambiente, en el caso de la Beca Oriol de Bol\u00f2s, &hellip; Continued\" \/>\n<meta property=\"og:url\" content=\"https:\/\/espaicrater.com\/es\/abierta-la-convocatoria-de-las-becas-ciudad-de-olot-2025\/\" \/>\n<meta property=\"og:site_name\" content=\"Espai Cr\u00e0ter\" \/>\n<meta property=\"article:published_time\" content=\"2025-04-09T16:05:45+00:00\" \/>\n<meta property=\"article:modified_time\" content=\"2025-04-10T10:06:05+00:00\" \/>\n<meta property=\"og:image\" content=\"https:\/\/espaicrater.com\/app\/uploads\/2025\/04\/a2407833-4e9f-4a00-ba94-d5ec66dc236a.jpg\" \/>\n\t<meta property=\"og:image:width\" content=\"2560\" \/>\n\t<meta property=\"og:image:height\" content=\"1920\" \/>\n\t<meta property=\"og:image:type\" content=\"image\/jpeg\" \/>\n<meta name=\"author\" content=\"N\u00faria Llop\" \/>\n<meta name=\"twitter:card\" content=\"summary_large_image\" \/>\n<meta name=\"twitter:label1\" content=\"Escrito por\" \/>\n\t<meta name=\"twitter:data1\" content=\"N\u00faria Llop\" \/>\n\t<meta name=\"twitter:label2\" content=\"Tiempo de lectura\" \/>\n\t<meta name=\"twitter:data2\" content=\"3 minutos\" \/>\n<script type=\"application\/ld+json\" class=\"yoast-schema-graph\">{\"@context\":\"https:\\\/\\\/schema.org\",\"@graph\":[{\"@type\":\"Article\",\"@id\":\"https:\\\/\\\/espaicrater.com\\\/es\\\/abierta-la-convocatoria-de-las-becas-ciudad-de-olot-2025\\\/#article\",\"isPartOf\":{\"@id\":\"https:\\\/\\\/espaicrater.com\\\/es\\\/abierta-la-convocatoria-de-las-becas-ciudad-de-olot-2025\\\/\"},\"author\":{\"name\":\"N\u00faria Llop\",\"@id\":\"https:\\\/\\\/espaicrater.com\\\/#\\\/schema\\\/person\\\/a48c2f8a557403d7b5f81dc74fe2b085\"},\"headline\":\"Abierta la convocatoria de las Becas Ciudad de Olot 2025\",\"datePublished\":\"2025-04-09T16:05:45+00:00\",\"dateModified\":\"2025-04-10T10:06:05+00:00\",\"mainEntityOfPage\":{\"@id\":\"https:\\\/\\\/espaicrater.com\\\/es\\\/abierta-la-convocatoria-de-las-becas-ciudad-de-olot-2025\\\/\"},\"wordCount\":591,\"commentCount\":0,\"publisher\":{\"@id\":\"https:\\\/\\\/espaicrater.com\\\/#organization\"},\"image\":{\"@id\":\"https:\\\/\\\/espaicrater.com\\\/es\\\/abierta-la-convocatoria-de-las-becas-ciudad-de-olot-2025\\\/#primaryimage\"},\"thumbnailUrl\":\"https:\\\/\\\/espaicrater.com\\\/app\\\/uploads\\\/2025\\\/04\\\/a2407833-4e9f-4a00-ba94-d5ec66dc236a.jpg\",\"inLanguage\":\"es\",\"potentialAction\":[{\"@type\":\"CommentAction\",\"name\":\"Comment\",\"target\":[\"https:\\\/\\\/espaicrater.com\\\/es\\\/abierta-la-convocatoria-de-las-becas-ciudad-de-olot-2025\\\/#respond\"]}]},{\"@type\":\"WebPage\",\"@id\":\"https:\\\/\\\/espaicrater.com\\\/es\\\/abierta-la-convocatoria-de-las-becas-ciudad-de-olot-2025\\\/\",\"url\":\"https:\\\/\\\/espaicrater.com\\\/es\\\/abierta-la-convocatoria-de-las-becas-ciudad-de-olot-2025\\\/\",\"name\":\"Abierta la convocatoria de las Becas Ciudad de Olot 2025 - Espai Cr\u00e0ter\",\"isPartOf\":{\"@id\":\"https:\\\/\\\/espaicrater.com\\\/#website\"},\"primaryImageOfPage\":{\"@id\":\"https:\\\/\\\/espaicrater.com\\\/es\\\/abierta-la-convocatoria-de-las-becas-ciudad-de-olot-2025\\\/#primaryimage\"},\"image\":{\"@id\":\"https:\\\/\\\/espaicrater.com\\\/es\\\/abierta-la-convocatoria-de-las-becas-ciudad-de-olot-2025\\\/#primaryimage\"},\"thumbnailUrl\":\"https:\\\/\\\/espaicrater.com\\\/app\\\/uploads\\\/2025\\\/04\\\/a2407833-4e9f-4a00-ba94-d5ec66dc236a.jpg\",\"datePublished\":\"2025-04-09T16:05:45+00:00\",\"dateModified\":\"2025-04-10T10:06:05+00:00\",\"breadcrumb\":{\"@id\":\"https:\\\/\\\/espaicrater.com\\\/es\\\/abierta-la-convocatoria-de-las-becas-ciudad-de-olot-2025\\\/#breadcrumb\"},\"inLanguage\":\"es\",\"potentialAction\":[{\"@type\":\"ReadAction\",\"target\":[\"https:\\\/\\\/espaicrater.com\\\/es\\\/abierta-la-convocatoria-de-las-becas-ciudad-de-olot-2025\\\/\"]}]},{\"@type\":\"ImageObject\",\"inLanguage\":\"es\",\"@id\":\"https:\\\/\\\/espaicrater.com\\\/es\\\/abierta-la-convocatoria-de-las-becas-ciudad-de-olot-2025\\\/#primaryimage\",\"url\":\"https:\\\/\\\/espaicrater.com\\\/app\\\/uploads\\\/2025\\\/04\\\/a2407833-4e9f-4a00-ba94-d5ec66dc236a.jpg\",\"contentUrl\":\"https:\\\/\\\/espaicrater.com\\\/app\\\/uploads\\\/2025\\\/04\\\/a2407833-4e9f-4a00-ba94-d5ec66dc236a.jpg\",\"width\":2560,\"height\":1920},{\"@type\":\"BreadcrumbList\",\"@id\":\"https:\\\/\\\/espaicrater.com\\\/es\\\/abierta-la-convocatoria-de-las-becas-ciudad-de-olot-2025\\\/#breadcrumb\",\"itemListElement\":[{\"@type\":\"ListItem\",\"position\":1,\"name\":\"Inicio\",\"item\":\"https:\\\/\\\/espaicrater.com\\\/es\\\/\"},{\"@type\":\"ListItem\",\"position\":2,\"name\":\"Abierta la convocatoria de las Becas Ciudad de Olot 2025\"}]},{\"@type\":\"WebSite\",\"@id\":\"https:\\\/\\\/espaicrater.com\\\/#website\",\"url\":\"https:\\\/\\\/espaicrater.com\\\/\",\"name\":\"Espai Cr\u00e0ter\",\"description\":\"Viatge al centre de la vida\",\"publisher\":{\"@id\":\"https:\\\/\\\/espaicrater.com\\\/#organization\"},\"potentialAction\":[{\"@type\":\"SearchAction\",\"target\":{\"@type\":\"EntryPoint\",\"urlTemplate\":\"https:\\\/\\\/espaicrater.com\\\/?s={search_term_string}\"},\"query-input\":{\"@type\":\"PropertyValueSpecification\",\"valueRequired\":true,\"valueName\":\"search_term_string\"}}],\"inLanguage\":\"es\"},{\"@type\":\"Organization\",\"@id\":\"https:\\\/\\\/espaicrater.com\\\/#organization\",\"name\":\"Espai Cr\u00e0ter\",\"url\":\"https:\\\/\\\/espaicrater.com\\\/\",\"logo\":{\"@type\":\"ImageObject\",\"inLanguage\":\"es\",\"@id\":\"https:\\\/\\\/espaicrater.com\\\/#\\\/schema\\\/logo\\\/image\\\/\",\"url\":\"https:\\\/\\\/espaicrater.com\\\/app\\\/uploads\\\/2022\\\/02\\\/espai-crater-1.png\",\"contentUrl\":\"https:\\\/\\\/espaicrater.com\\\/app\\\/uploads\\\/2022\\\/02\\\/espai-crater-1.png\",\"width\":801,\"height\":320,\"caption\":\"Espai Cr\u00e0ter\"},\"image\":{\"@id\":\"https:\\\/\\\/espaicrater.com\\\/#\\\/schema\\\/logo\\\/image\\\/\"}},{\"@type\":\"Person\",\"@id\":\"https:\\\/\\\/espaicrater.com\\\/#\\\/schema\\\/person\\\/a48c2f8a557403d7b5f81dc74fe2b085\",\"name\":\"N\u00faria Llop\",\"image\":{\"@type\":\"ImageObject\",\"inLanguage\":\"es\",\"@id\":\"https:\\\/\\\/secure.gravatar.com\\\/avatar\\\/8b04d94749e92b2ed0bb94dd68fd5f53fdbf6a032bec654014ada9a65a590288?s=96&d=mm&r=g\",\"url\":\"https:\\\/\\\/secure.gravatar.com\\\/avatar\\\/8b04d94749e92b2ed0bb94dd68fd5f53fdbf6a032bec654014ada9a65a590288?s=96&d=mm&r=g\",\"contentUrl\":\"https:\\\/\\\/secure.gravatar.com\\\/avatar\\\/8b04d94749e92b2ed0bb94dd68fd5f53fdbf6a032bec654014ada9a65a590288?s=96&d=mm&r=g\",\"caption\":\"N\u00faria Llop\"},\"url\":\"https:\\\/\\\/espaicrater.com\\\/es\\\/author\\\/nuria\\\/\"}]}<\/script>","yoast_head_json":{"title":"Abierta la convocatoria de las Becas Ciudad de Olot 2025 - Espai Cr\u00e0ter","robots":{"index":"index","follow":"follow","max-snippet":"max-snippet:-1","max-image-preview":"max-image-preview:large","max-video-preview":"max-video-preview:-1"},"canonical":"https:\/\/espaicrater.com\/es\/abierta-la-convocatoria-de-las-becas-ciudad-de-olot-2025\/","og_locale":"es_ES","og_type":"article","og_title":"Abierta la convocatoria de las Becas Ciudad de Olot 2025 - Espai Cr\u00e0ter","og_description":"Ya se ha abierto el periodo de presentaci\u00f3n de proyectos en las Becas Ciudad de Olot 2025, que tienen por objetivo fomentar la investigaci\u00f3n en el \u00e1mbito de la Garrotxa en los campos de la geolog\u00eda, la ecolog\u00eda, la zoolog\u00eda, la bot\u00e1nica o el medio ambiente, en el caso de la Beca Oriol de Bol\u00f2s, &hellip; Continued","og_url":"https:\/\/espaicrater.com\/es\/abierta-la-convocatoria-de-las-becas-ciudad-de-olot-2025\/","og_site_name":"Espai Cr\u00e0ter","article_published_time":"2025-04-09T16:05:45+00:00","article_modified_time":"2025-04-10T10:06:05+00:00","og_image":[{"width":2560,"height":1920,"url":"https:\/\/espaicrater.com\/app\/uploads\/2025\/04\/a2407833-4e9f-4a00-ba94-d5ec66dc236a.jpg","type":"image\/jpeg"}],"author":"N\u00faria Llop","twitter_card":"summary_large_image","twitter_misc":{"Escrito por":"N\u00faria Llop","Tiempo de lectura":"3 minutos"},"schema":{"@context":"https:\/\/schema.org","@graph":[{"@type":"Article","@id":"https:\/\/espaicrater.com\/es\/abierta-la-convocatoria-de-las-becas-ciudad-de-olot-2025\/#article","isPartOf":{"@id":"https:\/\/espaicrater.com\/es\/abierta-la-convocatoria-de-las-becas-ciudad-de-olot-2025\/"},"author":{"name":"N\u00faria Llop","@id":"https:\/\/espaicrater.com\/#\/schema\/person\/a48c2f8a557403d7b5f81dc74fe2b085"},"headline":"Abierta la convocatoria de las Becas Ciudad de Olot 2025","datePublished":"2025-04-09T16:05:45+00:00","dateModified":"2025-04-10T10:06:05+00:00","mainEntityOfPage":{"@id":"https:\/\/espaicrater.com\/es\/abierta-la-convocatoria-de-las-becas-ciudad-de-olot-2025\/"},"wordCount":591,"commentCount":0,"publisher":{"@id":"https:\/\/espaicrater.com\/#organization"},"image":{"@id":"https:\/\/espaicrater.com\/es\/abierta-la-convocatoria-de-las-becas-ciudad-de-olot-2025\/#primaryimage"},"thumbnailUrl":"https:\/\/espaicrater.com\/app\/uploads\/2025\/04\/a2407833-4e9f-4a00-ba94-d5ec66dc236a.jpg","inLanguage":"es","potentialAction":[{"@type":"CommentAction","name":"Comment","target":["https:\/\/espaicrater.com\/es\/abierta-la-convocatoria-de-las-becas-ciudad-de-olot-2025\/#respond"]}]},{"@type":"WebPage","@id":"https:\/\/espaicrater.com\/es\/abierta-la-convocatoria-de-las-becas-ciudad-de-olot-2025\/","url":"https:\/\/espaicrater.com\/es\/abierta-la-convocatoria-de-las-becas-ciudad-de-olot-2025\/","name":"Abierta la convocatoria de las Becas Ciudad de Olot 2025 - Espai Cr\u00e0ter","isPartOf":{"@id":"https:\/\/espaicrater.com\/#website"},"primaryImageOfPage":{"@id":"https:\/\/espaicrater.com\/es\/abierta-la-convocatoria-de-las-becas-ciudad-de-olot-2025\/#primaryimage"},"image":{"@id":"https:\/\/espaicrater.com\/es\/abierta-la-convocatoria-de-las-becas-ciudad-de-olot-2025\/#primaryimage"},"thumbnailUrl":"https:\/\/espaicrater.com\/app\/uploads\/2025\/04\/a2407833-4e9f-4a00-ba94-d5ec66dc236a.jpg","datePublished":"2025-04-09T16:05:45+00:00","dateModified":"2025-04-10T10:06:05+00:00","breadcrumb":{"@id":"https:\/\/espaicrater.com\/es\/abierta-la-convocatoria-de-las-becas-ciudad-de-olot-2025\/#breadcrumb"},"inLanguage":"es","potentialAction":[{"@type":"ReadAction","target":["https:\/\/espaicrater.com\/es\/abierta-la-convocatoria-de-las-becas-ciudad-de-olot-2025\/"]}]},{"@type":"ImageObject","inLanguage":"es","@id":"https:\/\/espaicrater.com\/es\/abierta-la-convocatoria-de-las-becas-ciudad-de-olot-2025\/#primaryimage","url":"https:\/\/espaicrater.com\/app\/uploads\/2025\/04\/a2407833-4e9f-4a00-ba94-d5ec66dc236a.jpg","contentUrl":"https:\/\/espaicrater.com\/app\/uploads\/2025\/04\/a2407833-4e9f-4a00-ba94-d5ec66dc236a.jpg","width":2560,"height":1920},{"@type":"BreadcrumbList","@id":"https:\/\/espaicrater.com\/es\/abierta-la-convocatoria-de-las-becas-ciudad-de-olot-2025\/#breadcrumb","itemListElement":[{"@type":"ListItem","position":1,"name":"Inicio","item":"https:\/\/espaicrater.com\/es\/"},{"@type":"ListItem","position":2,"name":"Abierta la convocatoria de las Becas Ciudad de Olot 2025"}]},{"@type":"WebSite","@id":"https:\/\/espaicrater.com\/#website","url":"https:\/\/espaicrater.com\/","name":"Espai Cr\u00e0ter","description":"Viatge al centre de la vida","publisher":{"@id":"https:\/\/espaicrater.com\/#organization"},"potentialAction":[{"@type":"SearchAction","target":{"@type":"EntryPoint","urlTemplate":"https:\/\/espaicrater.com\/?s={search_term_string}"},"query-input":{"@type":"PropertyValueSpecification","valueRequired":true,"valueName":"search_term_string"}}],"inLanguage":"es"},{"@type":"Organization","@id":"https:\/\/espaicrater.com\/#organization","name":"Espai Cr\u00e0ter","url":"https:\/\/espaicrater.com\/","logo":{"@type":"ImageObject","inLanguage":"es","@id":"https:\/\/espaicrater.com\/#\/schema\/logo\/image\/","url":"https:\/\/espaicrater.com\/app\/uploads\/2022\/02\/espai-crater-1.png","contentUrl":"https:\/\/espaicrater.com\/app\/uploads\/2022\/02\/espai-crater-1.png","width":801,"height":320,"caption":"Espai Cr\u00e0ter"},"image":{"@id":"https:\/\/espaicrater.com\/#\/schema\/logo\/image\/"}},{"@type":"Person","@id":"https:\/\/espaicrater.com\/#\/schema\/person\/a48c2f8a557403d7b5f81dc74fe2b085","name":"N\u00faria Llop","image":{"@type":"ImageObject","inLanguage":"es","@id":"https:\/\/secure.gravatar.com\/avatar\/8b04d94749e92b2ed0bb94dd68fd5f53fdbf6a032bec654014ada9a65a590288?s=96&d=mm&r=g","url":"https:\/\/secure.gravatar.com\/avatar\/8b04d94749e92b2ed0bb94dd68fd5f53fdbf6a032bec654014ada9a65a590288?s=96&d=mm&r=g","contentUrl":"https:\/\/secure.gravatar.com\/avatar\/8b04d94749e92b2ed0bb94dd68fd5f53fdbf6a032bec654014ada9a65a590288?s=96&d=mm&r=g","caption":"N\u00faria Llop"},"url":"https:\/\/espaicrater.com\/es\/author\/nuria\/"}]}},"_links":{"self":[{"href":"https:\/\/espaicrater.com\/es\/wp-json\/wp\/v2\/posts\/12545","targetHints":{"allow":["GET"]}}],"collection":[{"href":"https:\/\/espaicrater.com\/es\/wp-json\/wp\/v2\/posts"}],"about":[{"href":"https:\/\/espaicrater.com\/es\/wp-json\/wp\/v2\/types\/post"}],"author":[{"embeddable":true,"href":"https:\/\/espaicrater.com\/es\/wp-json\/wp\/v2\/users\/2"}],"replies":[{"embeddable":true,"href":"https:\/\/espaicrater.com\/es\/wp-json\/wp\/v2\/comments?post=12545"}],"version-history":[{"count":1,"href":"https:\/\/espaicrater.com\/es\/wp-json\/wp\/v2\/posts\/12545\/revisions"}],"predecessor-version":[{"id":12547,"href":"https:\/\/espaicrater.com\/es\/wp-json\/wp\/v2\/posts\/12545\/revisions\/12547"}],"wp:featuredmedia":[{"embeddable":true,"href":"https:\/\/espaicrater.com\/es\/wp-json\/wp\/v2\/media\/12552"}],"wp:attachment":[{"href":"https:\/\/espaicrater.com\/es\/wp-json\/wp\/v2\/media?parent=12545"}],"curies":[{"name":"wp","href":"https:\/\/api.w.org\/{rel}","templated":true}]}}