{"id":3694,"date":"2022-11-29T09:20:00","date_gmt":"2022-11-29T08:20:00","guid":{"rendered":"https:\/\/espaicrater.com\/la-programacion-dhivern-despai-crater-arriba-amb-dues-novetats\/"},"modified":"2022-11-30T14:33:33","modified_gmt":"2022-11-30T13:33:33","slug":"la-programacion-dhivern-despai-crater-arriba-amb-dues-novetats","status":"publish","type":"post","link":"https:\/\/espaicrater.com\/es\/la-programacion-dhivern-despai-crater-arriba-amb-dues-novetats\/","title":{"rendered":"La programaci\u00f3n de invierno de Espai Cr\u00e0ter llega con dos novedades"},"content":{"rendered":"<p>El Espai Cr\u00e0ter ya tiene lista la programaci\u00f3n para este invierno. Llegan nuevos talleres familiares, con dos propuestas espec\u00edficas para Navidad y dos m\u00e1s para el resto de la temporada.\u00a0 Adem\u00e1s, y como novedad, el centro acoger\u00e1 un ciclo gratuito de cine con audiovisuales sobre el planeta Tierra y la preservaci\u00f3n del territorio. Al mismo tiempo, contin\u00faan las visitas guiadas a la sala expositiva y al volc\u00e1n Montsacopa.<\/p>\n<p>Durante las vacaciones de Navidad, del 23 de diciembre al 7 de enero, se llevar\u00e1n a cabo los talleres de \u00abSTEAM Nadalenc\u00bb, una serie de juegos y desaf\u00edos de tem\u00e1tica navide\u00f1a para desarrollar la curiosidad y utilizar la imaginaci\u00f3n. Adaptada a los diferentes grupos de edad, la actividad propone la metodolog\u00eda STEAM, que integra las matem\u00e1ticas, la ciencia, la tecnolog\u00eda, la ingenier\u00eda y el arte.<\/p>\n<p>Esta temporada de invierno, se dar\u00e1 inicio a dos talleres nuevos. Por un lado, \u00abAmunt com el magma\u00bb, para familias con ni\u00f1os entre 5 y 10 a\u00f1os, profundiza en todo lo que pasa alrededor de una erupci\u00f3n volc\u00e1nica a trav\u00e9s de diferentes experimentos que implicar\u00e1n el arte y la f\u00edsica. Por otro, \u00abLa Terra, el nostre imant\u00bb, recomendado para familias con ni\u00f1os de 6 y 12 a\u00f1os, propone comprobar que nuestro planeta es un im\u00e1n gigante a partir de la construcci\u00f3n de una br\u00fajula propia.<\/p>\n<p>La gran novedad de la programaci\u00f3n es \u00abPlaneta Terra, l&#8217;\u00faltim tresor\u00bb, un ciclo de cine gratuito cuyo objetivo es reflexionar sobre los retos globales que afectan a nivel local. Durante los meses de enero, febrero y marzo, se proyectar\u00e1n 6 filmes dedicados al planeta Tierra, la sostenibilidad, el medioambiente y la preservaci\u00f3n del territorio.<\/p>\n<p>Espai Cr\u00e0ter acoger\u00e1 tambi\u00e9n, el 4 de febrero a las 17H, la presentaci\u00f3n del libro D<em>escobreix els volcans. Acompanya els Volkis en la seva aventura volc\u00e0nica<\/em>, una publicaci\u00f3n para ni\u00f1os ilustrada y disponible online orientada a la divulgaci\u00f3n de la geolog\u00eda y la volcanolog\u00eda.<\/p>\n<p>A pesar de las nuevas propuestas, contin\u00faan las visitas guiadas al volc\u00e1n Montsacopa y a la exposici\u00f3n permanente, cuyo acceso ser\u00e1 gratuito para los habitantes de la Garrotxa hasta el 31 de diciembre de este mismo a\u00f1o.<\/p>\n<p><a href=\"https:\/\/espaicrater.com\/app\/uploads\/2022\/11\/Programa-hivern-Espai-Crater.pdf\" target=\"_blank\" rel=\"noopener\">Consulta toda la programaci\u00f3n<\/a><\/p>\n","protected":false},"excerpt":{"rendered":"<p>El Espai Cr\u00e0ter ya tiene lista la programaci\u00f3n para este invierno. Llegan nuevos talleres familiares, con dos propuestas espec\u00edficas para Navidad y dos m\u00e1s para el resto de la temporada.\u00a0 Adem\u00e1s, y como novedad, el centro acoger\u00e1 un ciclo gratuito de cine con audiovisuales sobre el planeta Tierra y la preservaci\u00f3n del territorio. Al mismo &hellip; <a href=\"https:\/\/espaicrater.com\/es\/la-programacion-dhivern-despai-crater-arriba-amb-dues-novetats\/\">Continued<\/a><\/p>\n","protected":false},"author":2,"featured_media":3705,"comment_status":"open","ping_status":"open","sticky":false,"template":"","format":"standard","meta":{"_acf_changed":false,"footnotes":""},"class_list":["post-3694","post","type-post","status-publish","format-standard","has-post-thumbnail","hentry"],"acf":[],"yoast_head":"<title>La programaci\u00f3n de invierno de Espai Cr\u00e0ter llega con dos novedades - Espai Cr\u00e0ter<\/title>\n<meta name=\"description\" content=\"El Espai Cr\u00e0ter ya tiene lista la programaci\u00f3n para este invierno. Llegan nuevos talleres familiares, con dos propuestas espec\u00edficas...\" \/>\n<meta name=\"robots\" content=\"index, follow, max-snippet:-1, max-image-preview:large, max-video-preview:-1\" \/>\n<link rel=\"canonical\" href=\"https:\/\/espaicrater.com\/es\/la-programacion-dhivern-despai-crater-arriba-amb-dues-novetats\/\" \/>\n<meta property=\"og:locale\" content=\"es_ES\" \/>\n<meta property=\"og:type\" content=\"article\" \/>\n<meta property=\"og:title\" content=\"La programaci\u00f3n de invierno de Espai Cr\u00e0ter llega con dos novedades - Espai Cr\u00e0ter\" \/>\n<meta property=\"og:description\" content=\"El Espai Cr\u00e0ter ya tiene lista la programaci\u00f3n para este invierno. Llegan nuevos talleres familiares, con dos propuestas espec\u00edficas...\" \/>\n<meta property=\"og:url\" content=\"https:\/\/espaicrater.com\/es\/la-programacion-dhivern-despai-crater-arriba-amb-dues-novetats\/\" \/>\n<meta property=\"og:site_name\" content=\"Espai Cr\u00e0ter\" \/>\n<meta property=\"article:published_time\" content=\"2022-11-29T08:20:00+00:00\" \/>\n<meta property=\"article:modified_time\" content=\"2022-11-30T13:33:33+00:00\" \/>\n<meta property=\"og:image\" content=\"https:\/\/espaicrater.com\/app\/uploads\/2022\/11\/Zeba_EspaiCrater_038-scaled.jpg\" \/>\n\t<meta property=\"og:image:width\" content=\"2560\" \/>\n\t<meta property=\"og:image:height\" content=\"1707\" \/>\n\t<meta property=\"og:image:type\" content=\"image\/jpeg\" \/>\n<meta name=\"author\" content=\"N\u00faria Llop\" \/>\n<meta name=\"twitter:card\" content=\"summary_large_image\" \/>\n<meta name=\"twitter:label1\" content=\"Escrito por\" \/>\n\t<meta name=\"twitter:data1\" content=\"N\u00faria Llop\" \/>\n\t<meta name=\"twitter:label2\" content=\"Tiempo de lectura\" \/>\n\t<meta name=\"twitter:data2\" content=\"2 minutos\" \/>\n<script type=\"application\/ld+json\" class=\"yoast-schema-graph\">{\"@context\":\"https:\\\/\\\/schema.org\",\"@graph\":[{\"@type\":\"Article\",\"@id\":\"https:\\\/\\\/espaicrater.com\\\/es\\\/la-programacion-dhivern-despai-crater-arriba-amb-dues-novetats\\\/#article\",\"isPartOf\":{\"@id\":\"https:\\\/\\\/espaicrater.com\\\/es\\\/la-programacion-dhivern-despai-crater-arriba-amb-dues-novetats\\\/\"},\"author\":{\"name\":\"N\u00faria Llop\",\"@id\":\"https:\\\/\\\/espaicrater.com\\\/#\\\/schema\\\/person\\\/a48c2f8a557403d7b5f81dc74fe2b085\"},\"headline\":\"La programaci\u00f3n de invierno de Espai Cr\u00e0ter llega con dos novedades\",\"datePublished\":\"2022-11-29T08:20:00+00:00\",\"dateModified\":\"2022-11-30T13:33:33+00:00\",\"mainEntityOfPage\":{\"@id\":\"https:\\\/\\\/espaicrater.com\\\/es\\\/la-programacion-dhivern-despai-crater-arriba-amb-dues-novetats\\\/\"},\"wordCount\":408,\"commentCount\":0,\"publisher\":{\"@id\":\"https:\\\/\\\/espaicrater.com\\\/#organization\"},\"image\":{\"@id\":\"https:\\\/\\\/espaicrater.com\\\/es\\\/la-programacion-dhivern-despai-crater-arriba-amb-dues-novetats\\\/#primaryimage\"},\"thumbnailUrl\":\"https:\\\/\\\/espaicrater.com\\\/app\\\/uploads\\\/2022\\\/11\\\/Zeba_EspaiCrater_038-scaled.jpg\",\"inLanguage\":\"es\",\"potentialAction\":[{\"@type\":\"CommentAction\",\"name\":\"Comment\",\"target\":[\"https:\\\/\\\/espaicrater.com\\\/es\\\/la-programacion-dhivern-despai-crater-arriba-amb-dues-novetats\\\/#respond\"]}]},{\"@type\":\"WebPage\",\"@id\":\"https:\\\/\\\/espaicrater.com\\\/es\\\/la-programacion-dhivern-despai-crater-arriba-amb-dues-novetats\\\/\",\"url\":\"https:\\\/\\\/espaicrater.com\\\/es\\\/la-programacion-dhivern-despai-crater-arriba-amb-dues-novetats\\\/\",\"name\":\"La programaci\u00f3n de invierno de Espai Cr\u00e0ter llega con dos novedades - Espai Cr\u00e0ter\",\"isPartOf\":{\"@id\":\"https:\\\/\\\/espaicrater.com\\\/#website\"},\"primaryImageOfPage\":{\"@id\":\"https:\\\/\\\/espaicrater.com\\\/es\\\/la-programacion-dhivern-despai-crater-arriba-amb-dues-novetats\\\/#primaryimage\"},\"image\":{\"@id\":\"https:\\\/\\\/espaicrater.com\\\/es\\\/la-programacion-dhivern-despai-crater-arriba-amb-dues-novetats\\\/#primaryimage\"},\"thumbnailUrl\":\"https:\\\/\\\/espaicrater.com\\\/app\\\/uploads\\\/2022\\\/11\\\/Zeba_EspaiCrater_038-scaled.jpg\",\"datePublished\":\"2022-11-29T08:20:00+00:00\",\"dateModified\":\"2022-11-30T13:33:33+00:00\",\"description\":\"El Espai Cr\u00e0ter ya tiene lista la programaci\u00f3n para este invierno. Llegan nuevos talleres familiares, con dos propuestas espec\u00edficas...\",\"breadcrumb\":{\"@id\":\"https:\\\/\\\/espaicrater.com\\\/es\\\/la-programacion-dhivern-despai-crater-arriba-amb-dues-novetats\\\/#breadcrumb\"},\"inLanguage\":\"es\",\"potentialAction\":[{\"@type\":\"ReadAction\",\"target\":[\"https:\\\/\\\/espaicrater.com\\\/es\\\/la-programacion-dhivern-despai-crater-arriba-amb-dues-novetats\\\/\"]}]},{\"@type\":\"ImageObject\",\"inLanguage\":\"es\",\"@id\":\"https:\\\/\\\/espaicrater.com\\\/es\\\/la-programacion-dhivern-despai-crater-arriba-amb-dues-novetats\\\/#primaryimage\",\"url\":\"https:\\\/\\\/espaicrater.com\\\/app\\\/uploads\\\/2022\\\/11\\\/Zeba_EspaiCrater_038-scaled.jpg\",\"contentUrl\":\"https:\\\/\\\/espaicrater.com\\\/app\\\/uploads\\\/2022\\\/11\\\/Zeba_EspaiCrater_038-scaled.jpg\",\"width\":2560,\"height\":1707},{\"@type\":\"BreadcrumbList\",\"@id\":\"https:\\\/\\\/espaicrater.com\\\/es\\\/la-programacion-dhivern-despai-crater-arriba-amb-dues-novetats\\\/#breadcrumb\",\"itemListElement\":[{\"@type\":\"ListItem\",\"position\":1,\"name\":\"Inicio\",\"item\":\"https:\\\/\\\/espaicrater.com\\\/es\\\/\"},{\"@type\":\"ListItem\",\"position\":2,\"name\":\"La programaci\u00f3n de invierno de Espai Cr\u00e0ter llega con dos novedades\"}]},{\"@type\":\"WebSite\",\"@id\":\"https:\\\/\\\/espaicrater.com\\\/#website\",\"url\":\"https:\\\/\\\/espaicrater.com\\\/\",\"name\":\"Espai Cr\u00e0ter\",\"description\":\"Viatge al centre de la vida\",\"publisher\":{\"@id\":\"https:\\\/\\\/espaicrater.com\\\/#organization\"},\"potentialAction\":[{\"@type\":\"SearchAction\",\"target\":{\"@type\":\"EntryPoint\",\"urlTemplate\":\"https:\\\/\\\/espaicrater.com\\\/?s={search_term_string}\"},\"query-input\":{\"@type\":\"PropertyValueSpecification\",\"valueRequired\":true,\"valueName\":\"search_term_string\"}}],\"inLanguage\":\"es\"},{\"@type\":\"Organization\",\"@id\":\"https:\\\/\\\/espaicrater.com\\\/#organization\",\"name\":\"Espai Cr\u00e0ter\",\"url\":\"https:\\\/\\\/espaicrater.com\\\/\",\"logo\":{\"@type\":\"ImageObject\",\"inLanguage\":\"es\",\"@id\":\"https:\\\/\\\/espaicrater.com\\\/#\\\/schema\\\/logo\\\/image\\\/\",\"url\":\"https:\\\/\\\/espaicrater.com\\\/app\\\/uploads\\\/2022\\\/02\\\/espai-crater-1.png\",\"contentUrl\":\"https:\\\/\\\/espaicrater.com\\\/app\\\/uploads\\\/2022\\\/02\\\/espai-crater-1.png\",\"width\":801,\"height\":320,\"caption\":\"Espai Cr\u00e0ter\"},\"image\":{\"@id\":\"https:\\\/\\\/espaicrater.com\\\/#\\\/schema\\\/logo\\\/image\\\/\"}},{\"@type\":\"Person\",\"@id\":\"https:\\\/\\\/espaicrater.com\\\/#\\\/schema\\\/person\\\/a48c2f8a557403d7b5f81dc74fe2b085\",\"name\":\"N\u00faria Llop\",\"image\":{\"@type\":\"ImageObject\",\"inLanguage\":\"es\",\"@id\":\"https:\\\/\\\/secure.gravatar.com\\\/avatar\\\/8b04d94749e92b2ed0bb94dd68fd5f53fdbf6a032bec654014ada9a65a590288?s=96&d=mm&r=g\",\"url\":\"https:\\\/\\\/secure.gravatar.com\\\/avatar\\\/8b04d94749e92b2ed0bb94dd68fd5f53fdbf6a032bec654014ada9a65a590288?s=96&d=mm&r=g\",\"contentUrl\":\"https:\\\/\\\/secure.gravatar.com\\\/avatar\\\/8b04d94749e92b2ed0bb94dd68fd5f53fdbf6a032bec654014ada9a65a590288?s=96&d=mm&r=g\",\"caption\":\"N\u00faria Llop\"},\"url\":\"https:\\\/\\\/espaicrater.com\\\/es\\\/author\\\/nuria\\\/\"}]}<\/script>","yoast_head_json":{"title":"La programaci\u00f3n de invierno de Espai Cr\u00e0ter llega con dos novedades - Espai Cr\u00e0ter","description":"El Espai Cr\u00e0ter ya tiene lista la programaci\u00f3n para este invierno. Llegan nuevos talleres familiares, con dos propuestas espec\u00edficas...","robots":{"index":"index","follow":"follow","max-snippet":"max-snippet:-1","max-image-preview":"max-image-preview:large","max-video-preview":"max-video-preview:-1"},"canonical":"https:\/\/espaicrater.com\/es\/la-programacion-dhivern-despai-crater-arriba-amb-dues-novetats\/","og_locale":"es_ES","og_type":"article","og_title":"La programaci\u00f3n de invierno de Espai Cr\u00e0ter llega con dos novedades - Espai Cr\u00e0ter","og_description":"El Espai Cr\u00e0ter ya tiene lista la programaci\u00f3n para este invierno. Llegan nuevos talleres familiares, con dos propuestas espec\u00edficas...","og_url":"https:\/\/espaicrater.com\/es\/la-programacion-dhivern-despai-crater-arriba-amb-dues-novetats\/","og_site_name":"Espai Cr\u00e0ter","article_published_time":"2022-11-29T08:20:00+00:00","article_modified_time":"2022-11-30T13:33:33+00:00","og_image":[{"width":2560,"height":1707,"url":"https:\/\/espaicrater.com\/app\/uploads\/2022\/11\/Zeba_EspaiCrater_038-scaled.jpg","type":"image\/jpeg"}],"author":"N\u00faria Llop","twitter_card":"summary_large_image","twitter_misc":{"Escrito por":"N\u00faria Llop","Tiempo de lectura":"2 minutos"},"schema":{"@context":"https:\/\/schema.org","@graph":[{"@type":"Article","@id":"https:\/\/espaicrater.com\/es\/la-programacion-dhivern-despai-crater-arriba-amb-dues-novetats\/#article","isPartOf":{"@id":"https:\/\/espaicrater.com\/es\/la-programacion-dhivern-despai-crater-arriba-amb-dues-novetats\/"},"author":{"name":"N\u00faria Llop","@id":"https:\/\/espaicrater.com\/#\/schema\/person\/a48c2f8a557403d7b5f81dc74fe2b085"},"headline":"La programaci\u00f3n de invierno de Espai Cr\u00e0ter llega con dos novedades","datePublished":"2022-11-29T08:20:00+00:00","dateModified":"2022-11-30T13:33:33+00:00","mainEntityOfPage":{"@id":"https:\/\/espaicrater.com\/es\/la-programacion-dhivern-despai-crater-arriba-amb-dues-novetats\/"},"wordCount":408,"commentCount":0,"publisher":{"@id":"https:\/\/espaicrater.com\/#organization"},"image":{"@id":"https:\/\/espaicrater.com\/es\/la-programacion-dhivern-despai-crater-arriba-amb-dues-novetats\/#primaryimage"},"thumbnailUrl":"https:\/\/espaicrater.com\/app\/uploads\/2022\/11\/Zeba_EspaiCrater_038-scaled.jpg","inLanguage":"es","potentialAction":[{"@type":"CommentAction","name":"Comment","target":["https:\/\/espaicrater.com\/es\/la-programacion-dhivern-despai-crater-arriba-amb-dues-novetats\/#respond"]}]},{"@type":"WebPage","@id":"https:\/\/espaicrater.com\/es\/la-programacion-dhivern-despai-crater-arriba-amb-dues-novetats\/","url":"https:\/\/espaicrater.com\/es\/la-programacion-dhivern-despai-crater-arriba-amb-dues-novetats\/","name":"La programaci\u00f3n de invierno de Espai Cr\u00e0ter llega con dos novedades - Espai Cr\u00e0ter","isPartOf":{"@id":"https:\/\/espaicrater.com\/#website"},"primaryImageOfPage":{"@id":"https:\/\/espaicrater.com\/es\/la-programacion-dhivern-despai-crater-arriba-amb-dues-novetats\/#primaryimage"},"image":{"@id":"https:\/\/espaicrater.com\/es\/la-programacion-dhivern-despai-crater-arriba-amb-dues-novetats\/#primaryimage"},"thumbnailUrl":"https:\/\/espaicrater.com\/app\/uploads\/2022\/11\/Zeba_EspaiCrater_038-scaled.jpg","datePublished":"2022-11-29T08:20:00+00:00","dateModified":"2022-11-30T13:33:33+00:00","description":"El Espai Cr\u00e0ter ya tiene lista la programaci\u00f3n para este invierno. Llegan nuevos talleres familiares, con dos propuestas espec\u00edficas...","breadcrumb":{"@id":"https:\/\/espaicrater.com\/es\/la-programacion-dhivern-despai-crater-arriba-amb-dues-novetats\/#breadcrumb"},"inLanguage":"es","potentialAction":[{"@type":"ReadAction","target":["https:\/\/espaicrater.com\/es\/la-programacion-dhivern-despai-crater-arriba-amb-dues-novetats\/"]}]},{"@type":"ImageObject","inLanguage":"es","@id":"https:\/\/espaicrater.com\/es\/la-programacion-dhivern-despai-crater-arriba-amb-dues-novetats\/#primaryimage","url":"https:\/\/espaicrater.com\/app\/uploads\/2022\/11\/Zeba_EspaiCrater_038-scaled.jpg","contentUrl":"https:\/\/espaicrater.com\/app\/uploads\/2022\/11\/Zeba_EspaiCrater_038-scaled.jpg","width":2560,"height":1707},{"@type":"BreadcrumbList","@id":"https:\/\/espaicrater.com\/es\/la-programacion-dhivern-despai-crater-arriba-amb-dues-novetats\/#breadcrumb","itemListElement":[{"@type":"ListItem","position":1,"name":"Inicio","item":"https:\/\/espaicrater.com\/es\/"},{"@type":"ListItem","position":2,"name":"La programaci\u00f3n de invierno de Espai Cr\u00e0ter llega con dos novedades"}]},{"@type":"WebSite","@id":"https:\/\/espaicrater.com\/#website","url":"https:\/\/espaicrater.com\/","name":"Espai Cr\u00e0ter","description":"Viatge al centre de la vida","publisher":{"@id":"https:\/\/espaicrater.com\/#organization"},"potentialAction":[{"@type":"SearchAction","target":{"@type":"EntryPoint","urlTemplate":"https:\/\/espaicrater.com\/?s={search_term_string}"},"query-input":{"@type":"PropertyValueSpecification","valueRequired":true,"valueName":"search_term_string"}}],"inLanguage":"es"},{"@type":"Organization","@id":"https:\/\/espaicrater.com\/#organization","name":"Espai Cr\u00e0ter","url":"https:\/\/espaicrater.com\/","logo":{"@type":"ImageObject","inLanguage":"es","@id":"https:\/\/espaicrater.com\/#\/schema\/logo\/image\/","url":"https:\/\/espaicrater.com\/app\/uploads\/2022\/02\/espai-crater-1.png","contentUrl":"https:\/\/espaicrater.com\/app\/uploads\/2022\/02\/espai-crater-1.png","width":801,"height":320,"caption":"Espai Cr\u00e0ter"},"image":{"@id":"https:\/\/espaicrater.com\/#\/schema\/logo\/image\/"}},{"@type":"Person","@id":"https:\/\/espaicrater.com\/#\/schema\/person\/a48c2f8a557403d7b5f81dc74fe2b085","name":"N\u00faria Llop","image":{"@type":"ImageObject","inLanguage":"es","@id":"https:\/\/secure.gravatar.com\/avatar\/8b04d94749e92b2ed0bb94dd68fd5f53fdbf6a032bec654014ada9a65a590288?s=96&d=mm&r=g","url":"https:\/\/secure.gravatar.com\/avatar\/8b04d94749e92b2ed0bb94dd68fd5f53fdbf6a032bec654014ada9a65a590288?s=96&d=mm&r=g","contentUrl":"https:\/\/secure.gravatar.com\/avatar\/8b04d94749e92b2ed0bb94dd68fd5f53fdbf6a032bec654014ada9a65a590288?s=96&d=mm&r=g","caption":"N\u00faria Llop"},"url":"https:\/\/espaicrater.com\/es\/author\/nuria\/"}]}},"_links":{"self":[{"href":"https:\/\/espaicrater.com\/es\/wp-json\/wp\/v2\/posts\/3694","targetHints":{"allow":["GET"]}}],"collection":[{"href":"https:\/\/espaicrater.com\/es\/wp-json\/wp\/v2\/posts"}],"about":[{"href":"https:\/\/espaicrater.com\/es\/wp-json\/wp\/v2\/types\/post"}],"author":[{"embeddable":true,"href":"https:\/\/espaicrater.com\/es\/wp-json\/wp\/v2\/users\/2"}],"replies":[{"embeddable":true,"href":"https:\/\/espaicrater.com\/es\/wp-json\/wp\/v2\/comments?post=3694"}],"version-history":[{"count":5,"href":"https:\/\/espaicrater.com\/es\/wp-json\/wp\/v2\/posts\/3694\/revisions"}],"predecessor-version":[{"id":3753,"href":"https:\/\/espaicrater.com\/es\/wp-json\/wp\/v2\/posts\/3694\/revisions\/3753"}],"wp:featuredmedia":[{"embeddable":true,"href":"https:\/\/espaicrater.com\/es\/wp-json\/wp\/v2\/media\/3705"}],"wp:attachment":[{"href":"https:\/\/espaicrater.com\/es\/wp-json\/wp\/v2\/media?parent=3694"}],"curies":[{"name":"wp","href":"https:\/\/api.w.org\/{rel}","templated":true}]}}