{"id":4316,"date":"2023-02-07T16:47:58","date_gmt":"2023-02-07T15:47:58","guid":{"rendered":"https:\/\/espaicrater.com\/?p=4316"},"modified":"2023-02-07T17:38:15","modified_gmt":"2023-02-07T16:38:15","slug":"el-espai-crater-acoge-la-presentacion-de-los-volkis","status":"publish","type":"post","link":"https:\/\/espaicrater.com\/es\/el-espai-crater-acoge-la-presentacion-de-los-volkis\/","title":{"rendered":"El Espai Cr\u00e0ter acoge la presentaci\u00f3n de los Volkis"},"content":{"rendered":"\n<p>El equipo de Creative Geoscience, formado por profesionales de Geoci\u00e8ncies Barcelona, Meritxell Aulinas (UB), Joaqu\u00edn Hopfenblatt (UB), Adelina Geyer (Geo3BCN-CSIC) i Olaya Dorado (Geo3BCN-CSIC), y la ilustradora Nia Schamuells han trabajado de forma conjunta en la publicaci\u00f3&nbsp;<a href=\"https:\/\/descubrelosvolcanes.es\/libro\/\" target=\"_blank\" rel=\"noreferrer noopener\"><em>Desubre los volcanes. Acompa\u00f1a los Volkis en su aventura volc\u00e1nica<\/em><\/a>. A trav\u00e9s de talleres, para ni\u00f1os, y una conversaci\u00f3n con los adultos, presentaron su investigaci\u00f3n el pasado s\u00e1bado en el Espai Cr\u00e0ter.<\/p>\n\n\n\n<p>Esta publicaci\u00f3n ilustrada, en formato digital y accesible de forma gratuita en la <a href=\"https:\/\/descubrelosvolcanes.es\/libro\/\">p\u00e1gina web<\/a>, narra un viaje apasionante a trav\u00e9s del mundo de los volcanes, con todos su peligros y maravillas. Con el objetivo de divulgar sobre geolog\u00eda entre los ni\u00f1os de una forma amena y clara, se exploran los conceptos principales del \u00e1mbito de los volcanes \u00bfC\u00f3mo es el interior de la Tierra?, \u00bfd\u00f3nde y por qu\u00e9 tenemos volcanes?, \u00bfc\u00f3mo es un volc\u00e1n por dentro?, \u00bfpor qu\u00e9 entran en erupci\u00f3n algunos volcanes? son algunas de las cuestiones que se resuelven en este libro. <\/p>\n\n\n\n<p>Para m\u00e1s informaci\u00f3n sobre el proyecteo, pod\u00e9is consultar:<br><a href=\"https:\/\/descubrelosvolcanes.es\/\" target=\"_blank\" rel=\"noreferrer noopener\">Descobreix els volcans<\/a><\/p>\n","protected":false},"excerpt":{"rendered":"<p>El equipo de Creative Geoscience, formado por profesionales de Geoci\u00e8ncies Barcelona, Meritxell Aulinas (UB), Joaqu\u00edn Hopfenblatt (UB), Adelina Geyer (Geo3BCN-CSIC) i Olaya Dorado (Geo3BCN-CSIC), y la ilustradora Nia Schamuells han trabajado de forma conjunta en la publicaci\u00f3&nbsp;Desubre los volcanes. Acompa\u00f1a los Volkis en su aventura volc\u00e1nica. A trav\u00e9s de talleres, para ni\u00f1os, y una conversaci\u00f3n &hellip; <a href=\"https:\/\/espaicrater.com\/es\/el-espai-crater-acoge-la-presentacion-de-los-volkis\/\">Continued<\/a><\/p>\n","protected":false},"author":2,"featured_media":4317,"comment_status":"open","ping_status":"open","sticky":false,"template":"","format":"standard","meta":{"_acf_changed":false,"footnotes":""},"class_list":["post-4316","post","type-post","status-publish","format-standard","has-post-thumbnail","hentry"],"acf":[],"yoast_head":"<title>El Espai Cr\u00e0ter acoge la presentaci\u00f3n de los Volkis - Espai Cr\u00e0ter<\/title>\n<meta name=\"description\" content=\"El pasado s\u00e1bado, 7 de enero, los creadores de \u2018Descubre los volcanes\u2019 dieron a conocer su publicaci\u00f3n en la Sala Magma del centro\" \/>\n<meta name=\"robots\" content=\"index, follow, max-snippet:-1, max-image-preview:large, max-video-preview:-1\" \/>\n<link rel=\"canonical\" href=\"https:\/\/espaicrater.com\/es\/el-espai-crater-acoge-la-presentacion-de-los-volkis\/\" \/>\n<meta property=\"og:locale\" content=\"es_ES\" \/>\n<meta property=\"og:type\" content=\"article\" \/>\n<meta property=\"og:title\" content=\"El Espai Cr\u00e0ter acoge la presentaci\u00f3n de los Volkis - Espai Cr\u00e0ter\" \/>\n<meta property=\"og:description\" content=\"El pasado s\u00e1bado, 7 de enero, los creadores de \u2018Descubre los volcanes\u2019 dieron a conocer su publicaci\u00f3n en la Sala Magma del centro\" \/>\n<meta property=\"og:url\" content=\"https:\/\/espaicrater.com\/es\/el-espai-crater-acoge-la-presentacion-de-los-volkis\/\" \/>\n<meta property=\"og:site_name\" content=\"Espai Cr\u00e0ter\" \/>\n<meta property=\"article:published_time\" content=\"2023-02-07T15:47:58+00:00\" \/>\n<meta property=\"article:modified_time\" content=\"2023-02-07T16:38:15+00:00\" \/>\n<meta property=\"og:image\" content=\"https:\/\/espaicrater.com\/app\/uploads\/2023\/02\/DSC06520-1-scaled.jpg\" \/>\n\t<meta property=\"og:image:width\" content=\"2560\" \/>\n\t<meta property=\"og:image:height\" content=\"1707\" \/>\n\t<meta property=\"og:image:type\" content=\"image\/jpeg\" \/>\n<meta name=\"author\" content=\"N\u00faria Llop\" \/>\n<meta name=\"twitter:card\" content=\"summary_large_image\" \/>\n<meta name=\"twitter:label1\" content=\"Escrito por\" \/>\n\t<meta name=\"twitter:data1\" content=\"N\u00faria Llop\" \/>\n\t<meta name=\"twitter:label2\" content=\"Tiempo de lectura\" \/>\n\t<meta name=\"twitter:data2\" content=\"1 minuto\" \/>\n<script type=\"application\/ld+json\" class=\"yoast-schema-graph\">{\"@context\":\"https:\\\/\\\/schema.org\",\"@graph\":[{\"@type\":\"Article\",\"@id\":\"https:\\\/\\\/espaicrater.com\\\/es\\\/el-espai-crater-acoge-la-presentacion-de-los-volkis\\\/#article\",\"isPartOf\":{\"@id\":\"https:\\\/\\\/espaicrater.com\\\/es\\\/el-espai-crater-acoge-la-presentacion-de-los-volkis\\\/\"},\"author\":{\"name\":\"N\u00faria Llop\",\"@id\":\"https:\\\/\\\/espaicrater.com\\\/#\\\/schema\\\/person\\\/a48c2f8a557403d7b5f81dc74fe2b085\"},\"headline\":\"El Espai Cr\u00e0ter acoge la presentaci\u00f3n de los Volkis\",\"datePublished\":\"2023-02-07T15:47:58+00:00\",\"dateModified\":\"2023-02-07T16:38:15+00:00\",\"mainEntityOfPage\":{\"@id\":\"https:\\\/\\\/espaicrater.com\\\/es\\\/el-espai-crater-acoge-la-presentacion-de-los-volkis\\\/\"},\"wordCount\":212,\"commentCount\":0,\"publisher\":{\"@id\":\"https:\\\/\\\/espaicrater.com\\\/#organization\"},\"image\":{\"@id\":\"https:\\\/\\\/espaicrater.com\\\/es\\\/el-espai-crater-acoge-la-presentacion-de-los-volkis\\\/#primaryimage\"},\"thumbnailUrl\":\"https:\\\/\\\/espaicrater.com\\\/app\\\/uploads\\\/2023\\\/02\\\/DSC06520-1-scaled.jpg\",\"inLanguage\":\"es\",\"potentialAction\":[{\"@type\":\"CommentAction\",\"name\":\"Comment\",\"target\":[\"https:\\\/\\\/espaicrater.com\\\/es\\\/el-espai-crater-acoge-la-presentacion-de-los-volkis\\\/#respond\"]}]},{\"@type\":\"WebPage\",\"@id\":\"https:\\\/\\\/espaicrater.com\\\/es\\\/el-espai-crater-acoge-la-presentacion-de-los-volkis\\\/\",\"url\":\"https:\\\/\\\/espaicrater.com\\\/es\\\/el-espai-crater-acoge-la-presentacion-de-los-volkis\\\/\",\"name\":\"El Espai Cr\u00e0ter acoge la presentaci\u00f3n de los Volkis - Espai Cr\u00e0ter\",\"isPartOf\":{\"@id\":\"https:\\\/\\\/espaicrater.com\\\/#website\"},\"primaryImageOfPage\":{\"@id\":\"https:\\\/\\\/espaicrater.com\\\/es\\\/el-espai-crater-acoge-la-presentacion-de-los-volkis\\\/#primaryimage\"},\"image\":{\"@id\":\"https:\\\/\\\/espaicrater.com\\\/es\\\/el-espai-crater-acoge-la-presentacion-de-los-volkis\\\/#primaryimage\"},\"thumbnailUrl\":\"https:\\\/\\\/espaicrater.com\\\/app\\\/uploads\\\/2023\\\/02\\\/DSC06520-1-scaled.jpg\",\"datePublished\":\"2023-02-07T15:47:58+00:00\",\"dateModified\":\"2023-02-07T16:38:15+00:00\",\"description\":\"El pasado s\u00e1bado, 7 de enero, los creadores de \u2018Descubre los volcanes\u2019 dieron a conocer su publicaci\u00f3n en la Sala Magma del centro\",\"breadcrumb\":{\"@id\":\"https:\\\/\\\/espaicrater.com\\\/es\\\/el-espai-crater-acoge-la-presentacion-de-los-volkis\\\/#breadcrumb\"},\"inLanguage\":\"es\",\"potentialAction\":[{\"@type\":\"ReadAction\",\"target\":[\"https:\\\/\\\/espaicrater.com\\\/es\\\/el-espai-crater-acoge-la-presentacion-de-los-volkis\\\/\"]}]},{\"@type\":\"ImageObject\",\"inLanguage\":\"es\",\"@id\":\"https:\\\/\\\/espaicrater.com\\\/es\\\/el-espai-crater-acoge-la-presentacion-de-los-volkis\\\/#primaryimage\",\"url\":\"https:\\\/\\\/espaicrater.com\\\/app\\\/uploads\\\/2023\\\/02\\\/DSC06520-1-scaled.jpg\",\"contentUrl\":\"https:\\\/\\\/espaicrater.com\\\/app\\\/uploads\\\/2023\\\/02\\\/DSC06520-1-scaled.jpg\",\"width\":2560,\"height\":1707},{\"@type\":\"BreadcrumbList\",\"@id\":\"https:\\\/\\\/espaicrater.com\\\/es\\\/el-espai-crater-acoge-la-presentacion-de-los-volkis\\\/#breadcrumb\",\"itemListElement\":[{\"@type\":\"ListItem\",\"position\":1,\"name\":\"Inicio\",\"item\":\"https:\\\/\\\/espaicrater.com\\\/es\\\/\"},{\"@type\":\"ListItem\",\"position\":2,\"name\":\"El Espai Cr\u00e0ter acoge la presentaci\u00f3n de los Volkis\"}]},{\"@type\":\"WebSite\",\"@id\":\"https:\\\/\\\/espaicrater.com\\\/#website\",\"url\":\"https:\\\/\\\/espaicrater.com\\\/\",\"name\":\"Espai Cr\u00e0ter\",\"description\":\"Viatge al centre de la vida\",\"publisher\":{\"@id\":\"https:\\\/\\\/espaicrater.com\\\/#organization\"},\"potentialAction\":[{\"@type\":\"SearchAction\",\"target\":{\"@type\":\"EntryPoint\",\"urlTemplate\":\"https:\\\/\\\/espaicrater.com\\\/?s={search_term_string}\"},\"query-input\":{\"@type\":\"PropertyValueSpecification\",\"valueRequired\":true,\"valueName\":\"search_term_string\"}}],\"inLanguage\":\"es\"},{\"@type\":\"Organization\",\"@id\":\"https:\\\/\\\/espaicrater.com\\\/#organization\",\"name\":\"Espai Cr\u00e0ter\",\"url\":\"https:\\\/\\\/espaicrater.com\\\/\",\"logo\":{\"@type\":\"ImageObject\",\"inLanguage\":\"es\",\"@id\":\"https:\\\/\\\/espaicrater.com\\\/#\\\/schema\\\/logo\\\/image\\\/\",\"url\":\"https:\\\/\\\/espaicrater.com\\\/app\\\/uploads\\\/2022\\\/02\\\/espai-crater-1.png\",\"contentUrl\":\"https:\\\/\\\/espaicrater.com\\\/app\\\/uploads\\\/2022\\\/02\\\/espai-crater-1.png\",\"width\":801,\"height\":320,\"caption\":\"Espai Cr\u00e0ter\"},\"image\":{\"@id\":\"https:\\\/\\\/espaicrater.com\\\/#\\\/schema\\\/logo\\\/image\\\/\"}},{\"@type\":\"Person\",\"@id\":\"https:\\\/\\\/espaicrater.com\\\/#\\\/schema\\\/person\\\/a48c2f8a557403d7b5f81dc74fe2b085\",\"name\":\"N\u00faria Llop\",\"image\":{\"@type\":\"ImageObject\",\"inLanguage\":\"es\",\"@id\":\"https:\\\/\\\/secure.gravatar.com\\\/avatar\\\/8b04d94749e92b2ed0bb94dd68fd5f53fdbf6a032bec654014ada9a65a590288?s=96&d=mm&r=g\",\"url\":\"https:\\\/\\\/secure.gravatar.com\\\/avatar\\\/8b04d94749e92b2ed0bb94dd68fd5f53fdbf6a032bec654014ada9a65a590288?s=96&d=mm&r=g\",\"contentUrl\":\"https:\\\/\\\/secure.gravatar.com\\\/avatar\\\/8b04d94749e92b2ed0bb94dd68fd5f53fdbf6a032bec654014ada9a65a590288?s=96&d=mm&r=g\",\"caption\":\"N\u00faria Llop\"},\"url\":\"https:\\\/\\\/espaicrater.com\\\/es\\\/author\\\/nuria\\\/\"}]}<\/script>","yoast_head_json":{"title":"El Espai Cr\u00e0ter acoge la presentaci\u00f3n de los Volkis - Espai Cr\u00e0ter","description":"El pasado s\u00e1bado, 7 de enero, los creadores de \u2018Descubre los volcanes\u2019 dieron a conocer su publicaci\u00f3n en la Sala Magma del centro","robots":{"index":"index","follow":"follow","max-snippet":"max-snippet:-1","max-image-preview":"max-image-preview:large","max-video-preview":"max-video-preview:-1"},"canonical":"https:\/\/espaicrater.com\/es\/el-espai-crater-acoge-la-presentacion-de-los-volkis\/","og_locale":"es_ES","og_type":"article","og_title":"El Espai Cr\u00e0ter acoge la presentaci\u00f3n de los Volkis - Espai Cr\u00e0ter","og_description":"El pasado s\u00e1bado, 7 de enero, los creadores de \u2018Descubre los volcanes\u2019 dieron a conocer su publicaci\u00f3n en la Sala Magma del centro","og_url":"https:\/\/espaicrater.com\/es\/el-espai-crater-acoge-la-presentacion-de-los-volkis\/","og_site_name":"Espai Cr\u00e0ter","article_published_time":"2023-02-07T15:47:58+00:00","article_modified_time":"2023-02-07T16:38:15+00:00","og_image":[{"width":2560,"height":1707,"url":"https:\/\/espaicrater.com\/app\/uploads\/2023\/02\/DSC06520-1-scaled.jpg","type":"image\/jpeg"}],"author":"N\u00faria Llop","twitter_card":"summary_large_image","twitter_misc":{"Escrito por":"N\u00faria Llop","Tiempo de lectura":"1 minuto"},"schema":{"@context":"https:\/\/schema.org","@graph":[{"@type":"Article","@id":"https:\/\/espaicrater.com\/es\/el-espai-crater-acoge-la-presentacion-de-los-volkis\/#article","isPartOf":{"@id":"https:\/\/espaicrater.com\/es\/el-espai-crater-acoge-la-presentacion-de-los-volkis\/"},"author":{"name":"N\u00faria Llop","@id":"https:\/\/espaicrater.com\/#\/schema\/person\/a48c2f8a557403d7b5f81dc74fe2b085"},"headline":"El Espai Cr\u00e0ter acoge la presentaci\u00f3n de los Volkis","datePublished":"2023-02-07T15:47:58+00:00","dateModified":"2023-02-07T16:38:15+00:00","mainEntityOfPage":{"@id":"https:\/\/espaicrater.com\/es\/el-espai-crater-acoge-la-presentacion-de-los-volkis\/"},"wordCount":212,"commentCount":0,"publisher":{"@id":"https:\/\/espaicrater.com\/#organization"},"image":{"@id":"https:\/\/espaicrater.com\/es\/el-espai-crater-acoge-la-presentacion-de-los-volkis\/#primaryimage"},"thumbnailUrl":"https:\/\/espaicrater.com\/app\/uploads\/2023\/02\/DSC06520-1-scaled.jpg","inLanguage":"es","potentialAction":[{"@type":"CommentAction","name":"Comment","target":["https:\/\/espaicrater.com\/es\/el-espai-crater-acoge-la-presentacion-de-los-volkis\/#respond"]}]},{"@type":"WebPage","@id":"https:\/\/espaicrater.com\/es\/el-espai-crater-acoge-la-presentacion-de-los-volkis\/","url":"https:\/\/espaicrater.com\/es\/el-espai-crater-acoge-la-presentacion-de-los-volkis\/","name":"El Espai Cr\u00e0ter acoge la presentaci\u00f3n de los Volkis - Espai Cr\u00e0ter","isPartOf":{"@id":"https:\/\/espaicrater.com\/#website"},"primaryImageOfPage":{"@id":"https:\/\/espaicrater.com\/es\/el-espai-crater-acoge-la-presentacion-de-los-volkis\/#primaryimage"},"image":{"@id":"https:\/\/espaicrater.com\/es\/el-espai-crater-acoge-la-presentacion-de-los-volkis\/#primaryimage"},"thumbnailUrl":"https:\/\/espaicrater.com\/app\/uploads\/2023\/02\/DSC06520-1-scaled.jpg","datePublished":"2023-02-07T15:47:58+00:00","dateModified":"2023-02-07T16:38:15+00:00","description":"El pasado s\u00e1bado, 7 de enero, los creadores de \u2018Descubre los volcanes\u2019 dieron a conocer su publicaci\u00f3n en la Sala Magma del centro","breadcrumb":{"@id":"https:\/\/espaicrater.com\/es\/el-espai-crater-acoge-la-presentacion-de-los-volkis\/#breadcrumb"},"inLanguage":"es","potentialAction":[{"@type":"ReadAction","target":["https:\/\/espaicrater.com\/es\/el-espai-crater-acoge-la-presentacion-de-los-volkis\/"]}]},{"@type":"ImageObject","inLanguage":"es","@id":"https:\/\/espaicrater.com\/es\/el-espai-crater-acoge-la-presentacion-de-los-volkis\/#primaryimage","url":"https:\/\/espaicrater.com\/app\/uploads\/2023\/02\/DSC06520-1-scaled.jpg","contentUrl":"https:\/\/espaicrater.com\/app\/uploads\/2023\/02\/DSC06520-1-scaled.jpg","width":2560,"height":1707},{"@type":"BreadcrumbList","@id":"https:\/\/espaicrater.com\/es\/el-espai-crater-acoge-la-presentacion-de-los-volkis\/#breadcrumb","itemListElement":[{"@type":"ListItem","position":1,"name":"Inicio","item":"https:\/\/espaicrater.com\/es\/"},{"@type":"ListItem","position":2,"name":"El Espai Cr\u00e0ter acoge la presentaci\u00f3n de los Volkis"}]},{"@type":"WebSite","@id":"https:\/\/espaicrater.com\/#website","url":"https:\/\/espaicrater.com\/","name":"Espai Cr\u00e0ter","description":"Viatge al centre de la vida","publisher":{"@id":"https:\/\/espaicrater.com\/#organization"},"potentialAction":[{"@type":"SearchAction","target":{"@type":"EntryPoint","urlTemplate":"https:\/\/espaicrater.com\/?s={search_term_string}"},"query-input":{"@type":"PropertyValueSpecification","valueRequired":true,"valueName":"search_term_string"}}],"inLanguage":"es"},{"@type":"Organization","@id":"https:\/\/espaicrater.com\/#organization","name":"Espai Cr\u00e0ter","url":"https:\/\/espaicrater.com\/","logo":{"@type":"ImageObject","inLanguage":"es","@id":"https:\/\/espaicrater.com\/#\/schema\/logo\/image\/","url":"https:\/\/espaicrater.com\/app\/uploads\/2022\/02\/espai-crater-1.png","contentUrl":"https:\/\/espaicrater.com\/app\/uploads\/2022\/02\/espai-crater-1.png","width":801,"height":320,"caption":"Espai Cr\u00e0ter"},"image":{"@id":"https:\/\/espaicrater.com\/#\/schema\/logo\/image\/"}},{"@type":"Person","@id":"https:\/\/espaicrater.com\/#\/schema\/person\/a48c2f8a557403d7b5f81dc74fe2b085","name":"N\u00faria Llop","image":{"@type":"ImageObject","inLanguage":"es","@id":"https:\/\/secure.gravatar.com\/avatar\/8b04d94749e92b2ed0bb94dd68fd5f53fdbf6a032bec654014ada9a65a590288?s=96&d=mm&r=g","url":"https:\/\/secure.gravatar.com\/avatar\/8b04d94749e92b2ed0bb94dd68fd5f53fdbf6a032bec654014ada9a65a590288?s=96&d=mm&r=g","contentUrl":"https:\/\/secure.gravatar.com\/avatar\/8b04d94749e92b2ed0bb94dd68fd5f53fdbf6a032bec654014ada9a65a590288?s=96&d=mm&r=g","caption":"N\u00faria Llop"},"url":"https:\/\/espaicrater.com\/es\/author\/nuria\/"}]}},"_links":{"self":[{"href":"https:\/\/espaicrater.com\/es\/wp-json\/wp\/v2\/posts\/4316","targetHints":{"allow":["GET"]}}],"collection":[{"href":"https:\/\/espaicrater.com\/es\/wp-json\/wp\/v2\/posts"}],"about":[{"href":"https:\/\/espaicrater.com\/es\/wp-json\/wp\/v2\/types\/post"}],"author":[{"embeddable":true,"href":"https:\/\/espaicrater.com\/es\/wp-json\/wp\/v2\/users\/2"}],"replies":[{"embeddable":true,"href":"https:\/\/espaicrater.com\/es\/wp-json\/wp\/v2\/comments?post=4316"}],"version-history":[{"count":5,"href":"https:\/\/espaicrater.com\/es\/wp-json\/wp\/v2\/posts\/4316\/revisions"}],"predecessor-version":[{"id":4327,"href":"https:\/\/espaicrater.com\/es\/wp-json\/wp\/v2\/posts\/4316\/revisions\/4327"}],"wp:featuredmedia":[{"embeddable":true,"href":"https:\/\/espaicrater.com\/es\/wp-json\/wp\/v2\/media\/4317"}],"wp:attachment":[{"href":"https:\/\/espaicrater.com\/es\/wp-json\/wp\/v2\/media?parent=4316"}],"curies":[{"name":"wp","href":"https:\/\/api.w.org\/{rel}","templated":true}]}}