{"id":5834,"date":"2023-06-21T11:57:34","date_gmt":"2023-06-21T09:57:34","guid":{"rendered":"https:\/\/espaicrater.com\/estrenem-tallers-familiars-estiu\/"},"modified":"2023-06-21T12:05:53","modified_gmt":"2023-06-21T10:05:53","slug":"estrenem-tallers-familiars-estiu","status":"publish","type":"post","link":"https:\/\/espaicrater.com\/es\/estrenem-tallers-familiars-estiu\/","title":{"rendered":"Estrenamos los talleres familiares de verano"},"content":{"rendered":"\n<p>Con la llegada del verano, hemos preparado dos nuevos talleres familiares para divulgar la ciencia entre los ni\u00f1os.<\/p>\n\n\n\n<p>Para los ni\u00f1os de entre 4 y 8 a\u00f1os haremos \u201c<strong>\u00a1Mi casa es un volc\u00e1n!<\/strong>\u201d, un taller para descubrir qu\u00e9 plantas y animales viven en nuestro entorno m\u00e1s cercano. Exploraremos la geolog\u00eda, la fauna y la flora local, y la observaremos con lupas y microscopios. Despu\u00e9s, haremos un comedero para p\u00e1jaros para colaborar en la conservaci\u00f3n de la biodiversidad desde nuestros patios y balcones.<\/p>\n\n\n\n<p>En el segundo taller de este verano los protagonistas ser\u00e1n los &#8216;tossols&#8217;. Descubriremos qu\u00e9 son recreando la formaci\u00f3n de este relieve que da identidad a lugares tan singulares como &#8216; la fageda d&#8217;en Jord\u00e0&#8217; o el parque de Pedra Tosca. Despu\u00e9s, en el laboratorio, descubriremos las caracter\u00edsticas de la &#8216;pedra tosca&#8217; para ver c\u00f3mo los habitantes de la Garrotxa la utilizaban para construir. \u00abLos &#8216;tossols&#8217;, erupciones en las coladas\u00bb es una actividad recomendada para familias con ni\u00f1os de entre 5 y 10 a\u00f1os.<\/p>\n\n\n\n<p>El precio es de 5 \u20ac por ni\u00f1o y puede reservar las entradas <a href=\"https:\/\/tickets.espaicrater.com\/es\/800-entrades\/4784-activitats-familiars\/info\">aqu\u00ed<\/a>.<\/p>\n\n\n\n<p>Extensa programaci\u00f3n de visitas guiadas al Espai Cr\u00e0ter y al volc\u00e1n del Montsacopa<\/p>\n\n\n\n<p>Coincidiendo con el per\u00edodo de vacaciones escolares, hemos aumentado la programaci\u00f3n de visitas guiadas a la exposici\u00f3n sobre vulcanolog\u00eda y al volc\u00e1n del Montsacopa. Para los meses de julio, agosto y septiembre hemos previsto una cuarentena de visitas comentadas por el servicio educativo.<\/p>\n\n\n\n<p>Con la visita al Espai Cr\u00e0ter, descubrir\u00e1 los volcanes de la Garrotxa y del mundo a trav\u00e9s de audiovisuales, experiencias inmersivas, realidad virtual, ludificaci\u00f3n y videomapaje. Con la visita al volc\u00e1n del Montsacopa, pisar\u00e1 el cr\u00e1ter y aprender\u00e1 cu\u00e1l ha sido su actividad volc\u00e1nica, cu\u00e1les son sus materiales y sus caracter\u00edsticas.<\/p>\n\n\n\n<p>Consulte toda la programaci\u00f3n <a href=\"https:\/\/espaicrater.com\/es\/actividades\/\">aqu\u00ed<\/a>.<\/p>\n","protected":false},"excerpt":{"rendered":"<p>Con la llegada del verano, hemos preparado dos nuevos talleres familiares para divulgar la ciencia entre los ni\u00f1os. Para los ni\u00f1os de entre 4 y 8 a\u00f1os haremos \u201c\u00a1Mi casa es un volc\u00e1n!\u201d, un taller para descubrir qu\u00e9 plantas y animales viven en nuestro entorno m\u00e1s cercano. Exploraremos la geolog\u00eda, la fauna y la flora &hellip; <a href=\"https:\/\/espaicrater.com\/es\/estrenem-tallers-familiars-estiu\/\">Continued<\/a><\/p>\n","protected":false},"author":2,"featured_media":5760,"comment_status":"open","ping_status":"open","sticky":false,"template":"","format":"standard","meta":{"_acf_changed":false,"footnotes":""},"class_list":["post-5834","post","type-post","status-publish","format-standard","has-post-thumbnail","hentry"],"acf":[],"yoast_head":"<title>Estrenamos los talleres familiares de verano - Espai Cr\u00e0ter<\/title>\n<meta name=\"description\" content=\"Amb l\u2019arribada de l\u2019estiu, ja tenim a punt dos nous tallers familiars. Com cada trimestre, us proposem activitats per divulgar la ci\u00e8ncia...\" \/>\n<meta name=\"robots\" content=\"index, follow, max-snippet:-1, max-image-preview:large, max-video-preview:-1\" \/>\n<link rel=\"canonical\" href=\"https:\/\/espaicrater.com\/es\/estrenem-tallers-familiars-estiu\/\" \/>\n<meta property=\"og:locale\" content=\"es_ES\" \/>\n<meta property=\"og:type\" content=\"article\" \/>\n<meta property=\"og:title\" content=\"Estrenamos los talleres familiares de verano - Espai Cr\u00e0ter\" \/>\n<meta property=\"og:description\" content=\"Amb l\u2019arribada de l\u2019estiu, ja tenim a punt dos nous tallers familiars. Com cada trimestre, us proposem activitats per divulgar la ci\u00e8ncia...\" \/>\n<meta property=\"og:url\" content=\"https:\/\/espaicrater.com\/es\/estrenem-tallers-familiars-estiu\/\" \/>\n<meta property=\"og:site_name\" content=\"Espai Cr\u00e0ter\" \/>\n<meta property=\"article:published_time\" content=\"2023-06-21T09:57:34+00:00\" \/>\n<meta property=\"article:modified_time\" content=\"2023-06-21T10:05:53+00:00\" \/>\n<meta property=\"og:image\" content=\"https:\/\/espaicrater.com\/app\/uploads\/2023\/06\/Taller-casa-meva-es-un-volca-5-1-scaled.jpg\" \/>\n\t<meta property=\"og:image:width\" content=\"1\" \/>\n\t<meta property=\"og:image:height\" content=\"1\" \/>\n\t<meta property=\"og:image:type\" content=\"image\/jpeg\" \/>\n<meta name=\"author\" content=\"N\u00faria Llop\" \/>\n<meta name=\"twitter:card\" content=\"summary_large_image\" \/>\n<meta name=\"twitter:label1\" content=\"Escrito por\" \/>\n\t<meta name=\"twitter:data1\" content=\"N\u00faria Llop\" \/>\n\t<meta name=\"twitter:label2\" content=\"Tiempo de lectura\" \/>\n\t<meta name=\"twitter:data2\" content=\"2 minutos\" \/>\n<script type=\"application\/ld+json\" class=\"yoast-schema-graph\">{\"@context\":\"https:\\\/\\\/schema.org\",\"@graph\":[{\"@type\":\"Article\",\"@id\":\"https:\\\/\\\/espaicrater.com\\\/es\\\/estrenem-tallers-familiars-estiu\\\/#article\",\"isPartOf\":{\"@id\":\"https:\\\/\\\/espaicrater.com\\\/es\\\/estrenem-tallers-familiars-estiu\\\/\"},\"author\":{\"name\":\"N\u00faria Llop\",\"@id\":\"https:\\\/\\\/espaicrater.com\\\/#\\\/schema\\\/person\\\/a48c2f8a557403d7b5f81dc74fe2b085\"},\"headline\":\"Estrenamos los talleres familiares de verano\",\"datePublished\":\"2023-06-21T09:57:34+00:00\",\"dateModified\":\"2023-06-21T10:05:53+00:00\",\"mainEntityOfPage\":{\"@id\":\"https:\\\/\\\/espaicrater.com\\\/es\\\/estrenem-tallers-familiars-estiu\\\/\"},\"wordCount\":327,\"commentCount\":0,\"publisher\":{\"@id\":\"https:\\\/\\\/espaicrater.com\\\/#organization\"},\"image\":{\"@id\":\"https:\\\/\\\/espaicrater.com\\\/es\\\/estrenem-tallers-familiars-estiu\\\/#primaryimage\"},\"thumbnailUrl\":\"https:\\\/\\\/espaicrater.com\\\/app\\\/uploads\\\/2023\\\/06\\\/Taller-casa-meva-es-un-volca-5-1-scaled.jpg\",\"inLanguage\":\"es\",\"potentialAction\":[{\"@type\":\"CommentAction\",\"name\":\"Comment\",\"target\":[\"https:\\\/\\\/espaicrater.com\\\/es\\\/estrenem-tallers-familiars-estiu\\\/#respond\"]}]},{\"@type\":\"WebPage\",\"@id\":\"https:\\\/\\\/espaicrater.com\\\/es\\\/estrenem-tallers-familiars-estiu\\\/\",\"url\":\"https:\\\/\\\/espaicrater.com\\\/es\\\/estrenem-tallers-familiars-estiu\\\/\",\"name\":\"Estrenamos los talleres familiares de verano - Espai Cr\u00e0ter\",\"isPartOf\":{\"@id\":\"https:\\\/\\\/espaicrater.com\\\/#website\"},\"primaryImageOfPage\":{\"@id\":\"https:\\\/\\\/espaicrater.com\\\/es\\\/estrenem-tallers-familiars-estiu\\\/#primaryimage\"},\"image\":{\"@id\":\"https:\\\/\\\/espaicrater.com\\\/es\\\/estrenem-tallers-familiars-estiu\\\/#primaryimage\"},\"thumbnailUrl\":\"https:\\\/\\\/espaicrater.com\\\/app\\\/uploads\\\/2023\\\/06\\\/Taller-casa-meva-es-un-volca-5-1-scaled.jpg\",\"datePublished\":\"2023-06-21T09:57:34+00:00\",\"dateModified\":\"2023-06-21T10:05:53+00:00\",\"description\":\"Amb l\u2019arribada de l\u2019estiu, ja tenim a punt dos nous tallers familiars. Com cada trimestre, us proposem activitats per divulgar la ci\u00e8ncia...\",\"breadcrumb\":{\"@id\":\"https:\\\/\\\/espaicrater.com\\\/es\\\/estrenem-tallers-familiars-estiu\\\/#breadcrumb\"},\"inLanguage\":\"es\",\"potentialAction\":[{\"@type\":\"ReadAction\",\"target\":[\"https:\\\/\\\/espaicrater.com\\\/es\\\/estrenem-tallers-familiars-estiu\\\/\"]}]},{\"@type\":\"ImageObject\",\"inLanguage\":\"es\",\"@id\":\"https:\\\/\\\/espaicrater.com\\\/es\\\/estrenem-tallers-familiars-estiu\\\/#primaryimage\",\"url\":\"https:\\\/\\\/espaicrater.com\\\/app\\\/uploads\\\/2023\\\/06\\\/Taller-casa-meva-es-un-volca-5-1-scaled.jpg\",\"contentUrl\":\"https:\\\/\\\/espaicrater.com\\\/app\\\/uploads\\\/2023\\\/06\\\/Taller-casa-meva-es-un-volca-5-1-scaled.jpg\"},{\"@type\":\"BreadcrumbList\",\"@id\":\"https:\\\/\\\/espaicrater.com\\\/es\\\/estrenem-tallers-familiars-estiu\\\/#breadcrumb\",\"itemListElement\":[{\"@type\":\"ListItem\",\"position\":1,\"name\":\"Inicio\",\"item\":\"https:\\\/\\\/espaicrater.com\\\/es\\\/\"},{\"@type\":\"ListItem\",\"position\":2,\"name\":\"Estrenamos los talleres familiares de verano\"}]},{\"@type\":\"WebSite\",\"@id\":\"https:\\\/\\\/espaicrater.com\\\/#website\",\"url\":\"https:\\\/\\\/espaicrater.com\\\/\",\"name\":\"Espai Cr\u00e0ter\",\"description\":\"Viatge al centre de la vida\",\"publisher\":{\"@id\":\"https:\\\/\\\/espaicrater.com\\\/#organization\"},\"potentialAction\":[{\"@type\":\"SearchAction\",\"target\":{\"@type\":\"EntryPoint\",\"urlTemplate\":\"https:\\\/\\\/espaicrater.com\\\/?s={search_term_string}\"},\"query-input\":{\"@type\":\"PropertyValueSpecification\",\"valueRequired\":true,\"valueName\":\"search_term_string\"}}],\"inLanguage\":\"es\"},{\"@type\":\"Organization\",\"@id\":\"https:\\\/\\\/espaicrater.com\\\/#organization\",\"name\":\"Espai Cr\u00e0ter\",\"url\":\"https:\\\/\\\/espaicrater.com\\\/\",\"logo\":{\"@type\":\"ImageObject\",\"inLanguage\":\"es\",\"@id\":\"https:\\\/\\\/espaicrater.com\\\/#\\\/schema\\\/logo\\\/image\\\/\",\"url\":\"https:\\\/\\\/espaicrater.com\\\/app\\\/uploads\\\/2022\\\/02\\\/espai-crater-1.png\",\"contentUrl\":\"https:\\\/\\\/espaicrater.com\\\/app\\\/uploads\\\/2022\\\/02\\\/espai-crater-1.png\",\"width\":801,\"height\":320,\"caption\":\"Espai Cr\u00e0ter\"},\"image\":{\"@id\":\"https:\\\/\\\/espaicrater.com\\\/#\\\/schema\\\/logo\\\/image\\\/\"}},{\"@type\":\"Person\",\"@id\":\"https:\\\/\\\/espaicrater.com\\\/#\\\/schema\\\/person\\\/a48c2f8a557403d7b5f81dc74fe2b085\",\"name\":\"N\u00faria Llop\",\"image\":{\"@type\":\"ImageObject\",\"inLanguage\":\"es\",\"@id\":\"https:\\\/\\\/secure.gravatar.com\\\/avatar\\\/8b04d94749e92b2ed0bb94dd68fd5f53fdbf6a032bec654014ada9a65a590288?s=96&d=mm&r=g\",\"url\":\"https:\\\/\\\/secure.gravatar.com\\\/avatar\\\/8b04d94749e92b2ed0bb94dd68fd5f53fdbf6a032bec654014ada9a65a590288?s=96&d=mm&r=g\",\"contentUrl\":\"https:\\\/\\\/secure.gravatar.com\\\/avatar\\\/8b04d94749e92b2ed0bb94dd68fd5f53fdbf6a032bec654014ada9a65a590288?s=96&d=mm&r=g\",\"caption\":\"N\u00faria Llop\"},\"url\":\"https:\\\/\\\/espaicrater.com\\\/es\\\/author\\\/nuria\\\/\"}]}<\/script>","yoast_head_json":{"title":"Estrenamos los talleres familiares de verano - Espai Cr\u00e0ter","description":"Amb l\u2019arribada de l\u2019estiu, ja tenim a punt dos nous tallers familiars. Com cada trimestre, us proposem activitats per divulgar la ci\u00e8ncia...","robots":{"index":"index","follow":"follow","max-snippet":"max-snippet:-1","max-image-preview":"max-image-preview:large","max-video-preview":"max-video-preview:-1"},"canonical":"https:\/\/espaicrater.com\/es\/estrenem-tallers-familiars-estiu\/","og_locale":"es_ES","og_type":"article","og_title":"Estrenamos los talleres familiares de verano - Espai Cr\u00e0ter","og_description":"Amb l\u2019arribada de l\u2019estiu, ja tenim a punt dos nous tallers familiars. Com cada trimestre, us proposem activitats per divulgar la ci\u00e8ncia...","og_url":"https:\/\/espaicrater.com\/es\/estrenem-tallers-familiars-estiu\/","og_site_name":"Espai Cr\u00e0ter","article_published_time":"2023-06-21T09:57:34+00:00","article_modified_time":"2023-06-21T10:05:53+00:00","og_image":[{"url":"https:\/\/espaicrater.com\/app\/uploads\/2023\/06\/Taller-casa-meva-es-un-volca-5-1-scaled.jpg","width":1,"height":1,"type":"image\/jpeg"}],"author":"N\u00faria Llop","twitter_card":"summary_large_image","twitter_misc":{"Escrito por":"N\u00faria Llop","Tiempo de lectura":"2 minutos"},"schema":{"@context":"https:\/\/schema.org","@graph":[{"@type":"Article","@id":"https:\/\/espaicrater.com\/es\/estrenem-tallers-familiars-estiu\/#article","isPartOf":{"@id":"https:\/\/espaicrater.com\/es\/estrenem-tallers-familiars-estiu\/"},"author":{"name":"N\u00faria Llop","@id":"https:\/\/espaicrater.com\/#\/schema\/person\/a48c2f8a557403d7b5f81dc74fe2b085"},"headline":"Estrenamos los talleres familiares de verano","datePublished":"2023-06-21T09:57:34+00:00","dateModified":"2023-06-21T10:05:53+00:00","mainEntityOfPage":{"@id":"https:\/\/espaicrater.com\/es\/estrenem-tallers-familiars-estiu\/"},"wordCount":327,"commentCount":0,"publisher":{"@id":"https:\/\/espaicrater.com\/#organization"},"image":{"@id":"https:\/\/espaicrater.com\/es\/estrenem-tallers-familiars-estiu\/#primaryimage"},"thumbnailUrl":"https:\/\/espaicrater.com\/app\/uploads\/2023\/06\/Taller-casa-meva-es-un-volca-5-1-scaled.jpg","inLanguage":"es","potentialAction":[{"@type":"CommentAction","name":"Comment","target":["https:\/\/espaicrater.com\/es\/estrenem-tallers-familiars-estiu\/#respond"]}]},{"@type":"WebPage","@id":"https:\/\/espaicrater.com\/es\/estrenem-tallers-familiars-estiu\/","url":"https:\/\/espaicrater.com\/es\/estrenem-tallers-familiars-estiu\/","name":"Estrenamos los talleres familiares de verano - Espai Cr\u00e0ter","isPartOf":{"@id":"https:\/\/espaicrater.com\/#website"},"primaryImageOfPage":{"@id":"https:\/\/espaicrater.com\/es\/estrenem-tallers-familiars-estiu\/#primaryimage"},"image":{"@id":"https:\/\/espaicrater.com\/es\/estrenem-tallers-familiars-estiu\/#primaryimage"},"thumbnailUrl":"https:\/\/espaicrater.com\/app\/uploads\/2023\/06\/Taller-casa-meva-es-un-volca-5-1-scaled.jpg","datePublished":"2023-06-21T09:57:34+00:00","dateModified":"2023-06-21T10:05:53+00:00","description":"Amb l\u2019arribada de l\u2019estiu, ja tenim a punt dos nous tallers familiars. Com cada trimestre, us proposem activitats per divulgar la ci\u00e8ncia...","breadcrumb":{"@id":"https:\/\/espaicrater.com\/es\/estrenem-tallers-familiars-estiu\/#breadcrumb"},"inLanguage":"es","potentialAction":[{"@type":"ReadAction","target":["https:\/\/espaicrater.com\/es\/estrenem-tallers-familiars-estiu\/"]}]},{"@type":"ImageObject","inLanguage":"es","@id":"https:\/\/espaicrater.com\/es\/estrenem-tallers-familiars-estiu\/#primaryimage","url":"https:\/\/espaicrater.com\/app\/uploads\/2023\/06\/Taller-casa-meva-es-un-volca-5-1-scaled.jpg","contentUrl":"https:\/\/espaicrater.com\/app\/uploads\/2023\/06\/Taller-casa-meva-es-un-volca-5-1-scaled.jpg"},{"@type":"BreadcrumbList","@id":"https:\/\/espaicrater.com\/es\/estrenem-tallers-familiars-estiu\/#breadcrumb","itemListElement":[{"@type":"ListItem","position":1,"name":"Inicio","item":"https:\/\/espaicrater.com\/es\/"},{"@type":"ListItem","position":2,"name":"Estrenamos los talleres familiares de verano"}]},{"@type":"WebSite","@id":"https:\/\/espaicrater.com\/#website","url":"https:\/\/espaicrater.com\/","name":"Espai Cr\u00e0ter","description":"Viatge al centre de la vida","publisher":{"@id":"https:\/\/espaicrater.com\/#organization"},"potentialAction":[{"@type":"SearchAction","target":{"@type":"EntryPoint","urlTemplate":"https:\/\/espaicrater.com\/?s={search_term_string}"},"query-input":{"@type":"PropertyValueSpecification","valueRequired":true,"valueName":"search_term_string"}}],"inLanguage":"es"},{"@type":"Organization","@id":"https:\/\/espaicrater.com\/#organization","name":"Espai Cr\u00e0ter","url":"https:\/\/espaicrater.com\/","logo":{"@type":"ImageObject","inLanguage":"es","@id":"https:\/\/espaicrater.com\/#\/schema\/logo\/image\/","url":"https:\/\/espaicrater.com\/app\/uploads\/2022\/02\/espai-crater-1.png","contentUrl":"https:\/\/espaicrater.com\/app\/uploads\/2022\/02\/espai-crater-1.png","width":801,"height":320,"caption":"Espai Cr\u00e0ter"},"image":{"@id":"https:\/\/espaicrater.com\/#\/schema\/logo\/image\/"}},{"@type":"Person","@id":"https:\/\/espaicrater.com\/#\/schema\/person\/a48c2f8a557403d7b5f81dc74fe2b085","name":"N\u00faria Llop","image":{"@type":"ImageObject","inLanguage":"es","@id":"https:\/\/secure.gravatar.com\/avatar\/8b04d94749e92b2ed0bb94dd68fd5f53fdbf6a032bec654014ada9a65a590288?s=96&d=mm&r=g","url":"https:\/\/secure.gravatar.com\/avatar\/8b04d94749e92b2ed0bb94dd68fd5f53fdbf6a032bec654014ada9a65a590288?s=96&d=mm&r=g","contentUrl":"https:\/\/secure.gravatar.com\/avatar\/8b04d94749e92b2ed0bb94dd68fd5f53fdbf6a032bec654014ada9a65a590288?s=96&d=mm&r=g","caption":"N\u00faria Llop"},"url":"https:\/\/espaicrater.com\/es\/author\/nuria\/"}]}},"_links":{"self":[{"href":"https:\/\/espaicrater.com\/es\/wp-json\/wp\/v2\/posts\/5834","targetHints":{"allow":["GET"]}}],"collection":[{"href":"https:\/\/espaicrater.com\/es\/wp-json\/wp\/v2\/posts"}],"about":[{"href":"https:\/\/espaicrater.com\/es\/wp-json\/wp\/v2\/types\/post"}],"author":[{"embeddable":true,"href":"https:\/\/espaicrater.com\/es\/wp-json\/wp\/v2\/users\/2"}],"replies":[{"embeddable":true,"href":"https:\/\/espaicrater.com\/es\/wp-json\/wp\/v2\/comments?post=5834"}],"version-history":[{"count":2,"href":"https:\/\/espaicrater.com\/es\/wp-json\/wp\/v2\/posts\/5834\/revisions"}],"predecessor-version":[{"id":5837,"href":"https:\/\/espaicrater.com\/es\/wp-json\/wp\/v2\/posts\/5834\/revisions\/5837"}],"wp:featuredmedia":[{"embeddable":true,"href":"https:\/\/espaicrater.com\/es\/wp-json\/wp\/v2\/media\/5760"}],"wp:attachment":[{"href":"https:\/\/espaicrater.com\/es\/wp-json\/wp\/v2\/media?parent=5834"}],"curies":[{"name":"wp","href":"https:\/\/api.w.org\/{rel}","templated":true}]}}