{"id":8008,"date":"2024-01-19T09:00:47","date_gmt":"2024-01-19T08:00:47","guid":{"rendered":"https:\/\/espaicrater.com\/?p=8008"},"modified":"2024-01-19T09:57:30","modified_gmt":"2024-01-19T08:57:30","slug":"el-espai-crater-inicia-la-programacion-de-invierno","status":"publish","type":"post","link":"https:\/\/espaicrater.com\/es\/el-espai-crater-inicia-la-programacion-de-invierno\/","title":{"rendered":"El Espai Cr\u00e0ter inicia la programaci\u00f3n de invierno, que incluye una actividad especial para el D\u00eda de las Mujeres y las Ni\u00f1as en la Ciencia"},"content":{"rendered":"\n<p><strong>\u00a1De enero a marzo tambi\u00e9n habr\u00e1 nuevos talleres familiares, ciencia en los barrios, cine, conferencias, visitas guiadas y mucho m\u00e1s!<\/strong><\/p>\n\n\n\n<p>El Espai Cr\u00e0ter ha comenzado en 2024 con nuevas propuestas. Tras agotar todas las plazas de la primera edici\u00f3n del casal volc\u00e1nico durante las vacaciones de Navidad, el pasado fin de semana el centro dio el pistoletazo de salida a la programaci\u00f3n de invierno, que se alargar\u00e1 hasta Semana Santa. <\/p>\n\n\n\n<p>La primera actividad fue el taller familiar <strong>Pintamos con minerales<\/strong>, uno de los estrenos de este trimestre que complet\u00f3 el aforo. Ni\u00f1os de entre 4 y 9 a\u00f1os, acompa\u00f1ados de sus familias, aprendieron a fabricar pinturas con pigmentos minerales para crear su cuadro y llev\u00e1rselo a casa. <\/p>\n\n\n\n<p>El otro taller de este trimestre es<strong> \u00bfC\u00f3mo nace un volc\u00e1n?<\/strong>, recomendado para familias con ni\u00f1os de entre 8 y 13 a\u00f1os, que empezar\u00e1 el s\u00e1bado 27 de enero. En esta actividad, los asistentes realizar\u00e1n una maqueta del interior de la Tierra, utilizar\u00e1n los f\u00f3siles para entender la teor\u00eda de la deriva continental y, finalmente, simular\u00e1n los movimientos de las placas con una prensa para entender por qu\u00e9 se crea un volc\u00e1n.<\/p>\n\n\n\n<p><strong>Cuentos por el D\u00eda Internacional de las Mujeres y Ni\u00f1as en la Ciencia<\/strong> <\/p>\n\n\n\n<p>Una de las propuestas m\u00e1s especiales de la nueva programaci\u00f3n conmemorar\u00e1 el D\u00eda Internacional de las Mujeres y Ni\u00f1as en la Ciencia, el domingo 11 de febrero. <strong>En esta ocasi\u00f3n, el Espai Cr\u00e0ter ha programado la sesi\u00f3n <em>Pionera ingeniera y otras cient\u00edficas<\/em>.<\/strong> <\/p>\n\n\n\n<p>La cuentacuentos Gisela Llimona nos descubrir\u00e1 qui\u00e9n es Rosa Pionera, una ni\u00f1a que so\u00f1aba con que ser\u00eda una gran ingeniera&#8230; Adem\u00e1s, podremos ver que hay un mont\u00f3n de mujeres cient\u00edficas que nos han facilitado, y mucho, la vida. Es una actividad gratuita que empezar\u00e1 a las 11 de la ma\u00f1ana en la Zona S\u00edsmica del Espai Cr\u00e0ter. <\/p>\n\n\n\n<p>Contin\u00faan la <strong>Ciencia en los barrios<\/strong>, el cine y las conferencias Adem\u00e1s, este invierno contin\u00faa el programa de Ciencia en los barrios, con la colaboraci\u00f3n del \u00c1rea de Atenci\u00f3n a la Comunidad del Consorcio de Acci\u00f3n Social de la Garrotxa. El s\u00e1bado 2 de marzo, el Espai Cr\u00e0ter se desplazar\u00e1 al barrio de Sant Roc para realizar experimentos, retos y juegos, y entender c\u00f3mo se han formado y c\u00f3mo se vigilan nuestros volcanes. Una actividad que se inici\u00f3 el pasado a\u00f1o y que, con muy buena acogida. ya ha pasado por los barrios de Sant Miquel, Pek\u00edn, Les Tries-Alba Rosa y Viviendas Garrotxa. <\/p>\n\n\n\n<p>Tambi\u00e9n los meses de enero, febrero y marzo siguen los ciclos <strong>La huella humana y otros animales<\/strong>, con tres nuevas pel\u00edculas que ponen de relieve la intervenci\u00f3n humana en el planeta Tierra y todo lo derivado, y <strong>Los grandes interrogantes de la ciencia<\/strong>, con otras cuatro conferencias sobre temas cient\u00edficos y tecnol\u00f3gicos de actualidad. <\/p>\n\n\n\n<p>Consulte <a href=\"https:\/\/espaicrater.com\/app\/uploads\/2024\/01\/PROGRAMACIO-HIVERN-2024-EC.pdf\">toda la programaci\u00f3n<\/a>. <\/p>\n\n\n\n<p>Haga clic <a href=\"https:\/\/tickets.espaicrater.com\/es\/\">aqu\u00ed <\/a>para comprar sus entradas.<\/p>\n","protected":false},"excerpt":{"rendered":"<p>\u00a1De enero a marzo tambi\u00e9n habr\u00e1 nuevos talleres familiares, ciencia en los barrios, cine, conferencias, visitas guiadas y mucho m\u00e1s! El Espai Cr\u00e0ter ha comenzado en 2024 con nuevas propuestas. Tras agotar todas las plazas de la primera edici\u00f3n del casal volc\u00e1nico durante las vacaciones de Navidad, el pasado fin de semana el centro dio &hellip; <a href=\"https:\/\/espaicrater.com\/es\/el-espai-crater-inicia-la-programacion-de-invierno\/\">Continued<\/a><\/p>\n","protected":false},"author":2,"featured_media":7998,"comment_status":"open","ping_status":"open","sticky":false,"template":"","format":"standard","meta":{"_acf_changed":false,"footnotes":""},"class_list":["post-8008","post","type-post","status-publish","format-standard","has-post-thumbnail","hentry"],"acf":[],"yoast_head":"<title>El Espai Cr\u00e0ter inicia la programaci\u00f3n de invierno, que incluye una actividad especial para el D\u00eda de las Mujeres y las Ni\u00f1as en la Ciencia - Espai Cr\u00e0ter<\/title>\n<meta name=\"description\" content=\"La actividad especial de la temporada es para la conmemoraci\u00f3n del D\u00eda de les Dones i la Nena en la Ci\u00e8ncia, amb Gisela Llimona...\" \/>\n<meta name=\"robots\" content=\"index, follow, max-snippet:-1, max-image-preview:large, max-video-preview:-1\" \/>\n<link rel=\"canonical\" href=\"https:\/\/espaicrater.com\/es\/el-espai-crater-inicia-la-programacion-de-invierno\/\" \/>\n<meta property=\"og:locale\" content=\"es_ES\" \/>\n<meta property=\"og:type\" content=\"article\" \/>\n<meta property=\"og:title\" content=\"El Espai Cr\u00e0ter inicia la programaci\u00f3n de invierno, que incluye una actividad especial para el D\u00eda de las Mujeres y las Ni\u00f1as en la Ciencia - Espai Cr\u00e0ter\" \/>\n<meta property=\"og:description\" content=\"La actividad especial de la temporada es para la conmemoraci\u00f3n del D\u00eda de les Dones i la Nena en la Ci\u00e8ncia, amb Gisela Llimona...\" \/>\n<meta property=\"og:url\" content=\"https:\/\/espaicrater.com\/es\/el-espai-crater-inicia-la-programacion-de-invierno\/\" \/>\n<meta property=\"og:site_name\" content=\"Espai Cr\u00e0ter\" \/>\n<meta property=\"article:published_time\" content=\"2024-01-19T08:00:47+00:00\" \/>\n<meta property=\"article:modified_time\" content=\"2024-01-19T08:57:30+00:00\" \/>\n<meta property=\"og:image\" content=\"https:\/\/espaicrater.com\/app\/uploads\/2024\/01\/Espai-Crater.-Joan-Divi.-Arxiu-Imatges-PTCBG.-17.jpg\" \/>\n\t<meta property=\"og:image:width\" content=\"2000\" \/>\n\t<meta property=\"og:image:height\" content=\"1334\" \/>\n\t<meta property=\"og:image:type\" content=\"image\/jpeg\" \/>\n<meta name=\"author\" content=\"N\u00faria Llop\" \/>\n<meta name=\"twitter:card\" content=\"summary_large_image\" \/>\n<meta name=\"twitter:label1\" content=\"Escrito por\" \/>\n\t<meta name=\"twitter:data1\" content=\"N\u00faria Llop\" \/>\n\t<meta name=\"twitter:label2\" content=\"Tiempo de lectura\" \/>\n\t<meta name=\"twitter:data2\" content=\"3 minutos\" \/>\n<script type=\"application\/ld+json\" class=\"yoast-schema-graph\">{\"@context\":\"https:\\\/\\\/schema.org\",\"@graph\":[{\"@type\":\"Article\",\"@id\":\"https:\\\/\\\/espaicrater.com\\\/es\\\/el-espai-crater-inicia-la-programacion-de-invierno\\\/#article\",\"isPartOf\":{\"@id\":\"https:\\\/\\\/espaicrater.com\\\/es\\\/el-espai-crater-inicia-la-programacion-de-invierno\\\/\"},\"author\":{\"name\":\"N\u00faria Llop\",\"@id\":\"https:\\\/\\\/espaicrater.com\\\/#\\\/schema\\\/person\\\/a48c2f8a557403d7b5f81dc74fe2b085\"},\"headline\":\"El Espai Cr\u00e0ter inicia la programaci\u00f3n de invierno, que incluye una actividad especial para el D\u00eda de las Mujeres y las Ni\u00f1as en la Ciencia\",\"datePublished\":\"2024-01-19T08:00:47+00:00\",\"dateModified\":\"2024-01-19T08:57:30+00:00\",\"mainEntityOfPage\":{\"@id\":\"https:\\\/\\\/espaicrater.com\\\/es\\\/el-espai-crater-inicia-la-programacion-de-invierno\\\/\"},\"wordCount\":548,\"commentCount\":0,\"publisher\":{\"@id\":\"https:\\\/\\\/espaicrater.com\\\/#organization\"},\"image\":{\"@id\":\"https:\\\/\\\/espaicrater.com\\\/es\\\/el-espai-crater-inicia-la-programacion-de-invierno\\\/#primaryimage\"},\"thumbnailUrl\":\"https:\\\/\\\/espaicrater.com\\\/app\\\/uploads\\\/2024\\\/01\\\/Espai-Crater.-Joan-Divi.-Arxiu-Imatges-PTCBG.-17.jpg\",\"inLanguage\":\"es\",\"potentialAction\":[{\"@type\":\"CommentAction\",\"name\":\"Comment\",\"target\":[\"https:\\\/\\\/espaicrater.com\\\/es\\\/el-espai-crater-inicia-la-programacion-de-invierno\\\/#respond\"]}]},{\"@type\":\"WebPage\",\"@id\":\"https:\\\/\\\/espaicrater.com\\\/es\\\/el-espai-crater-inicia-la-programacion-de-invierno\\\/\",\"url\":\"https:\\\/\\\/espaicrater.com\\\/es\\\/el-espai-crater-inicia-la-programacion-de-invierno\\\/\",\"name\":\"El Espai Cr\u00e0ter inicia la programaci\u00f3n de invierno, que incluye una actividad especial para el D\u00eda de las Mujeres y las Ni\u00f1as en la Ciencia - Espai Cr\u00e0ter\",\"isPartOf\":{\"@id\":\"https:\\\/\\\/espaicrater.com\\\/#website\"},\"primaryImageOfPage\":{\"@id\":\"https:\\\/\\\/espaicrater.com\\\/es\\\/el-espai-crater-inicia-la-programacion-de-invierno\\\/#primaryimage\"},\"image\":{\"@id\":\"https:\\\/\\\/espaicrater.com\\\/es\\\/el-espai-crater-inicia-la-programacion-de-invierno\\\/#primaryimage\"},\"thumbnailUrl\":\"https:\\\/\\\/espaicrater.com\\\/app\\\/uploads\\\/2024\\\/01\\\/Espai-Crater.-Joan-Divi.-Arxiu-Imatges-PTCBG.-17.jpg\",\"datePublished\":\"2024-01-19T08:00:47+00:00\",\"dateModified\":\"2024-01-19T08:57:30+00:00\",\"description\":\"La actividad especial de la temporada es para la conmemoraci\u00f3n del D\u00eda de les Dones i la Nena en la Ci\u00e8ncia, amb Gisela Llimona...\",\"breadcrumb\":{\"@id\":\"https:\\\/\\\/espaicrater.com\\\/es\\\/el-espai-crater-inicia-la-programacion-de-invierno\\\/#breadcrumb\"},\"inLanguage\":\"es\",\"potentialAction\":[{\"@type\":\"ReadAction\",\"target\":[\"https:\\\/\\\/espaicrater.com\\\/es\\\/el-espai-crater-inicia-la-programacion-de-invierno\\\/\"]}]},{\"@type\":\"ImageObject\",\"inLanguage\":\"es\",\"@id\":\"https:\\\/\\\/espaicrater.com\\\/es\\\/el-espai-crater-inicia-la-programacion-de-invierno\\\/#primaryimage\",\"url\":\"https:\\\/\\\/espaicrater.com\\\/app\\\/uploads\\\/2024\\\/01\\\/Espai-Crater.-Joan-Divi.-Arxiu-Imatges-PTCBG.-17.jpg\",\"contentUrl\":\"https:\\\/\\\/espaicrater.com\\\/app\\\/uploads\\\/2024\\\/01\\\/Espai-Crater.-Joan-Divi.-Arxiu-Imatges-PTCBG.-17.jpg\",\"width\":8103,\"height\":5405},{\"@type\":\"BreadcrumbList\",\"@id\":\"https:\\\/\\\/espaicrater.com\\\/es\\\/el-espai-crater-inicia-la-programacion-de-invierno\\\/#breadcrumb\",\"itemListElement\":[{\"@type\":\"ListItem\",\"position\":1,\"name\":\"Inicio\",\"item\":\"https:\\\/\\\/espaicrater.com\\\/es\\\/\"},{\"@type\":\"ListItem\",\"position\":2,\"name\":\"El Espai Cr\u00e0ter inicia la programaci\u00f3n de invierno, que incluye una actividad especial para el D\u00eda de las Mujeres y las Ni\u00f1as en la Ciencia\"}]},{\"@type\":\"WebSite\",\"@id\":\"https:\\\/\\\/espaicrater.com\\\/#website\",\"url\":\"https:\\\/\\\/espaicrater.com\\\/\",\"name\":\"Espai Cr\u00e0ter\",\"description\":\"Viatge al centre de la vida\",\"publisher\":{\"@id\":\"https:\\\/\\\/espaicrater.com\\\/#organization\"},\"potentialAction\":[{\"@type\":\"SearchAction\",\"target\":{\"@type\":\"EntryPoint\",\"urlTemplate\":\"https:\\\/\\\/espaicrater.com\\\/?s={search_term_string}\"},\"query-input\":{\"@type\":\"PropertyValueSpecification\",\"valueRequired\":true,\"valueName\":\"search_term_string\"}}],\"inLanguage\":\"es\"},{\"@type\":\"Organization\",\"@id\":\"https:\\\/\\\/espaicrater.com\\\/#organization\",\"name\":\"Espai Cr\u00e0ter\",\"url\":\"https:\\\/\\\/espaicrater.com\\\/\",\"logo\":{\"@type\":\"ImageObject\",\"inLanguage\":\"es\",\"@id\":\"https:\\\/\\\/espaicrater.com\\\/#\\\/schema\\\/logo\\\/image\\\/\",\"url\":\"https:\\\/\\\/espaicrater.com\\\/app\\\/uploads\\\/2022\\\/02\\\/espai-crater-1.png\",\"contentUrl\":\"https:\\\/\\\/espaicrater.com\\\/app\\\/uploads\\\/2022\\\/02\\\/espai-crater-1.png\",\"width\":801,\"height\":320,\"caption\":\"Espai Cr\u00e0ter\"},\"image\":{\"@id\":\"https:\\\/\\\/espaicrater.com\\\/#\\\/schema\\\/logo\\\/image\\\/\"}},{\"@type\":\"Person\",\"@id\":\"https:\\\/\\\/espaicrater.com\\\/#\\\/schema\\\/person\\\/a48c2f8a557403d7b5f81dc74fe2b085\",\"name\":\"N\u00faria Llop\",\"image\":{\"@type\":\"ImageObject\",\"inLanguage\":\"es\",\"@id\":\"https:\\\/\\\/secure.gravatar.com\\\/avatar\\\/8b04d94749e92b2ed0bb94dd68fd5f53fdbf6a032bec654014ada9a65a590288?s=96&d=mm&r=g\",\"url\":\"https:\\\/\\\/secure.gravatar.com\\\/avatar\\\/8b04d94749e92b2ed0bb94dd68fd5f53fdbf6a032bec654014ada9a65a590288?s=96&d=mm&r=g\",\"contentUrl\":\"https:\\\/\\\/secure.gravatar.com\\\/avatar\\\/8b04d94749e92b2ed0bb94dd68fd5f53fdbf6a032bec654014ada9a65a590288?s=96&d=mm&r=g\",\"caption\":\"N\u00faria Llop\"},\"url\":\"https:\\\/\\\/espaicrater.com\\\/es\\\/author\\\/nuria\\\/\"}]}<\/script>","yoast_head_json":{"title":"El Espai Cr\u00e0ter inicia la programaci\u00f3n de invierno, que incluye una actividad especial para el D\u00eda de las Mujeres y las Ni\u00f1as en la Ciencia - Espai Cr\u00e0ter","description":"La actividad especial de la temporada es para la conmemoraci\u00f3n del D\u00eda de les Dones i la Nena en la Ci\u00e8ncia, amb Gisela Llimona...","robots":{"index":"index","follow":"follow","max-snippet":"max-snippet:-1","max-image-preview":"max-image-preview:large","max-video-preview":"max-video-preview:-1"},"canonical":"https:\/\/espaicrater.com\/es\/el-espai-crater-inicia-la-programacion-de-invierno\/","og_locale":"es_ES","og_type":"article","og_title":"El Espai Cr\u00e0ter inicia la programaci\u00f3n de invierno, que incluye una actividad especial para el D\u00eda de las Mujeres y las Ni\u00f1as en la Ciencia - Espai Cr\u00e0ter","og_description":"La actividad especial de la temporada es para la conmemoraci\u00f3n del D\u00eda de les Dones i la Nena en la Ci\u00e8ncia, amb Gisela Llimona...","og_url":"https:\/\/espaicrater.com\/es\/el-espai-crater-inicia-la-programacion-de-invierno\/","og_site_name":"Espai Cr\u00e0ter","article_published_time":"2024-01-19T08:00:47+00:00","article_modified_time":"2024-01-19T08:57:30+00:00","og_image":[{"url":"https:\/\/espaicrater.com\/app\/uploads\/2024\/01\/Espai-Crater.-Joan-Divi.-Arxiu-Imatges-PTCBG.-17.jpg","width":2000,"height":1334,"type":"image\/jpeg"}],"author":"N\u00faria Llop","twitter_card":"summary_large_image","twitter_misc":{"Escrito por":"N\u00faria Llop","Tiempo de lectura":"3 minutos"},"schema":{"@context":"https:\/\/schema.org","@graph":[{"@type":"Article","@id":"https:\/\/espaicrater.com\/es\/el-espai-crater-inicia-la-programacion-de-invierno\/#article","isPartOf":{"@id":"https:\/\/espaicrater.com\/es\/el-espai-crater-inicia-la-programacion-de-invierno\/"},"author":{"name":"N\u00faria Llop","@id":"https:\/\/espaicrater.com\/#\/schema\/person\/a48c2f8a557403d7b5f81dc74fe2b085"},"headline":"El Espai Cr\u00e0ter inicia la programaci\u00f3n de invierno, que incluye una actividad especial para el D\u00eda de las Mujeres y las Ni\u00f1as en la Ciencia","datePublished":"2024-01-19T08:00:47+00:00","dateModified":"2024-01-19T08:57:30+00:00","mainEntityOfPage":{"@id":"https:\/\/espaicrater.com\/es\/el-espai-crater-inicia-la-programacion-de-invierno\/"},"wordCount":548,"commentCount":0,"publisher":{"@id":"https:\/\/espaicrater.com\/#organization"},"image":{"@id":"https:\/\/espaicrater.com\/es\/el-espai-crater-inicia-la-programacion-de-invierno\/#primaryimage"},"thumbnailUrl":"https:\/\/espaicrater.com\/app\/uploads\/2024\/01\/Espai-Crater.-Joan-Divi.-Arxiu-Imatges-PTCBG.-17.jpg","inLanguage":"es","potentialAction":[{"@type":"CommentAction","name":"Comment","target":["https:\/\/espaicrater.com\/es\/el-espai-crater-inicia-la-programacion-de-invierno\/#respond"]}]},{"@type":"WebPage","@id":"https:\/\/espaicrater.com\/es\/el-espai-crater-inicia-la-programacion-de-invierno\/","url":"https:\/\/espaicrater.com\/es\/el-espai-crater-inicia-la-programacion-de-invierno\/","name":"El Espai Cr\u00e0ter inicia la programaci\u00f3n de invierno, que incluye una actividad especial para el D\u00eda de las Mujeres y las Ni\u00f1as en la Ciencia - Espai Cr\u00e0ter","isPartOf":{"@id":"https:\/\/espaicrater.com\/#website"},"primaryImageOfPage":{"@id":"https:\/\/espaicrater.com\/es\/el-espai-crater-inicia-la-programacion-de-invierno\/#primaryimage"},"image":{"@id":"https:\/\/espaicrater.com\/es\/el-espai-crater-inicia-la-programacion-de-invierno\/#primaryimage"},"thumbnailUrl":"https:\/\/espaicrater.com\/app\/uploads\/2024\/01\/Espai-Crater.-Joan-Divi.-Arxiu-Imatges-PTCBG.-17.jpg","datePublished":"2024-01-19T08:00:47+00:00","dateModified":"2024-01-19T08:57:30+00:00","description":"La actividad especial de la temporada es para la conmemoraci\u00f3n del D\u00eda de les Dones i la Nena en la Ci\u00e8ncia, amb Gisela Llimona...","breadcrumb":{"@id":"https:\/\/espaicrater.com\/es\/el-espai-crater-inicia-la-programacion-de-invierno\/#breadcrumb"},"inLanguage":"es","potentialAction":[{"@type":"ReadAction","target":["https:\/\/espaicrater.com\/es\/el-espai-crater-inicia-la-programacion-de-invierno\/"]}]},{"@type":"ImageObject","inLanguage":"es","@id":"https:\/\/espaicrater.com\/es\/el-espai-crater-inicia-la-programacion-de-invierno\/#primaryimage","url":"https:\/\/espaicrater.com\/app\/uploads\/2024\/01\/Espai-Crater.-Joan-Divi.-Arxiu-Imatges-PTCBG.-17.jpg","contentUrl":"https:\/\/espaicrater.com\/app\/uploads\/2024\/01\/Espai-Crater.-Joan-Divi.-Arxiu-Imatges-PTCBG.-17.jpg","width":8103,"height":5405},{"@type":"BreadcrumbList","@id":"https:\/\/espaicrater.com\/es\/el-espai-crater-inicia-la-programacion-de-invierno\/#breadcrumb","itemListElement":[{"@type":"ListItem","position":1,"name":"Inicio","item":"https:\/\/espaicrater.com\/es\/"},{"@type":"ListItem","position":2,"name":"El Espai Cr\u00e0ter inicia la programaci\u00f3n de invierno, que incluye una actividad especial para el D\u00eda de las Mujeres y las Ni\u00f1as en la Ciencia"}]},{"@type":"WebSite","@id":"https:\/\/espaicrater.com\/#website","url":"https:\/\/espaicrater.com\/","name":"Espai Cr\u00e0ter","description":"Viatge al centre de la vida","publisher":{"@id":"https:\/\/espaicrater.com\/#organization"},"potentialAction":[{"@type":"SearchAction","target":{"@type":"EntryPoint","urlTemplate":"https:\/\/espaicrater.com\/?s={search_term_string}"},"query-input":{"@type":"PropertyValueSpecification","valueRequired":true,"valueName":"search_term_string"}}],"inLanguage":"es"},{"@type":"Organization","@id":"https:\/\/espaicrater.com\/#organization","name":"Espai Cr\u00e0ter","url":"https:\/\/espaicrater.com\/","logo":{"@type":"ImageObject","inLanguage":"es","@id":"https:\/\/espaicrater.com\/#\/schema\/logo\/image\/","url":"https:\/\/espaicrater.com\/app\/uploads\/2022\/02\/espai-crater-1.png","contentUrl":"https:\/\/espaicrater.com\/app\/uploads\/2022\/02\/espai-crater-1.png","width":801,"height":320,"caption":"Espai Cr\u00e0ter"},"image":{"@id":"https:\/\/espaicrater.com\/#\/schema\/logo\/image\/"}},{"@type":"Person","@id":"https:\/\/espaicrater.com\/#\/schema\/person\/a48c2f8a557403d7b5f81dc74fe2b085","name":"N\u00faria Llop","image":{"@type":"ImageObject","inLanguage":"es","@id":"https:\/\/secure.gravatar.com\/avatar\/8b04d94749e92b2ed0bb94dd68fd5f53fdbf6a032bec654014ada9a65a590288?s=96&d=mm&r=g","url":"https:\/\/secure.gravatar.com\/avatar\/8b04d94749e92b2ed0bb94dd68fd5f53fdbf6a032bec654014ada9a65a590288?s=96&d=mm&r=g","contentUrl":"https:\/\/secure.gravatar.com\/avatar\/8b04d94749e92b2ed0bb94dd68fd5f53fdbf6a032bec654014ada9a65a590288?s=96&d=mm&r=g","caption":"N\u00faria Llop"},"url":"https:\/\/espaicrater.com\/es\/author\/nuria\/"}]}},"_links":{"self":[{"href":"https:\/\/espaicrater.com\/es\/wp-json\/wp\/v2\/posts\/8008","targetHints":{"allow":["GET"]}}],"collection":[{"href":"https:\/\/espaicrater.com\/es\/wp-json\/wp\/v2\/posts"}],"about":[{"href":"https:\/\/espaicrater.com\/es\/wp-json\/wp\/v2\/types\/post"}],"author":[{"embeddable":true,"href":"https:\/\/espaicrater.com\/es\/wp-json\/wp\/v2\/users\/2"}],"replies":[{"embeddable":true,"href":"https:\/\/espaicrater.com\/es\/wp-json\/wp\/v2\/comments?post=8008"}],"version-history":[{"count":1,"href":"https:\/\/espaicrater.com\/es\/wp-json\/wp\/v2\/posts\/8008\/revisions"}],"predecessor-version":[{"id":8010,"href":"https:\/\/espaicrater.com\/es\/wp-json\/wp\/v2\/posts\/8008\/revisions\/8010"}],"wp:featuredmedia":[{"embeddable":true,"href":"https:\/\/espaicrater.com\/es\/wp-json\/wp\/v2\/media\/7998"}],"wp:attachment":[{"href":"https:\/\/espaicrater.com\/es\/wp-json\/wp\/v2\/media?parent=8008"}],"curies":[{"name":"wp","href":"https:\/\/api.w.org\/{rel}","templated":true}]}}