{"id":8184,"date":"2023-10-09T12:37:42","date_gmt":"2023-10-09T10:37:42","guid":{"rendered":"https:\/\/espaicrater.com\/en-marxa-l11a-edicio-del-postgrau-en-vulcanologia\/"},"modified":"2024-02-09T10:38:07","modified_gmt":"2024-02-09T09:38:07","slug":"en-marxa-l11a-edicion-del-postgrado-en-vulcanologia","status":"publish","type":"post","link":"https:\/\/espaicrater.com\/es\/en-marxa-l11a-edicion-del-postgrado-en-vulcanologia\/","title":{"rendered":"En marcha la 11.\u00ba edici\u00f3n del Posgrado en Vulcanolog\u00eda"},"content":{"rendered":"\n<p>Este lunes, 9 de octubre, se ha inaugurado la und\u00e9cima edici\u00f3n del Curso de Postgrado Internacional en Vulcanolog\u00eda, con la bienvenida por parte del concejal de Educaci\u00f3n del Ayuntamiento de Olot, Josep Quintana; del director del Espai Cr\u00e0ter, Xevi Collell, y de los codirectores del curso, Joan Mart\u00ed Molist y Xavier de Bol\u00f3s. La formaci\u00f3n, organizada por la Fundaci\u00f3n de Estudios Superiores de Olot (FES) y la Universidad de Girona (Fundaci\u00f3n UdG: innovaci\u00f3n y formaci\u00f3n), se realiza en el Espai Cr\u00e0ter y tiene un formato intensivo de quince d\u00edas.<\/p>\n\n\n\n<p>El curso cuenta con la direcci\u00f3n acad\u00e9mica de Joan Mart\u00ed Molist y Xavier de Bol\u00f3s, profesores investigadores del CSIC, y combina las sesiones te\u00f3ricas con visitas a distintos afloramientos del campo volc\u00e1nico gerundense. En esta edici\u00f3n participan 23 alumnos de 6 nacionalidades distintas: El Salvador, M\u00e9xico, Nicaragua, Chile, Colombia y Espa\u00f1a.<\/p>\n\n\n\n<p>Para empezar con la formaci\u00f3n, los estudiantes han podido visitar la exposici\u00f3n del Espai Cr\u00e0ter, con la gu\u00eda de Joan Mart\u00ed, comisario. Hasta el 21 de octubre, otros cinco expertos en vulcanolog\u00eda, impartir\u00e1n las clases: Carmen L\u00f3pez, directora del Instituto Geogr\u00e1fico Nacional (IGN); Gerardo Aguirre, profesor en la Universidad Nacional Aut\u00f3noma de M\u00e9xico; Bruno Scaillet y Joan And\u00fajar, profesores en el Instituto de las Ciencias de la Tierra en Orleans, y Lloren\u00e7 Planagum\u00e0, director de Tosca y asesor en geolog\u00eda del Parque Natural de la Zona Volc\u00e1nica de la Garrotxa.<\/p>\n\n\n\n<p>El C<a href=\"https:\/\/www.fesolot.cat\/formacio-universitar\/vulcanologia\/\">urso de Postgrado en Vulcanolog\u00eda<\/a> cuenta con la colaboraci\u00f3n del Consejo Superior de Investigaciones Cient\u00edficas (CSIC), la International Association of Volcanology and Chemistry of the Earth&#8217;s Interior (IAVCEI), el Parque Natural de la Zona Volc\u00e1nica de la Garrotxa, la Diputaci\u00f3n de Girona, la C\u00e1tedra de Geograf\u00eda y Pensamiento Territorial de la UdG, el Ayuntamiento de Olot y el Espai Cr\u00e0ter.<\/p>\n","protected":false},"excerpt":{"rendered":"<p>Este lunes, 9 de octubre, se ha inaugurado la und\u00e9cima edici\u00f3n del Curso de Postgrado Internacional en Vulcanolog\u00eda, con la bienvenida por parte del concejal de Educaci\u00f3n del Ayuntamiento de Olot, Josep Quintana; del director del Espai Cr\u00e0ter, Xevi Collell, y de los codirectores del curso, Joan Mart\u00ed Molist y Xavier de Bol\u00f3s. La formaci\u00f3n, &hellip; <a href=\"https:\/\/espaicrater.com\/es\/en-marxa-l11a-edicion-del-postgrado-en-vulcanologia\/\">Continued<\/a><\/p>\n","protected":false},"author":2,"featured_media":6695,"comment_status":"open","ping_status":"open","sticky":false,"template":"","format":"standard","meta":{"_acf_changed":false,"footnotes":""},"class_list":["post-8184","post","type-post","status-publish","format-standard","has-post-thumbnail","hentry"],"acf":[],"yoast_head":"<title>En marcha la 11.\u00ba edici\u00f3n del Posgrado en Vulcanolog\u00eda - Espai Cr\u00e0ter<\/title>\n<meta name=\"description\" content=\"Este lunes, 9 de octubre, se ha inaugurado la onceava edicin del Curso de Posgrado Internacional en Vulcanologa...\" \/>\n<meta name=\"robots\" content=\"index, follow, max-snippet:-1, max-image-preview:large, max-video-preview:-1\" \/>\n<link rel=\"canonical\" href=\"https:\/\/espaicrater.com\/es\/en-marxa-l11a-edicion-del-postgrado-en-vulcanologia\/\" \/>\n<meta property=\"og:locale\" content=\"es_ES\" \/>\n<meta property=\"og:type\" content=\"article\" \/>\n<meta property=\"og:title\" content=\"En marcha la 11.\u00ba edici\u00f3n del Posgrado en Vulcanolog\u00eda - Espai Cr\u00e0ter\" \/>\n<meta property=\"og:description\" content=\"Este lunes, 9 de octubre, se ha inaugurado la onceava edicin del Curso de Posgrado Internacional en Vulcanologa...\" \/>\n<meta property=\"og:url\" content=\"https:\/\/espaicrater.com\/es\/en-marxa-l11a-edicion-del-postgrado-en-vulcanologia\/\" \/>\n<meta property=\"og:site_name\" content=\"Espai Cr\u00e0ter\" \/>\n<meta property=\"article:published_time\" content=\"2023-10-09T10:37:42+00:00\" \/>\n<meta property=\"article:modified_time\" content=\"2024-02-09T09:38:07+00:00\" \/>\n<meta property=\"og:image\" content=\"https:\/\/espaicrater.com\/app\/uploads\/2023\/10\/Inauguracio-postgrau-vulcanologia-4-scaled.jpg\" \/>\n\t<meta property=\"og:image:width\" content=\"2560\" \/>\n\t<meta property=\"og:image:height\" content=\"1707\" \/>\n\t<meta property=\"og:image:type\" content=\"image\/jpeg\" \/>\n<meta name=\"author\" content=\"N\u00faria Llop\" \/>\n<meta name=\"twitter:card\" content=\"summary_large_image\" \/>\n<meta name=\"twitter:label1\" content=\"Escrito por\" \/>\n\t<meta name=\"twitter:data1\" content=\"N\u00faria Llop\" \/>\n\t<meta name=\"twitter:label2\" content=\"Tiempo de lectura\" \/>\n\t<meta name=\"twitter:data2\" content=\"2 minutos\" \/>\n<script type=\"application\/ld+json\" class=\"yoast-schema-graph\">{\"@context\":\"https:\\\/\\\/schema.org\",\"@graph\":[{\"@type\":\"Article\",\"@id\":\"https:\\\/\\\/espaicrater.com\\\/es\\\/en-marxa-l11a-edicion-del-postgrado-en-vulcanologia\\\/#article\",\"isPartOf\":{\"@id\":\"https:\\\/\\\/espaicrater.com\\\/es\\\/en-marxa-l11a-edicion-del-postgrado-en-vulcanologia\\\/\"},\"author\":{\"name\":\"N\u00faria Llop\",\"@id\":\"https:\\\/\\\/espaicrater.com\\\/#\\\/schema\\\/person\\\/a48c2f8a557403d7b5f81dc74fe2b085\"},\"headline\":\"En marcha la 11.\u00ba edici\u00f3n del Posgrado en Vulcanolog\u00eda\",\"datePublished\":\"2023-10-09T10:37:42+00:00\",\"dateModified\":\"2024-02-09T09:38:07+00:00\",\"mainEntityOfPage\":{\"@id\":\"https:\\\/\\\/espaicrater.com\\\/es\\\/en-marxa-l11a-edicion-del-postgrado-en-vulcanologia\\\/\"},\"wordCount\":339,\"commentCount\":0,\"publisher\":{\"@id\":\"https:\\\/\\\/espaicrater.com\\\/#organization\"},\"image\":{\"@id\":\"https:\\\/\\\/espaicrater.com\\\/es\\\/en-marxa-l11a-edicion-del-postgrado-en-vulcanologia\\\/#primaryimage\"},\"thumbnailUrl\":\"https:\\\/\\\/espaicrater.com\\\/app\\\/uploads\\\/2023\\\/10\\\/Inauguracio-postgrau-vulcanologia-4-scaled.jpg\",\"inLanguage\":\"es\",\"potentialAction\":[{\"@type\":\"CommentAction\",\"name\":\"Comment\",\"target\":[\"https:\\\/\\\/espaicrater.com\\\/es\\\/en-marxa-l11a-edicion-del-postgrado-en-vulcanologia\\\/#respond\"]}]},{\"@type\":\"WebPage\",\"@id\":\"https:\\\/\\\/espaicrater.com\\\/es\\\/en-marxa-l11a-edicion-del-postgrado-en-vulcanologia\\\/\",\"url\":\"https:\\\/\\\/espaicrater.com\\\/es\\\/en-marxa-l11a-edicion-del-postgrado-en-vulcanologia\\\/\",\"name\":\"En marcha la 11.\u00ba edici\u00f3n del Posgrado en Vulcanolog\u00eda - Espai Cr\u00e0ter\",\"isPartOf\":{\"@id\":\"https:\\\/\\\/espaicrater.com\\\/#website\"},\"primaryImageOfPage\":{\"@id\":\"https:\\\/\\\/espaicrater.com\\\/es\\\/en-marxa-l11a-edicion-del-postgrado-en-vulcanologia\\\/#primaryimage\"},\"image\":{\"@id\":\"https:\\\/\\\/espaicrater.com\\\/es\\\/en-marxa-l11a-edicion-del-postgrado-en-vulcanologia\\\/#primaryimage\"},\"thumbnailUrl\":\"https:\\\/\\\/espaicrater.com\\\/app\\\/uploads\\\/2023\\\/10\\\/Inauguracio-postgrau-vulcanologia-4-scaled.jpg\",\"datePublished\":\"2023-10-09T10:37:42+00:00\",\"dateModified\":\"2024-02-09T09:38:07+00:00\",\"description\":\"Este lunes, 9 de octubre, se ha inaugurado la onceava edicin del Curso de Posgrado Internacional en Vulcanologa...\",\"breadcrumb\":{\"@id\":\"https:\\\/\\\/espaicrater.com\\\/es\\\/en-marxa-l11a-edicion-del-postgrado-en-vulcanologia\\\/#breadcrumb\"},\"inLanguage\":\"es\",\"potentialAction\":[{\"@type\":\"ReadAction\",\"target\":[\"https:\\\/\\\/espaicrater.com\\\/es\\\/en-marxa-l11a-edicion-del-postgrado-en-vulcanologia\\\/\"]}]},{\"@type\":\"ImageObject\",\"inLanguage\":\"es\",\"@id\":\"https:\\\/\\\/espaicrater.com\\\/es\\\/en-marxa-l11a-edicion-del-postgrado-en-vulcanologia\\\/#primaryimage\",\"url\":\"https:\\\/\\\/espaicrater.com\\\/app\\\/uploads\\\/2023\\\/10\\\/Inauguracio-postgrau-vulcanologia-4-scaled.jpg\",\"contentUrl\":\"https:\\\/\\\/espaicrater.com\\\/app\\\/uploads\\\/2023\\\/10\\\/Inauguracio-postgrau-vulcanologia-4-scaled.jpg\",\"width\":2560,\"height\":1707},{\"@type\":\"BreadcrumbList\",\"@id\":\"https:\\\/\\\/espaicrater.com\\\/es\\\/en-marxa-l11a-edicion-del-postgrado-en-vulcanologia\\\/#breadcrumb\",\"itemListElement\":[{\"@type\":\"ListItem\",\"position\":1,\"name\":\"Inicio\",\"item\":\"https:\\\/\\\/espaicrater.com\\\/es\\\/\"},{\"@type\":\"ListItem\",\"position\":2,\"name\":\"En marcha la 11.\u00ba edici\u00f3n del Posgrado en Vulcanolog\u00eda\"}]},{\"@type\":\"WebSite\",\"@id\":\"https:\\\/\\\/espaicrater.com\\\/#website\",\"url\":\"https:\\\/\\\/espaicrater.com\\\/\",\"name\":\"Espai Cr\u00e0ter\",\"description\":\"Viatge al centre de la vida\",\"publisher\":{\"@id\":\"https:\\\/\\\/espaicrater.com\\\/#organization\"},\"potentialAction\":[{\"@type\":\"SearchAction\",\"target\":{\"@type\":\"EntryPoint\",\"urlTemplate\":\"https:\\\/\\\/espaicrater.com\\\/?s={search_term_string}\"},\"query-input\":{\"@type\":\"PropertyValueSpecification\",\"valueRequired\":true,\"valueName\":\"search_term_string\"}}],\"inLanguage\":\"es\"},{\"@type\":\"Organization\",\"@id\":\"https:\\\/\\\/espaicrater.com\\\/#organization\",\"name\":\"Espai Cr\u00e0ter\",\"url\":\"https:\\\/\\\/espaicrater.com\\\/\",\"logo\":{\"@type\":\"ImageObject\",\"inLanguage\":\"es\",\"@id\":\"https:\\\/\\\/espaicrater.com\\\/#\\\/schema\\\/logo\\\/image\\\/\",\"url\":\"https:\\\/\\\/espaicrater.com\\\/app\\\/uploads\\\/2022\\\/02\\\/espai-crater-1.png\",\"contentUrl\":\"https:\\\/\\\/espaicrater.com\\\/app\\\/uploads\\\/2022\\\/02\\\/espai-crater-1.png\",\"width\":801,\"height\":320,\"caption\":\"Espai Cr\u00e0ter\"},\"image\":{\"@id\":\"https:\\\/\\\/espaicrater.com\\\/#\\\/schema\\\/logo\\\/image\\\/\"}},{\"@type\":\"Person\",\"@id\":\"https:\\\/\\\/espaicrater.com\\\/#\\\/schema\\\/person\\\/a48c2f8a557403d7b5f81dc74fe2b085\",\"name\":\"N\u00faria Llop\",\"image\":{\"@type\":\"ImageObject\",\"inLanguage\":\"es\",\"@id\":\"https:\\\/\\\/secure.gravatar.com\\\/avatar\\\/8b04d94749e92b2ed0bb94dd68fd5f53fdbf6a032bec654014ada9a65a590288?s=96&d=mm&r=g\",\"url\":\"https:\\\/\\\/secure.gravatar.com\\\/avatar\\\/8b04d94749e92b2ed0bb94dd68fd5f53fdbf6a032bec654014ada9a65a590288?s=96&d=mm&r=g\",\"contentUrl\":\"https:\\\/\\\/secure.gravatar.com\\\/avatar\\\/8b04d94749e92b2ed0bb94dd68fd5f53fdbf6a032bec654014ada9a65a590288?s=96&d=mm&r=g\",\"caption\":\"N\u00faria Llop\"},\"url\":\"https:\\\/\\\/espaicrater.com\\\/es\\\/author\\\/nuria\\\/\"}]}<\/script>","yoast_head_json":{"title":"En marcha la 11.\u00ba edici\u00f3n del Posgrado en Vulcanolog\u00eda - Espai Cr\u00e0ter","description":"Este lunes, 9 de octubre, se ha inaugurado la onceava edicin del Curso de Posgrado Internacional en Vulcanologa...","robots":{"index":"index","follow":"follow","max-snippet":"max-snippet:-1","max-image-preview":"max-image-preview:large","max-video-preview":"max-video-preview:-1"},"canonical":"https:\/\/espaicrater.com\/es\/en-marxa-l11a-edicion-del-postgrado-en-vulcanologia\/","og_locale":"es_ES","og_type":"article","og_title":"En marcha la 11.\u00ba edici\u00f3n del Posgrado en Vulcanolog\u00eda - Espai Cr\u00e0ter","og_description":"Este lunes, 9 de octubre, se ha inaugurado la onceava edicin del Curso de Posgrado Internacional en Vulcanologa...","og_url":"https:\/\/espaicrater.com\/es\/en-marxa-l11a-edicion-del-postgrado-en-vulcanologia\/","og_site_name":"Espai Cr\u00e0ter","article_published_time":"2023-10-09T10:37:42+00:00","article_modified_time":"2024-02-09T09:38:07+00:00","og_image":[{"width":2560,"height":1707,"url":"https:\/\/espaicrater.com\/app\/uploads\/2023\/10\/Inauguracio-postgrau-vulcanologia-4-scaled.jpg","type":"image\/jpeg"}],"author":"N\u00faria Llop","twitter_card":"summary_large_image","twitter_misc":{"Escrito por":"N\u00faria Llop","Tiempo de lectura":"2 minutos"},"schema":{"@context":"https:\/\/schema.org","@graph":[{"@type":"Article","@id":"https:\/\/espaicrater.com\/es\/en-marxa-l11a-edicion-del-postgrado-en-vulcanologia\/#article","isPartOf":{"@id":"https:\/\/espaicrater.com\/es\/en-marxa-l11a-edicion-del-postgrado-en-vulcanologia\/"},"author":{"name":"N\u00faria Llop","@id":"https:\/\/espaicrater.com\/#\/schema\/person\/a48c2f8a557403d7b5f81dc74fe2b085"},"headline":"En marcha la 11.\u00ba edici\u00f3n del Posgrado en Vulcanolog\u00eda","datePublished":"2023-10-09T10:37:42+00:00","dateModified":"2024-02-09T09:38:07+00:00","mainEntityOfPage":{"@id":"https:\/\/espaicrater.com\/es\/en-marxa-l11a-edicion-del-postgrado-en-vulcanologia\/"},"wordCount":339,"commentCount":0,"publisher":{"@id":"https:\/\/espaicrater.com\/#organization"},"image":{"@id":"https:\/\/espaicrater.com\/es\/en-marxa-l11a-edicion-del-postgrado-en-vulcanologia\/#primaryimage"},"thumbnailUrl":"https:\/\/espaicrater.com\/app\/uploads\/2023\/10\/Inauguracio-postgrau-vulcanologia-4-scaled.jpg","inLanguage":"es","potentialAction":[{"@type":"CommentAction","name":"Comment","target":["https:\/\/espaicrater.com\/es\/en-marxa-l11a-edicion-del-postgrado-en-vulcanologia\/#respond"]}]},{"@type":"WebPage","@id":"https:\/\/espaicrater.com\/es\/en-marxa-l11a-edicion-del-postgrado-en-vulcanologia\/","url":"https:\/\/espaicrater.com\/es\/en-marxa-l11a-edicion-del-postgrado-en-vulcanologia\/","name":"En marcha la 11.\u00ba edici\u00f3n del Posgrado en Vulcanolog\u00eda - Espai Cr\u00e0ter","isPartOf":{"@id":"https:\/\/espaicrater.com\/#website"},"primaryImageOfPage":{"@id":"https:\/\/espaicrater.com\/es\/en-marxa-l11a-edicion-del-postgrado-en-vulcanologia\/#primaryimage"},"image":{"@id":"https:\/\/espaicrater.com\/es\/en-marxa-l11a-edicion-del-postgrado-en-vulcanologia\/#primaryimage"},"thumbnailUrl":"https:\/\/espaicrater.com\/app\/uploads\/2023\/10\/Inauguracio-postgrau-vulcanologia-4-scaled.jpg","datePublished":"2023-10-09T10:37:42+00:00","dateModified":"2024-02-09T09:38:07+00:00","description":"Este lunes, 9 de octubre, se ha inaugurado la onceava edicin del Curso de Posgrado Internacional en Vulcanologa...","breadcrumb":{"@id":"https:\/\/espaicrater.com\/es\/en-marxa-l11a-edicion-del-postgrado-en-vulcanologia\/#breadcrumb"},"inLanguage":"es","potentialAction":[{"@type":"ReadAction","target":["https:\/\/espaicrater.com\/es\/en-marxa-l11a-edicion-del-postgrado-en-vulcanologia\/"]}]},{"@type":"ImageObject","inLanguage":"es","@id":"https:\/\/espaicrater.com\/es\/en-marxa-l11a-edicion-del-postgrado-en-vulcanologia\/#primaryimage","url":"https:\/\/espaicrater.com\/app\/uploads\/2023\/10\/Inauguracio-postgrau-vulcanologia-4-scaled.jpg","contentUrl":"https:\/\/espaicrater.com\/app\/uploads\/2023\/10\/Inauguracio-postgrau-vulcanologia-4-scaled.jpg","width":2560,"height":1707},{"@type":"BreadcrumbList","@id":"https:\/\/espaicrater.com\/es\/en-marxa-l11a-edicion-del-postgrado-en-vulcanologia\/#breadcrumb","itemListElement":[{"@type":"ListItem","position":1,"name":"Inicio","item":"https:\/\/espaicrater.com\/es\/"},{"@type":"ListItem","position":2,"name":"En marcha la 11.\u00ba edici\u00f3n del Posgrado en Vulcanolog\u00eda"}]},{"@type":"WebSite","@id":"https:\/\/espaicrater.com\/#website","url":"https:\/\/espaicrater.com\/","name":"Espai Cr\u00e0ter","description":"Viatge al centre de la vida","publisher":{"@id":"https:\/\/espaicrater.com\/#organization"},"potentialAction":[{"@type":"SearchAction","target":{"@type":"EntryPoint","urlTemplate":"https:\/\/espaicrater.com\/?s={search_term_string}"},"query-input":{"@type":"PropertyValueSpecification","valueRequired":true,"valueName":"search_term_string"}}],"inLanguage":"es"},{"@type":"Organization","@id":"https:\/\/espaicrater.com\/#organization","name":"Espai Cr\u00e0ter","url":"https:\/\/espaicrater.com\/","logo":{"@type":"ImageObject","inLanguage":"es","@id":"https:\/\/espaicrater.com\/#\/schema\/logo\/image\/","url":"https:\/\/espaicrater.com\/app\/uploads\/2022\/02\/espai-crater-1.png","contentUrl":"https:\/\/espaicrater.com\/app\/uploads\/2022\/02\/espai-crater-1.png","width":801,"height":320,"caption":"Espai Cr\u00e0ter"},"image":{"@id":"https:\/\/espaicrater.com\/#\/schema\/logo\/image\/"}},{"@type":"Person","@id":"https:\/\/espaicrater.com\/#\/schema\/person\/a48c2f8a557403d7b5f81dc74fe2b085","name":"N\u00faria Llop","image":{"@type":"ImageObject","inLanguage":"es","@id":"https:\/\/secure.gravatar.com\/avatar\/8b04d94749e92b2ed0bb94dd68fd5f53fdbf6a032bec654014ada9a65a590288?s=96&d=mm&r=g","url":"https:\/\/secure.gravatar.com\/avatar\/8b04d94749e92b2ed0bb94dd68fd5f53fdbf6a032bec654014ada9a65a590288?s=96&d=mm&r=g","contentUrl":"https:\/\/secure.gravatar.com\/avatar\/8b04d94749e92b2ed0bb94dd68fd5f53fdbf6a032bec654014ada9a65a590288?s=96&d=mm&r=g","caption":"N\u00faria Llop"},"url":"https:\/\/espaicrater.com\/es\/author\/nuria\/"}]}},"_links":{"self":[{"href":"https:\/\/espaicrater.com\/es\/wp-json\/wp\/v2\/posts\/8184","targetHints":{"allow":["GET"]}}],"collection":[{"href":"https:\/\/espaicrater.com\/es\/wp-json\/wp\/v2\/posts"}],"about":[{"href":"https:\/\/espaicrater.com\/es\/wp-json\/wp\/v2\/types\/post"}],"author":[{"embeddable":true,"href":"https:\/\/espaicrater.com\/es\/wp-json\/wp\/v2\/users\/2"}],"replies":[{"embeddable":true,"href":"https:\/\/espaicrater.com\/es\/wp-json\/wp\/v2\/comments?post=8184"}],"version-history":[{"count":1,"href":"https:\/\/espaicrater.com\/es\/wp-json\/wp\/v2\/posts\/8184\/revisions"}],"predecessor-version":[{"id":8186,"href":"https:\/\/espaicrater.com\/es\/wp-json\/wp\/v2\/posts\/8184\/revisions\/8186"}],"wp:featuredmedia":[{"embeddable":true,"href":"https:\/\/espaicrater.com\/es\/wp-json\/wp\/v2\/media\/6695"}],"wp:attachment":[{"href":"https:\/\/espaicrater.com\/es\/wp-json\/wp\/v2\/media?parent=8184"}],"curies":[{"name":"wp","href":"https:\/\/api.w.org\/{rel}","templated":true}]}}