{"id":8558,"date":"2024-03-26T10:49:49","date_gmt":"2024-03-26T09:49:49","guid":{"rendered":"https:\/\/espaicrater.com\/lespai-crater-estrena-un-videomapatge-aquesta-setmana-santa\/"},"modified":"2024-03-26T11:39:25","modified_gmt":"2024-03-26T10:39:25","slug":"lespai-crater-estrena-un-videomapatge-aquesta-setmana-santa","status":"publish","type":"post","link":"https:\/\/espaicrater.com\/es\/lespai-crater-estrena-un-videomapatge-aquesta-setmana-santa\/","title":{"rendered":"El Espai Cr\u00e0ter estrena un &#8216;video mapping&#8217; esta Semana Santa"},"content":{"rendered":"\n<p>Se trata de un nuevo videomapaje que sustituye al que se pod\u00eda ver hasta el momento sobre el afloramiento del volc\u00e1n del Puig del Roser, uno de los elementos m\u00e1s singulares de la exposici\u00f3n. Con la nueva proyecci\u00f3n, los visitantes pueden tener m\u00e1s informaci\u00f3n sobre este volc\u00e1n, dentro del cual est\u00e1 situado el Espai Cr\u00e0ter, y aprender sobre su formaci\u00f3n y caracter\u00edsticas. El v\u00eddeo tambi\u00e9n descubre una antigua fumarola, un elemento destacado y de dif\u00edcil observaci\u00f3n en el resto de afloramientos singulares del Parque Natural de la Zona Volc\u00e1nica de la Garrotxa.<\/p>\n\n\n\n<p>El nuevo videomapaje ha sido posible gracias a una subvenci\u00f3n del Departamento de Cultura de la Generalitat de Catalunya para proyectos culturales con tecnolog\u00eda inmersiva. El importe total del proyecto ha sido de 35.090\u20ac, de los cuales un 63% han sido subvencionados.<\/p>\n\n\n\n<figure class=\"wp-block-image size-large\"><img loading=\"lazy\" decoding=\"async\" width=\"2000\" height=\"1333\" src=\"https:\/\/espaicrater.com\/app\/uploads\/2024\/03\/Nou-videomapping-a-lEspai-Crater-1-2000x1333.jpg\" alt=\"\" class=\"wp-image-8543\" srcset=\"https:\/\/espaicrater.com\/app\/uploads\/2024\/03\/Nou-videomapping-a-lEspai-Crater-1-2000x1333.jpg 2000w, https:\/\/espaicrater.com\/app\/uploads\/2024\/03\/Nou-videomapping-a-lEspai-Crater-1-300x200.jpg 300w, https:\/\/espaicrater.com\/app\/uploads\/2024\/03\/Nou-videomapping-a-lEspai-Crater-1-768x512.jpg 768w, https:\/\/espaicrater.com\/app\/uploads\/2024\/03\/Nou-videomapping-a-lEspai-Crater-1-1536x1024.jpg 1536w, https:\/\/espaicrater.com\/app\/uploads\/2024\/03\/Nou-videomapping-a-lEspai-Crater-1-2048x1365.jpg 2048w\" sizes=\"auto, (max-width: 2000px) 100vw, 2000px\" \/><\/figure>\n\n\n\n<p><strong>\u00bfC\u00f3mo se form\u00f3 el volc\u00e1n del Puig del Roser?<\/strong><br>Para la realizaci\u00f3n del videomapaje se ha contado con el asesoramiento del equipo de Vulcanolog\u00eda Aplicada del Geociencias Barcelona del <a href=\"https:\/\/www.csic.es\/es\">CSIC<\/a>, lo que ha permitido incorporar nuevas informaciones obtenidas sobre el volc\u00e1n del Puig del Roser. El proyecto ha sido desarrollado por la empresa <a href=\"https:\/\/www.onionlab.com\/es\/\">Onionlab<\/a>, que ha utilizado la animaci\u00f3n 3D y programas de generaci\u00f3n de simulaciones volc\u00e1nicas. La proyecci\u00f3n destaca la formaci\u00f3n del afloramiento a partir de su erupci\u00f3n, as\u00ed como los diferentes elementos que se pueden identificar. Mediante el estudio de los dep\u00f3sitos volc\u00e1nicos del volc\u00e1n Puig del Roser se ha descubierto que se trata del mismo sistema eruptivo que form\u00f3 el Montsacopa y que la erupci\u00f3n fue de tipo fisural, como las erupciones que se han producido recientemente en Islandia o en la isla de la Palma. El v\u00eddeo muestra c\u00f3mo se va producir la ca\u00edda de piroclastos, formando el dep\u00f3sito volc\u00e1nico; las diferentes partes del afloramiento y las bombas volc\u00e1nicas que pueden verse, y la alteraci\u00f3n de las rocas por el paso de una antigua fumarola.<\/p>\n\n\n\n<figure class=\"wp-block-image size-full\"><img loading=\"lazy\" decoding=\"async\" width=\"20\" height=\"20\" src=\"https:\/\/espaicrater.com\/app\/uploads\/2024\/03\/image.png\" alt=\"\" class=\"wp-image-8560\"\/><\/figure>\n\n\n\n<figure class=\"wp-block-image size-large\"><img loading=\"lazy\" decoding=\"async\" width=\"2000\" height=\"1333\" src=\"https:\/\/espaicrater.com\/app\/uploads\/2024\/03\/Nou-videomapping-a-lEspai-Crater-3-2000x1333.jpg\" alt=\"\" class=\"wp-image-8539\" srcset=\"https:\/\/espaicrater.com\/app\/uploads\/2024\/03\/Nou-videomapping-a-lEspai-Crater-3-2000x1333.jpg 2000w, https:\/\/espaicrater.com\/app\/uploads\/2024\/03\/Nou-videomapping-a-lEspai-Crater-3-300x200.jpg 300w, https:\/\/espaicrater.com\/app\/uploads\/2024\/03\/Nou-videomapping-a-lEspai-Crater-3-768x512.jpg 768w, https:\/\/espaicrater.com\/app\/uploads\/2024\/03\/Nou-videomapping-a-lEspai-Crater-3-1536x1024.jpg 1536w, https:\/\/espaicrater.com\/app\/uploads\/2024\/03\/Nou-videomapping-a-lEspai-Crater-3-2048x1365.jpg 2048w\" sizes=\"auto, (max-width: 2000px) 100vw, 2000px\" \/><\/figure>\n\n\n\n<p>Por \u00faltimo, en lugares espec\u00edficos del afloramiento se identifican y se muestran una serie de rocas que se han extra\u00eddo y analizado en los laboratorios del Geociencias Barcelona del CSIC, en diferentes niveles de zoom (microscopio \u00f3ptico y microscopio electr\u00f3nico). Como novedad, tambi\u00e9n se ha instalado iluminaci\u00f3n extra que permite ver el color real del afloramiento y descubrir sus cambios de formas y texturas.<\/p>\n\n\n\n<p><strong>La otra gran novedad de 2024: un cubo inmersivo <\/strong><br>En julio llegar\u00e1 la otra gran novedad de este 2024 al Espai Cr\u00e0ter: un cubo inmersivo. Los fondos Next Generation, a trav\u00e9s de los Planes de Sostenibilidad Tur\u00edstica en Destinos (PSTD), permitir\u00e1n que el Espai Cr\u00e0ter pueda ofrecer una nueva experiencia inmersiva para que los visitantes conozcan diferentes tipos de volcanes, desde submarinos hasta extraterrestres, pasando por el vulcanismo glacial.<br><br><strong>A punto de superar los 100.000 usuarios <\/strong><br>Para esta Semana Santa, el Espai Cr\u00e0ter ha ampliado la programaci\u00f3n de visitas guiadas a la exposici\u00f3n y al volc\u00e1n del Montsacopa. Tambi\u00e9n se han programado m\u00e1s sesiones de los talleres familiares \u00abPintamos con minerales\u00bb y \u00abC\u00f3mo nace un volc\u00e1n?\u00bb, que se pueden consultar y reservar en la <a href=\"https:\/\/espaicrater.com\/es\/actividades\/\">p\u00e1gina web<\/a>. <\/p>\n\n\n\n<p>Dos a\u00f1os despu\u00e9s de su apertura, el centro ha recibido a 98.263 usuarios, de los que 82.299 han visitado la exposici\u00f3n. Los visitantes valoran su experiencia en el Espai Cr\u00e0ter como excelente, con una nota media de 9,37\/10.<\/p>\n\n\n\n<p><a href=\"https:\/\/espaicrater.com\/es\/visita\/\">Toda la informaci\u00f3n sobre las visitas al Espai Cr\u00e0ter. <\/a><\/p>\n","protected":false},"excerpt":{"rendered":"<p>Se trata de un nuevo videomapaje que sustituye al que se pod\u00eda ver hasta el momento sobre el afloramiento del volc\u00e1n del Puig del Roser, uno de los elementos m\u00e1s singulares de la exposici\u00f3n. Con la nueva proyecci\u00f3n, los visitantes pueden tener m\u00e1s informaci\u00f3n sobre este volc\u00e1n, dentro del cual est\u00e1 situado el Espai Cr\u00e0ter, &hellip; <a href=\"https:\/\/espaicrater.com\/es\/lespai-crater-estrena-un-videomapatge-aquesta-setmana-santa\/\">Continued<\/a><\/p>\n","protected":false},"author":2,"featured_media":8554,"comment_status":"open","ping_status":"open","sticky":false,"template":"","format":"standard","meta":{"_acf_changed":false,"footnotes":""},"class_list":["post-8558","post","type-post","status-publish","format-standard","has-post-thumbnail","hentry"],"acf":[],"yoast_head":"<title>El Espai Cr\u00e0ter estrena un &#039;video mapping&#039; esta Semana Santa - Espai Cr\u00e0ter<\/title>\n<meta name=\"description\" content=\"Se trata de un nuevo videomapaje que sustituye al que pod\u00eda verse hasta el momento sobre el afloramiento del volc\u00e1n del Puig del Roser...\" \/>\n<meta name=\"robots\" content=\"index, follow, max-snippet:-1, max-image-preview:large, max-video-preview:-1\" \/>\n<link rel=\"canonical\" href=\"https:\/\/espaicrater.com\/es\/lespai-crater-estrena-un-videomapatge-aquesta-setmana-santa\/\" \/>\n<meta property=\"og:locale\" content=\"es_ES\" \/>\n<meta property=\"og:type\" content=\"article\" \/>\n<meta property=\"og:title\" content=\"El Espai Cr\u00e0ter estrena un &#039;video mapping&#039; esta Semana Santa - Espai Cr\u00e0ter\" \/>\n<meta property=\"og:description\" content=\"Se trata de un nuevo videomapaje que sustituye al que pod\u00eda verse hasta el momento sobre el afloramiento del volc\u00e1n del Puig del Roser...\" \/>\n<meta property=\"og:url\" content=\"https:\/\/espaicrater.com\/es\/lespai-crater-estrena-un-videomapatge-aquesta-setmana-santa\/\" \/>\n<meta property=\"og:site_name\" content=\"Espai Cr\u00e0ter\" \/>\n<meta property=\"article:published_time\" content=\"2024-03-26T09:49:49+00:00\" \/>\n<meta property=\"article:modified_time\" content=\"2024-03-26T10:39:25+00:00\" \/>\n<meta property=\"og:image\" content=\"https:\/\/espaicrater.com\/app\/uploads\/2024\/03\/Nou-videomapping-a-lEspai-Crater-4.jpg\" \/>\n\t<meta property=\"og:image:width\" content=\"2066\" \/>\n\t<meta property=\"og:image:height\" content=\"1446\" \/>\n\t<meta property=\"og:image:type\" content=\"image\/jpeg\" \/>\n<meta name=\"author\" content=\"N\u00faria Llop\" \/>\n<meta name=\"twitter:card\" content=\"summary_large_image\" \/>\n<meta name=\"twitter:label1\" content=\"Escrito por\" \/>\n\t<meta name=\"twitter:data1\" content=\"N\u00faria Llop\" \/>\n\t<meta name=\"twitter:label2\" content=\"Tiempo de lectura\" \/>\n\t<meta name=\"twitter:data2\" content=\"3 minutos\" \/>\n<script type=\"application\/ld+json\" class=\"yoast-schema-graph\">{\"@context\":\"https:\\\/\\\/schema.org\",\"@graph\":[{\"@type\":\"Article\",\"@id\":\"https:\\\/\\\/espaicrater.com\\\/es\\\/lespai-crater-estrena-un-videomapatge-aquesta-setmana-santa\\\/#article\",\"isPartOf\":{\"@id\":\"https:\\\/\\\/espaicrater.com\\\/es\\\/lespai-crater-estrena-un-videomapatge-aquesta-setmana-santa\\\/\"},\"author\":{\"name\":\"N\u00faria Llop\",\"@id\":\"https:\\\/\\\/espaicrater.com\\\/#\\\/schema\\\/person\\\/a48c2f8a557403d7b5f81dc74fe2b085\"},\"headline\":\"El Espai Cr\u00e0ter estrena un &#8216;video mapping&#8217; esta Semana Santa\",\"datePublished\":\"2024-03-26T09:49:49+00:00\",\"dateModified\":\"2024-03-26T10:39:25+00:00\",\"mainEntityOfPage\":{\"@id\":\"https:\\\/\\\/espaicrater.com\\\/es\\\/lespai-crater-estrena-un-videomapatge-aquesta-setmana-santa\\\/\"},\"wordCount\":618,\"commentCount\":0,\"publisher\":{\"@id\":\"https:\\\/\\\/espaicrater.com\\\/#organization\"},\"image\":{\"@id\":\"https:\\\/\\\/espaicrater.com\\\/es\\\/lespai-crater-estrena-un-videomapatge-aquesta-setmana-santa\\\/#primaryimage\"},\"thumbnailUrl\":\"https:\\\/\\\/espaicrater.com\\\/app\\\/uploads\\\/2024\\\/03\\\/Nou-videomapping-a-lEspai-Crater-4.jpg\",\"inLanguage\":\"es\",\"potentialAction\":[{\"@type\":\"CommentAction\",\"name\":\"Comment\",\"target\":[\"https:\\\/\\\/espaicrater.com\\\/es\\\/lespai-crater-estrena-un-videomapatge-aquesta-setmana-santa\\\/#respond\"]}]},{\"@type\":\"WebPage\",\"@id\":\"https:\\\/\\\/espaicrater.com\\\/es\\\/lespai-crater-estrena-un-videomapatge-aquesta-setmana-santa\\\/\",\"url\":\"https:\\\/\\\/espaicrater.com\\\/es\\\/lespai-crater-estrena-un-videomapatge-aquesta-setmana-santa\\\/\",\"name\":\"El Espai Cr\u00e0ter estrena un 'video mapping' esta Semana Santa - Espai Cr\u00e0ter\",\"isPartOf\":{\"@id\":\"https:\\\/\\\/espaicrater.com\\\/#website\"},\"primaryImageOfPage\":{\"@id\":\"https:\\\/\\\/espaicrater.com\\\/es\\\/lespai-crater-estrena-un-videomapatge-aquesta-setmana-santa\\\/#primaryimage\"},\"image\":{\"@id\":\"https:\\\/\\\/espaicrater.com\\\/es\\\/lespai-crater-estrena-un-videomapatge-aquesta-setmana-santa\\\/#primaryimage\"},\"thumbnailUrl\":\"https:\\\/\\\/espaicrater.com\\\/app\\\/uploads\\\/2024\\\/03\\\/Nou-videomapping-a-lEspai-Crater-4.jpg\",\"datePublished\":\"2024-03-26T09:49:49+00:00\",\"dateModified\":\"2024-03-26T10:39:25+00:00\",\"description\":\"Se trata de un nuevo videomapaje que sustituye al que pod\u00eda verse hasta el momento sobre el afloramiento del volc\u00e1n del Puig del Roser...\",\"breadcrumb\":{\"@id\":\"https:\\\/\\\/espaicrater.com\\\/es\\\/lespai-crater-estrena-un-videomapatge-aquesta-setmana-santa\\\/#breadcrumb\"},\"inLanguage\":\"es\",\"potentialAction\":[{\"@type\":\"ReadAction\",\"target\":[\"https:\\\/\\\/espaicrater.com\\\/es\\\/lespai-crater-estrena-un-videomapatge-aquesta-setmana-santa\\\/\"]}]},{\"@type\":\"ImageObject\",\"inLanguage\":\"es\",\"@id\":\"https:\\\/\\\/espaicrater.com\\\/es\\\/lespai-crater-estrena-un-videomapatge-aquesta-setmana-santa\\\/#primaryimage\",\"url\":\"https:\\\/\\\/espaicrater.com\\\/app\\\/uploads\\\/2024\\\/03\\\/Nou-videomapping-a-lEspai-Crater-4.jpg\",\"contentUrl\":\"https:\\\/\\\/espaicrater.com\\\/app\\\/uploads\\\/2024\\\/03\\\/Nou-videomapping-a-lEspai-Crater-4.jpg\",\"width\":2066,\"height\":1446},{\"@type\":\"BreadcrumbList\",\"@id\":\"https:\\\/\\\/espaicrater.com\\\/es\\\/lespai-crater-estrena-un-videomapatge-aquesta-setmana-santa\\\/#breadcrumb\",\"itemListElement\":[{\"@type\":\"ListItem\",\"position\":1,\"name\":\"Inicio\",\"item\":\"https:\\\/\\\/espaicrater.com\\\/es\\\/\"},{\"@type\":\"ListItem\",\"position\":2,\"name\":\"El Espai Cr\u00e0ter estrena un &#8216;video mapping&#8217; esta Semana Santa\"}]},{\"@type\":\"WebSite\",\"@id\":\"https:\\\/\\\/espaicrater.com\\\/#website\",\"url\":\"https:\\\/\\\/espaicrater.com\\\/\",\"name\":\"Espai Cr\u00e0ter\",\"description\":\"Viatge al centre de la vida\",\"publisher\":{\"@id\":\"https:\\\/\\\/espaicrater.com\\\/#organization\"},\"potentialAction\":[{\"@type\":\"SearchAction\",\"target\":{\"@type\":\"EntryPoint\",\"urlTemplate\":\"https:\\\/\\\/espaicrater.com\\\/?s={search_term_string}\"},\"query-input\":{\"@type\":\"PropertyValueSpecification\",\"valueRequired\":true,\"valueName\":\"search_term_string\"}}],\"inLanguage\":\"es\"},{\"@type\":\"Organization\",\"@id\":\"https:\\\/\\\/espaicrater.com\\\/#organization\",\"name\":\"Espai Cr\u00e0ter\",\"url\":\"https:\\\/\\\/espaicrater.com\\\/\",\"logo\":{\"@type\":\"ImageObject\",\"inLanguage\":\"es\",\"@id\":\"https:\\\/\\\/espaicrater.com\\\/#\\\/schema\\\/logo\\\/image\\\/\",\"url\":\"https:\\\/\\\/espaicrater.com\\\/app\\\/uploads\\\/2022\\\/02\\\/espai-crater-1.png\",\"contentUrl\":\"https:\\\/\\\/espaicrater.com\\\/app\\\/uploads\\\/2022\\\/02\\\/espai-crater-1.png\",\"width\":801,\"height\":320,\"caption\":\"Espai Cr\u00e0ter\"},\"image\":{\"@id\":\"https:\\\/\\\/espaicrater.com\\\/#\\\/schema\\\/logo\\\/image\\\/\"}},{\"@type\":\"Person\",\"@id\":\"https:\\\/\\\/espaicrater.com\\\/#\\\/schema\\\/person\\\/a48c2f8a557403d7b5f81dc74fe2b085\",\"name\":\"N\u00faria Llop\",\"image\":{\"@type\":\"ImageObject\",\"inLanguage\":\"es\",\"@id\":\"https:\\\/\\\/secure.gravatar.com\\\/avatar\\\/8b04d94749e92b2ed0bb94dd68fd5f53fdbf6a032bec654014ada9a65a590288?s=96&d=mm&r=g\",\"url\":\"https:\\\/\\\/secure.gravatar.com\\\/avatar\\\/8b04d94749e92b2ed0bb94dd68fd5f53fdbf6a032bec654014ada9a65a590288?s=96&d=mm&r=g\",\"contentUrl\":\"https:\\\/\\\/secure.gravatar.com\\\/avatar\\\/8b04d94749e92b2ed0bb94dd68fd5f53fdbf6a032bec654014ada9a65a590288?s=96&d=mm&r=g\",\"caption\":\"N\u00faria Llop\"},\"url\":\"https:\\\/\\\/espaicrater.com\\\/es\\\/author\\\/nuria\\\/\"}]}<\/script>","yoast_head_json":{"title":"El Espai Cr\u00e0ter estrena un 'video mapping' esta Semana Santa - Espai Cr\u00e0ter","description":"Se trata de un nuevo videomapaje que sustituye al que pod\u00eda verse hasta el momento sobre el afloramiento del volc\u00e1n del Puig del Roser...","robots":{"index":"index","follow":"follow","max-snippet":"max-snippet:-1","max-image-preview":"max-image-preview:large","max-video-preview":"max-video-preview:-1"},"canonical":"https:\/\/espaicrater.com\/es\/lespai-crater-estrena-un-videomapatge-aquesta-setmana-santa\/","og_locale":"es_ES","og_type":"article","og_title":"El Espai Cr\u00e0ter estrena un 'video mapping' esta Semana Santa - Espai Cr\u00e0ter","og_description":"Se trata de un nuevo videomapaje que sustituye al que pod\u00eda verse hasta el momento sobre el afloramiento del volc\u00e1n del Puig del Roser...","og_url":"https:\/\/espaicrater.com\/es\/lespai-crater-estrena-un-videomapatge-aquesta-setmana-santa\/","og_site_name":"Espai Cr\u00e0ter","article_published_time":"2024-03-26T09:49:49+00:00","article_modified_time":"2024-03-26T10:39:25+00:00","og_image":[{"width":2066,"height":1446,"url":"https:\/\/espaicrater.com\/app\/uploads\/2024\/03\/Nou-videomapping-a-lEspai-Crater-4.jpg","type":"image\/jpeg"}],"author":"N\u00faria Llop","twitter_card":"summary_large_image","twitter_misc":{"Escrito por":"N\u00faria Llop","Tiempo de lectura":"3 minutos"},"schema":{"@context":"https:\/\/schema.org","@graph":[{"@type":"Article","@id":"https:\/\/espaicrater.com\/es\/lespai-crater-estrena-un-videomapatge-aquesta-setmana-santa\/#article","isPartOf":{"@id":"https:\/\/espaicrater.com\/es\/lespai-crater-estrena-un-videomapatge-aquesta-setmana-santa\/"},"author":{"name":"N\u00faria Llop","@id":"https:\/\/espaicrater.com\/#\/schema\/person\/a48c2f8a557403d7b5f81dc74fe2b085"},"headline":"El Espai Cr\u00e0ter estrena un &#8216;video mapping&#8217; esta Semana Santa","datePublished":"2024-03-26T09:49:49+00:00","dateModified":"2024-03-26T10:39:25+00:00","mainEntityOfPage":{"@id":"https:\/\/espaicrater.com\/es\/lespai-crater-estrena-un-videomapatge-aquesta-setmana-santa\/"},"wordCount":618,"commentCount":0,"publisher":{"@id":"https:\/\/espaicrater.com\/#organization"},"image":{"@id":"https:\/\/espaicrater.com\/es\/lespai-crater-estrena-un-videomapatge-aquesta-setmana-santa\/#primaryimage"},"thumbnailUrl":"https:\/\/espaicrater.com\/app\/uploads\/2024\/03\/Nou-videomapping-a-lEspai-Crater-4.jpg","inLanguage":"es","potentialAction":[{"@type":"CommentAction","name":"Comment","target":["https:\/\/espaicrater.com\/es\/lespai-crater-estrena-un-videomapatge-aquesta-setmana-santa\/#respond"]}]},{"@type":"WebPage","@id":"https:\/\/espaicrater.com\/es\/lespai-crater-estrena-un-videomapatge-aquesta-setmana-santa\/","url":"https:\/\/espaicrater.com\/es\/lespai-crater-estrena-un-videomapatge-aquesta-setmana-santa\/","name":"El Espai Cr\u00e0ter estrena un 'video mapping' esta Semana Santa - Espai Cr\u00e0ter","isPartOf":{"@id":"https:\/\/espaicrater.com\/#website"},"primaryImageOfPage":{"@id":"https:\/\/espaicrater.com\/es\/lespai-crater-estrena-un-videomapatge-aquesta-setmana-santa\/#primaryimage"},"image":{"@id":"https:\/\/espaicrater.com\/es\/lespai-crater-estrena-un-videomapatge-aquesta-setmana-santa\/#primaryimage"},"thumbnailUrl":"https:\/\/espaicrater.com\/app\/uploads\/2024\/03\/Nou-videomapping-a-lEspai-Crater-4.jpg","datePublished":"2024-03-26T09:49:49+00:00","dateModified":"2024-03-26T10:39:25+00:00","description":"Se trata de un nuevo videomapaje que sustituye al que pod\u00eda verse hasta el momento sobre el afloramiento del volc\u00e1n del Puig del Roser...","breadcrumb":{"@id":"https:\/\/espaicrater.com\/es\/lespai-crater-estrena-un-videomapatge-aquesta-setmana-santa\/#breadcrumb"},"inLanguage":"es","potentialAction":[{"@type":"ReadAction","target":["https:\/\/espaicrater.com\/es\/lespai-crater-estrena-un-videomapatge-aquesta-setmana-santa\/"]}]},{"@type":"ImageObject","inLanguage":"es","@id":"https:\/\/espaicrater.com\/es\/lespai-crater-estrena-un-videomapatge-aquesta-setmana-santa\/#primaryimage","url":"https:\/\/espaicrater.com\/app\/uploads\/2024\/03\/Nou-videomapping-a-lEspai-Crater-4.jpg","contentUrl":"https:\/\/espaicrater.com\/app\/uploads\/2024\/03\/Nou-videomapping-a-lEspai-Crater-4.jpg","width":2066,"height":1446},{"@type":"BreadcrumbList","@id":"https:\/\/espaicrater.com\/es\/lespai-crater-estrena-un-videomapatge-aquesta-setmana-santa\/#breadcrumb","itemListElement":[{"@type":"ListItem","position":1,"name":"Inicio","item":"https:\/\/espaicrater.com\/es\/"},{"@type":"ListItem","position":2,"name":"El Espai Cr\u00e0ter estrena un &#8216;video mapping&#8217; esta Semana Santa"}]},{"@type":"WebSite","@id":"https:\/\/espaicrater.com\/#website","url":"https:\/\/espaicrater.com\/","name":"Espai Cr\u00e0ter","description":"Viatge al centre de la vida","publisher":{"@id":"https:\/\/espaicrater.com\/#organization"},"potentialAction":[{"@type":"SearchAction","target":{"@type":"EntryPoint","urlTemplate":"https:\/\/espaicrater.com\/?s={search_term_string}"},"query-input":{"@type":"PropertyValueSpecification","valueRequired":true,"valueName":"search_term_string"}}],"inLanguage":"es"},{"@type":"Organization","@id":"https:\/\/espaicrater.com\/#organization","name":"Espai Cr\u00e0ter","url":"https:\/\/espaicrater.com\/","logo":{"@type":"ImageObject","inLanguage":"es","@id":"https:\/\/espaicrater.com\/#\/schema\/logo\/image\/","url":"https:\/\/espaicrater.com\/app\/uploads\/2022\/02\/espai-crater-1.png","contentUrl":"https:\/\/espaicrater.com\/app\/uploads\/2022\/02\/espai-crater-1.png","width":801,"height":320,"caption":"Espai Cr\u00e0ter"},"image":{"@id":"https:\/\/espaicrater.com\/#\/schema\/logo\/image\/"}},{"@type":"Person","@id":"https:\/\/espaicrater.com\/#\/schema\/person\/a48c2f8a557403d7b5f81dc74fe2b085","name":"N\u00faria Llop","image":{"@type":"ImageObject","inLanguage":"es","@id":"https:\/\/secure.gravatar.com\/avatar\/8b04d94749e92b2ed0bb94dd68fd5f53fdbf6a032bec654014ada9a65a590288?s=96&d=mm&r=g","url":"https:\/\/secure.gravatar.com\/avatar\/8b04d94749e92b2ed0bb94dd68fd5f53fdbf6a032bec654014ada9a65a590288?s=96&d=mm&r=g","contentUrl":"https:\/\/secure.gravatar.com\/avatar\/8b04d94749e92b2ed0bb94dd68fd5f53fdbf6a032bec654014ada9a65a590288?s=96&d=mm&r=g","caption":"N\u00faria Llop"},"url":"https:\/\/espaicrater.com\/es\/author\/nuria\/"}]}},"_links":{"self":[{"href":"https:\/\/espaicrater.com\/es\/wp-json\/wp\/v2\/posts\/8558","targetHints":{"allow":["GET"]}}],"collection":[{"href":"https:\/\/espaicrater.com\/es\/wp-json\/wp\/v2\/posts"}],"about":[{"href":"https:\/\/espaicrater.com\/es\/wp-json\/wp\/v2\/types\/post"}],"author":[{"embeddable":true,"href":"https:\/\/espaicrater.com\/es\/wp-json\/wp\/v2\/users\/2"}],"replies":[{"embeddable":true,"href":"https:\/\/espaicrater.com\/es\/wp-json\/wp\/v2\/comments?post=8558"}],"version-history":[{"count":3,"href":"https:\/\/espaicrater.com\/es\/wp-json\/wp\/v2\/posts\/8558\/revisions"}],"predecessor-version":[{"id":8568,"href":"https:\/\/espaicrater.com\/es\/wp-json\/wp\/v2\/posts\/8558\/revisions\/8568"}],"wp:featuredmedia":[{"embeddable":true,"href":"https:\/\/espaicrater.com\/es\/wp-json\/wp\/v2\/media\/8554"}],"wp:attachment":[{"href":"https:\/\/espaicrater.com\/es\/wp-json\/wp\/v2\/media?parent=8558"}],"curies":[{"name":"wp","href":"https:\/\/api.w.org\/{rel}","templated":true}]}}