{"id":8615,"date":"2024-04-04T16:52:49","date_gmt":"2024-04-04T14:52:49","guid":{"rendered":"https:\/\/espaicrater.com\/programacio-primavera-espai-crater\/"},"modified":"2024-04-05T11:12:44","modified_gmt":"2024-04-05T09:12:44","slug":"esther-painagua-primavera","status":"publish","type":"post","link":"https:\/\/espaicrater.com\/es\/esther-painagua-primavera\/","title":{"rendered":"\u00bfQu\u00e9 ocurre si un d\u00eda nos levantamos sin internet? Esther Paniagua hablar\u00e1 sobre ello en el Espai Cr\u00e0ter esta primavera"},"content":{"rendered":"\n<p><strong>Despu\u00e9s de una Semana Santa con mucha afluencia de visitantes y el estreno del videomapaje, el Espai Cr\u00e0ter comienza la programaci\u00f3n de primavera con propuestas que van desde abril hasta junio<\/strong><\/p>\n\n\n\n<p>Uno de los actos m\u00e1s relevantes es la conferencia <strong><em>\u00bfPreparados para un mundo sin internet?<\/em><\/strong>, en la que <a href=\"https:\/\/estherpaniagua.com\/\">Esther Paniagua<\/a> cuestiona qu\u00e9 pasar\u00eda si un d\u00eda nos levantamos sin internet y el impacto que podr\u00eda tener en nuestras vidas. La ponente profundizar\u00e1 en temas como la dependencia de internet y la fragilidad del sistema: riesgos online, privacidad, desinformaci\u00f3n, adicci\u00f3n y econom\u00eda de la atenci\u00f3n. Y demostrar\u00e1 que nuestro mundo est\u00e1 mediado por la inteligencia artificial y algoritmos.<\/p>\n\n\n\n<p>Esther Paniagua (Madrid, 1986) es periodista independiente en medios nacionales e internacionales y autora especializada en tecnolog\u00eda y ciberseguridad. Ha sido reconocida como una de las mejores escritoras cient\u00edficas de Europa, entre m\u00faltiples premios period\u00edsticos, y ha sido escogida en varias ocasiones como una de las \u201cTop 100 Mujeres L\u00edderes de Espa\u00f1a\u201d y de las \u201c100 Personas m\u00e1s creativas en los negocios\u201d por la revista Forbes. Su libro <em>Error 404. \u00bfPreparados para un mundo sin internet?<\/em> se ha traducido a seis lenguas y forma parte de la bibliograf\u00eda acad\u00e9mica en universidades espa\u00f1olas y europeas.<\/p>\n\n\n\n<p>La charla tendr\u00e1 lugar el viernes 3 de mayo a las 7 de la tarde en la Sala Magma. La entrada es gratuita <a href=\"https:\/\/espaicrater.com\/activitats\/\">previa inscripci\u00f3n<\/a>.<\/p>\n\n\n\n<p><\/p>\n\n\n\n<p><strong>Actividades familiares en el Aula Bufador y en el barrio de Sant Pere M\u00e0rtir<\/strong><br><br>Con el objetivo de continuar fomentando el esp\u00edritu cient\u00edfico entre los peque\u00f1os, el Espai Cr\u00e0ter presenta dos nuevos talleres familiares para esta primavera: \u201c<strong>Minimundos de la Garrotxa<\/strong>\u201d y \u201c<strong>El suelo. \u00bfQu\u00e9 pisamos?<\/strong>\u201d.<\/p>\n\n\n\n<p>El primero propone a los ni\u00f1os de entre 2 y 6 a\u00f1os un descubrimiento de los paisajes de nuestra comarca explorando los minimundos. Los bosques, r\u00edos y ciudades se convierten en los protagonistas para descubrir nuestro entorno. En el segundo, los ni\u00f1os y ni\u00f1as de entre 6 y 12 a\u00f1os investigan las propiedades de las tierras volc\u00e1nicas y descubren cu\u00e1l es la composici\u00f3n de la tierra perfecta para sembrar sus plantas, que podr\u00e1n cuidar en casa.<\/p>\n\n\n\n<p>Tambi\u00e9n para el p\u00fablico familiar, el Espai Cr\u00e0ter sale de nuevo a la calle para hacer ciencia, esta vez en el barrio de Sant Pere M\u00e0rtir. La nueva sesi\u00f3n de \u201cCiencia en los barrios\u201d, que cuenta con la colaboraci\u00f3n del <a href=\"https:\/\/www.casg.cat\/\">Consorcio de Acci\u00f3n Social de la Garrotxa<\/a>, tendr\u00e1 lugar el s\u00e1bado 18 de mayo a las 11 de la ma\u00f1ana.<\/p>\n\n\n\n<p><strong>Recta final del ciclo de cine \u00abLa huella humana y otros animales\u00bb<\/strong><\/p>\n\n\n\n<p>El ciclo de cine gratuito \u00abLa huella humana y otros animales\u00bb llega a su fin con las dos \u00faltimas proyecciones de ficci\u00f3n y documental. El 26 de abril podr\u00e1 verse en la Sala Magma <em>Costa Brava, L\u00edbano<\/em> y el 24 de mayo <em>Blackfish<\/em>. Esta propuesta, que comenz\u00f3 en septiembre y tiene lugar el \u00faltimo viernes del mes, ha reunido ya a m\u00e1s de 300 asistentes.<\/p>\n\n\n\n<p>Esta primavera tambi\u00e9n finalizar\u00e1 la 17\u00aa edici\u00f3n del ciclo de conferencias \u201c<strong>Los grandes interrogantes de la ciencia<\/strong>\u201d, organizado por el <a href=\"https:\/\/www.consorcisigma.org\/\">Consorcio SIGMA,<\/a> el Espai Cr\u00e0ter y el <a href=\"http:\/\/pehoc.cat\/\">PEHOC<\/a>. Ainoa Guinart presentar\u00e1 <em>Motores moleculares, \u00bfrevoluci\u00f3n en la nanoescala?<\/em>, el 17 de mayo; Miquel Rovira, <em>\u00bfEn qu\u00e9 \u00e1mbitos tendremos que innovar para hacer frente a la emergencia h\u00eddrica en Catalu\u00f1a y el mundo?<\/em>, el 31 de mayo, y Noem\u00ed Segura, <em>R\u00edos llenos a rebosar, pero no de agua. \u00bfC\u00f3mo cambian las pozas con nuestra presencia?<\/em>, el 14 de junio.<\/p>\n\n\n\n<p><a href=\"https:\/\/espaicrater.com\/app\/uploads\/2024\/04\/TRIPTIC_PRIMAVERA-2.pdf\">Toda la programaci\u00f3n<\/a>. <\/p>\n\n\n\n<p><\/p>\n","protected":false},"excerpt":{"rendered":"<p>Despu\u00e9s de una Semana Santa con mucha afluencia de visitantes y el estreno del videomapaje, el Espai Cr\u00e0ter comienza la programaci\u00f3n de primavera con propuestas que van desde abril hasta junio Uno de los actos m\u00e1s relevantes es la conferencia \u00bfPreparados para un mundo sin internet?, en la que Esther Paniagua cuestiona qu\u00e9 pasar\u00eda si &hellip; <a href=\"https:\/\/espaicrater.com\/es\/esther-painagua-primavera\/\">Continued<\/a><\/p>\n","protected":false},"author":2,"featured_media":8602,"comment_status":"open","ping_status":"open","sticky":false,"template":"","format":"standard","meta":{"_acf_changed":false,"footnotes":""},"class_list":["post-8615","post","type-post","status-publish","format-standard","has-post-thumbnail","hentry"],"acf":[],"yoast_head":"<title>\u00bfQu\u00e9 ocurre si un d\u00eda nos levantamos sin internet? Esther Paniagua hablar\u00e1 sobre ello en el Espai Cr\u00e0ter esta primavera - Espai Cr\u00e0ter<\/title>\n<meta name=\"description\" content=\"El Espai Cr\u00e0ter presenta la programaci\u00f3n de primavera. El viernes 3 de mayo, la periodista Esther Paniagua reflexionar\u00e1 sobre el actual...\" \/>\n<meta name=\"robots\" content=\"index, follow, max-snippet:-1, max-image-preview:large, max-video-preview:-1\" \/>\n<link rel=\"canonical\" href=\"https:\/\/espaicrater.com\/es\/esther-painagua-primavera\/\" \/>\n<meta property=\"og:locale\" content=\"es_ES\" \/>\n<meta property=\"og:type\" content=\"article\" \/>\n<meta property=\"og:title\" content=\"\u00bfQu\u00e9 ocurre si un d\u00eda nos levantamos sin internet? Esther Paniagua hablar\u00e1 sobre ello en el Espai Cr\u00e0ter esta primavera - Espai Cr\u00e0ter\" \/>\n<meta property=\"og:description\" content=\"El Espai Cr\u00e0ter presenta la programaci\u00f3n de primavera. El viernes 3 de mayo, la periodista Esther Paniagua reflexionar\u00e1 sobre el actual...\" \/>\n<meta property=\"og:url\" content=\"https:\/\/espaicrater.com\/es\/esther-painagua-primavera\/\" \/>\n<meta property=\"og:site_name\" content=\"Espai Cr\u00e0ter\" \/>\n<meta property=\"article:published_time\" content=\"2024-04-04T14:52:49+00:00\" \/>\n<meta property=\"article:modified_time\" content=\"2024-04-05T09:12:44+00:00\" \/>\n<meta property=\"og:image\" content=\"https:\/\/espaicrater.com\/app\/uploads\/2024\/04\/Esther-Paniagua_Horizontal-1-scaled.jpg\" \/>\n\t<meta property=\"og:image:width\" content=\"2560\" \/>\n\t<meta property=\"og:image:height\" content=\"1707\" \/>\n\t<meta property=\"og:image:type\" content=\"image\/jpeg\" \/>\n<meta name=\"author\" content=\"N\u00faria Llop\" \/>\n<meta name=\"twitter:card\" content=\"summary_large_image\" \/>\n<meta name=\"twitter:label1\" content=\"Escrito por\" \/>\n\t<meta name=\"twitter:data1\" content=\"N\u00faria Llop\" \/>\n\t<meta name=\"twitter:label2\" content=\"Tiempo de lectura\" \/>\n\t<meta name=\"twitter:data2\" content=\"3 minutos\" \/>\n<script type=\"application\/ld+json\" class=\"yoast-schema-graph\">{\"@context\":\"https:\\\/\\\/schema.org\",\"@graph\":[{\"@type\":\"Article\",\"@id\":\"https:\\\/\\\/espaicrater.com\\\/es\\\/esther-painagua-primavera\\\/#article\",\"isPartOf\":{\"@id\":\"https:\\\/\\\/espaicrater.com\\\/es\\\/esther-painagua-primavera\\\/\"},\"author\":{\"name\":\"N\u00faria Llop\",\"@id\":\"https:\\\/\\\/espaicrater.com\\\/#\\\/schema\\\/person\\\/a48c2f8a557403d7b5f81dc74fe2b085\"},\"headline\":\"\u00bfQu\u00e9 ocurre si un d\u00eda nos levantamos sin internet? Esther Paniagua hablar\u00e1 sobre ello en el Espai Cr\u00e0ter esta primavera\",\"datePublished\":\"2024-04-04T14:52:49+00:00\",\"dateModified\":\"2024-04-05T09:12:44+00:00\",\"mainEntityOfPage\":{\"@id\":\"https:\\\/\\\/espaicrater.com\\\/es\\\/esther-painagua-primavera\\\/\"},\"wordCount\":637,\"commentCount\":0,\"publisher\":{\"@id\":\"https:\\\/\\\/espaicrater.com\\\/#organization\"},\"image\":{\"@id\":\"https:\\\/\\\/espaicrater.com\\\/es\\\/esther-painagua-primavera\\\/#primaryimage\"},\"thumbnailUrl\":\"https:\\\/\\\/espaicrater.com\\\/app\\\/uploads\\\/2024\\\/04\\\/Esther-Paniagua_Horizontal-1-scaled.jpg\",\"inLanguage\":\"es\",\"potentialAction\":[{\"@type\":\"CommentAction\",\"name\":\"Comment\",\"target\":[\"https:\\\/\\\/espaicrater.com\\\/es\\\/esther-painagua-primavera\\\/#respond\"]}]},{\"@type\":\"WebPage\",\"@id\":\"https:\\\/\\\/espaicrater.com\\\/es\\\/esther-painagua-primavera\\\/\",\"url\":\"https:\\\/\\\/espaicrater.com\\\/es\\\/esther-painagua-primavera\\\/\",\"name\":\"\u00bfQu\u00e9 ocurre si un d\u00eda nos levantamos sin internet? Esther Paniagua hablar\u00e1 sobre ello en el Espai Cr\u00e0ter esta primavera - Espai Cr\u00e0ter\",\"isPartOf\":{\"@id\":\"https:\\\/\\\/espaicrater.com\\\/#website\"},\"primaryImageOfPage\":{\"@id\":\"https:\\\/\\\/espaicrater.com\\\/es\\\/esther-painagua-primavera\\\/#primaryimage\"},\"image\":{\"@id\":\"https:\\\/\\\/espaicrater.com\\\/es\\\/esther-painagua-primavera\\\/#primaryimage\"},\"thumbnailUrl\":\"https:\\\/\\\/espaicrater.com\\\/app\\\/uploads\\\/2024\\\/04\\\/Esther-Paniagua_Horizontal-1-scaled.jpg\",\"datePublished\":\"2024-04-04T14:52:49+00:00\",\"dateModified\":\"2024-04-05T09:12:44+00:00\",\"description\":\"El Espai Cr\u00e0ter presenta la programaci\u00f3n de primavera. El viernes 3 de mayo, la periodista Esther Paniagua reflexionar\u00e1 sobre el actual...\",\"breadcrumb\":{\"@id\":\"https:\\\/\\\/espaicrater.com\\\/es\\\/esther-painagua-primavera\\\/#breadcrumb\"},\"inLanguage\":\"es\",\"potentialAction\":[{\"@type\":\"ReadAction\",\"target\":[\"https:\\\/\\\/espaicrater.com\\\/es\\\/esther-painagua-primavera\\\/\"]}]},{\"@type\":\"ImageObject\",\"inLanguage\":\"es\",\"@id\":\"https:\\\/\\\/espaicrater.com\\\/es\\\/esther-painagua-primavera\\\/#primaryimage\",\"url\":\"https:\\\/\\\/espaicrater.com\\\/app\\\/uploads\\\/2024\\\/04\\\/Esther-Paniagua_Horizontal-1-scaled.jpg\",\"contentUrl\":\"https:\\\/\\\/espaicrater.com\\\/app\\\/uploads\\\/2024\\\/04\\\/Esther-Paniagua_Horizontal-1-scaled.jpg\",\"width\":2560,\"height\":1707},{\"@type\":\"BreadcrumbList\",\"@id\":\"https:\\\/\\\/espaicrater.com\\\/es\\\/esther-painagua-primavera\\\/#breadcrumb\",\"itemListElement\":[{\"@type\":\"ListItem\",\"position\":1,\"name\":\"Inicio\",\"item\":\"https:\\\/\\\/espaicrater.com\\\/es\\\/\"},{\"@type\":\"ListItem\",\"position\":2,\"name\":\"\u00bfQu\u00e9 ocurre si un d\u00eda nos levantamos sin internet? Esther Paniagua hablar\u00e1 sobre ello en el Espai Cr\u00e0ter esta primavera\"}]},{\"@type\":\"WebSite\",\"@id\":\"https:\\\/\\\/espaicrater.com\\\/#website\",\"url\":\"https:\\\/\\\/espaicrater.com\\\/\",\"name\":\"Espai Cr\u00e0ter\",\"description\":\"Viatge al centre de la vida\",\"publisher\":{\"@id\":\"https:\\\/\\\/espaicrater.com\\\/#organization\"},\"potentialAction\":[{\"@type\":\"SearchAction\",\"target\":{\"@type\":\"EntryPoint\",\"urlTemplate\":\"https:\\\/\\\/espaicrater.com\\\/?s={search_term_string}\"},\"query-input\":{\"@type\":\"PropertyValueSpecification\",\"valueRequired\":true,\"valueName\":\"search_term_string\"}}],\"inLanguage\":\"es\"},{\"@type\":\"Organization\",\"@id\":\"https:\\\/\\\/espaicrater.com\\\/#organization\",\"name\":\"Espai Cr\u00e0ter\",\"url\":\"https:\\\/\\\/espaicrater.com\\\/\",\"logo\":{\"@type\":\"ImageObject\",\"inLanguage\":\"es\",\"@id\":\"https:\\\/\\\/espaicrater.com\\\/#\\\/schema\\\/logo\\\/image\\\/\",\"url\":\"https:\\\/\\\/espaicrater.com\\\/app\\\/uploads\\\/2022\\\/02\\\/espai-crater-1.png\",\"contentUrl\":\"https:\\\/\\\/espaicrater.com\\\/app\\\/uploads\\\/2022\\\/02\\\/espai-crater-1.png\",\"width\":801,\"height\":320,\"caption\":\"Espai Cr\u00e0ter\"},\"image\":{\"@id\":\"https:\\\/\\\/espaicrater.com\\\/#\\\/schema\\\/logo\\\/image\\\/\"}},{\"@type\":\"Person\",\"@id\":\"https:\\\/\\\/espaicrater.com\\\/#\\\/schema\\\/person\\\/a48c2f8a557403d7b5f81dc74fe2b085\",\"name\":\"N\u00faria Llop\",\"image\":{\"@type\":\"ImageObject\",\"inLanguage\":\"es\",\"@id\":\"https:\\\/\\\/secure.gravatar.com\\\/avatar\\\/8b04d94749e92b2ed0bb94dd68fd5f53fdbf6a032bec654014ada9a65a590288?s=96&d=mm&r=g\",\"url\":\"https:\\\/\\\/secure.gravatar.com\\\/avatar\\\/8b04d94749e92b2ed0bb94dd68fd5f53fdbf6a032bec654014ada9a65a590288?s=96&d=mm&r=g\",\"contentUrl\":\"https:\\\/\\\/secure.gravatar.com\\\/avatar\\\/8b04d94749e92b2ed0bb94dd68fd5f53fdbf6a032bec654014ada9a65a590288?s=96&d=mm&r=g\",\"caption\":\"N\u00faria Llop\"},\"url\":\"https:\\\/\\\/espaicrater.com\\\/es\\\/author\\\/nuria\\\/\"}]}<\/script>","yoast_head_json":{"title":"\u00bfQu\u00e9 ocurre si un d\u00eda nos levantamos sin internet? Esther Paniagua hablar\u00e1 sobre ello en el Espai Cr\u00e0ter esta primavera - Espai Cr\u00e0ter","description":"El Espai Cr\u00e0ter presenta la programaci\u00f3n de primavera. El viernes 3 de mayo, la periodista Esther Paniagua reflexionar\u00e1 sobre el actual...","robots":{"index":"index","follow":"follow","max-snippet":"max-snippet:-1","max-image-preview":"max-image-preview:large","max-video-preview":"max-video-preview:-1"},"canonical":"https:\/\/espaicrater.com\/es\/esther-painagua-primavera\/","og_locale":"es_ES","og_type":"article","og_title":"\u00bfQu\u00e9 ocurre si un d\u00eda nos levantamos sin internet? Esther Paniagua hablar\u00e1 sobre ello en el Espai Cr\u00e0ter esta primavera - Espai Cr\u00e0ter","og_description":"El Espai Cr\u00e0ter presenta la programaci\u00f3n de primavera. El viernes 3 de mayo, la periodista Esther Paniagua reflexionar\u00e1 sobre el actual...","og_url":"https:\/\/espaicrater.com\/es\/esther-painagua-primavera\/","og_site_name":"Espai Cr\u00e0ter","article_published_time":"2024-04-04T14:52:49+00:00","article_modified_time":"2024-04-05T09:12:44+00:00","og_image":[{"width":2560,"height":1707,"url":"https:\/\/espaicrater.com\/app\/uploads\/2024\/04\/Esther-Paniagua_Horizontal-1-scaled.jpg","type":"image\/jpeg"}],"author":"N\u00faria Llop","twitter_card":"summary_large_image","twitter_misc":{"Escrito por":"N\u00faria Llop","Tiempo de lectura":"3 minutos"},"schema":{"@context":"https:\/\/schema.org","@graph":[{"@type":"Article","@id":"https:\/\/espaicrater.com\/es\/esther-painagua-primavera\/#article","isPartOf":{"@id":"https:\/\/espaicrater.com\/es\/esther-painagua-primavera\/"},"author":{"name":"N\u00faria Llop","@id":"https:\/\/espaicrater.com\/#\/schema\/person\/a48c2f8a557403d7b5f81dc74fe2b085"},"headline":"\u00bfQu\u00e9 ocurre si un d\u00eda nos levantamos sin internet? Esther Paniagua hablar\u00e1 sobre ello en el Espai Cr\u00e0ter esta primavera","datePublished":"2024-04-04T14:52:49+00:00","dateModified":"2024-04-05T09:12:44+00:00","mainEntityOfPage":{"@id":"https:\/\/espaicrater.com\/es\/esther-painagua-primavera\/"},"wordCount":637,"commentCount":0,"publisher":{"@id":"https:\/\/espaicrater.com\/#organization"},"image":{"@id":"https:\/\/espaicrater.com\/es\/esther-painagua-primavera\/#primaryimage"},"thumbnailUrl":"https:\/\/espaicrater.com\/app\/uploads\/2024\/04\/Esther-Paniagua_Horizontal-1-scaled.jpg","inLanguage":"es","potentialAction":[{"@type":"CommentAction","name":"Comment","target":["https:\/\/espaicrater.com\/es\/esther-painagua-primavera\/#respond"]}]},{"@type":"WebPage","@id":"https:\/\/espaicrater.com\/es\/esther-painagua-primavera\/","url":"https:\/\/espaicrater.com\/es\/esther-painagua-primavera\/","name":"\u00bfQu\u00e9 ocurre si un d\u00eda nos levantamos sin internet? Esther Paniagua hablar\u00e1 sobre ello en el Espai Cr\u00e0ter esta primavera - Espai Cr\u00e0ter","isPartOf":{"@id":"https:\/\/espaicrater.com\/#website"},"primaryImageOfPage":{"@id":"https:\/\/espaicrater.com\/es\/esther-painagua-primavera\/#primaryimage"},"image":{"@id":"https:\/\/espaicrater.com\/es\/esther-painagua-primavera\/#primaryimage"},"thumbnailUrl":"https:\/\/espaicrater.com\/app\/uploads\/2024\/04\/Esther-Paniagua_Horizontal-1-scaled.jpg","datePublished":"2024-04-04T14:52:49+00:00","dateModified":"2024-04-05T09:12:44+00:00","description":"El Espai Cr\u00e0ter presenta la programaci\u00f3n de primavera. El viernes 3 de mayo, la periodista Esther Paniagua reflexionar\u00e1 sobre el actual...","breadcrumb":{"@id":"https:\/\/espaicrater.com\/es\/esther-painagua-primavera\/#breadcrumb"},"inLanguage":"es","potentialAction":[{"@type":"ReadAction","target":["https:\/\/espaicrater.com\/es\/esther-painagua-primavera\/"]}]},{"@type":"ImageObject","inLanguage":"es","@id":"https:\/\/espaicrater.com\/es\/esther-painagua-primavera\/#primaryimage","url":"https:\/\/espaicrater.com\/app\/uploads\/2024\/04\/Esther-Paniagua_Horizontal-1-scaled.jpg","contentUrl":"https:\/\/espaicrater.com\/app\/uploads\/2024\/04\/Esther-Paniagua_Horizontal-1-scaled.jpg","width":2560,"height":1707},{"@type":"BreadcrumbList","@id":"https:\/\/espaicrater.com\/es\/esther-painagua-primavera\/#breadcrumb","itemListElement":[{"@type":"ListItem","position":1,"name":"Inicio","item":"https:\/\/espaicrater.com\/es\/"},{"@type":"ListItem","position":2,"name":"\u00bfQu\u00e9 ocurre si un d\u00eda nos levantamos sin internet? Esther Paniagua hablar\u00e1 sobre ello en el Espai Cr\u00e0ter esta primavera"}]},{"@type":"WebSite","@id":"https:\/\/espaicrater.com\/#website","url":"https:\/\/espaicrater.com\/","name":"Espai Cr\u00e0ter","description":"Viatge al centre de la vida","publisher":{"@id":"https:\/\/espaicrater.com\/#organization"},"potentialAction":[{"@type":"SearchAction","target":{"@type":"EntryPoint","urlTemplate":"https:\/\/espaicrater.com\/?s={search_term_string}"},"query-input":{"@type":"PropertyValueSpecification","valueRequired":true,"valueName":"search_term_string"}}],"inLanguage":"es"},{"@type":"Organization","@id":"https:\/\/espaicrater.com\/#organization","name":"Espai Cr\u00e0ter","url":"https:\/\/espaicrater.com\/","logo":{"@type":"ImageObject","inLanguage":"es","@id":"https:\/\/espaicrater.com\/#\/schema\/logo\/image\/","url":"https:\/\/espaicrater.com\/app\/uploads\/2022\/02\/espai-crater-1.png","contentUrl":"https:\/\/espaicrater.com\/app\/uploads\/2022\/02\/espai-crater-1.png","width":801,"height":320,"caption":"Espai Cr\u00e0ter"},"image":{"@id":"https:\/\/espaicrater.com\/#\/schema\/logo\/image\/"}},{"@type":"Person","@id":"https:\/\/espaicrater.com\/#\/schema\/person\/a48c2f8a557403d7b5f81dc74fe2b085","name":"N\u00faria Llop","image":{"@type":"ImageObject","inLanguage":"es","@id":"https:\/\/secure.gravatar.com\/avatar\/8b04d94749e92b2ed0bb94dd68fd5f53fdbf6a032bec654014ada9a65a590288?s=96&d=mm&r=g","url":"https:\/\/secure.gravatar.com\/avatar\/8b04d94749e92b2ed0bb94dd68fd5f53fdbf6a032bec654014ada9a65a590288?s=96&d=mm&r=g","contentUrl":"https:\/\/secure.gravatar.com\/avatar\/8b04d94749e92b2ed0bb94dd68fd5f53fdbf6a032bec654014ada9a65a590288?s=96&d=mm&r=g","caption":"N\u00faria Llop"},"url":"https:\/\/espaicrater.com\/es\/author\/nuria\/"}]}},"_links":{"self":[{"href":"https:\/\/espaicrater.com\/es\/wp-json\/wp\/v2\/posts\/8615","targetHints":{"allow":["GET"]}}],"collection":[{"href":"https:\/\/espaicrater.com\/es\/wp-json\/wp\/v2\/posts"}],"about":[{"href":"https:\/\/espaicrater.com\/es\/wp-json\/wp\/v2\/types\/post"}],"author":[{"embeddable":true,"href":"https:\/\/espaicrater.com\/es\/wp-json\/wp\/v2\/users\/2"}],"replies":[{"embeddable":true,"href":"https:\/\/espaicrater.com\/es\/wp-json\/wp\/v2\/comments?post=8615"}],"version-history":[{"count":3,"href":"https:\/\/espaicrater.com\/es\/wp-json\/wp\/v2\/posts\/8615\/revisions"}],"predecessor-version":[{"id":8620,"href":"https:\/\/espaicrater.com\/es\/wp-json\/wp\/v2\/posts\/8615\/revisions\/8620"}],"wp:featuredmedia":[{"embeddable":true,"href":"https:\/\/espaicrater.com\/es\/wp-json\/wp\/v2\/media\/8602"}],"wp:attachment":[{"href":"https:\/\/espaicrater.com\/es\/wp-json\/wp\/v2\/media?parent=8615"}],"curies":[{"name":"wp","href":"https:\/\/api.w.org\/{rel}","templated":true}]}}