{"id":9097,"date":"2024-06-10T11:40:42","date_gmt":"2024-06-10T09:40:42","guid":{"rendered":"https:\/\/espaicrater.com\/la-sala-expositiva-de-lespai-crater-romandra-tancada-del-17-de-juny-al-8-de-juliol\/"},"modified":"2024-06-10T11:48:30","modified_gmt":"2024-06-10T09:48:30","slug":"la-sala-expositiva-de-lespai-crater-romandra-tancada-del-17-de-juny-al-8-de-juliol","status":"publish","type":"post","link":"https:\/\/espaicrater.com\/es\/la-sala-expositiva-de-lespai-crater-romandra-tancada-del-17-de-juny-al-8-de-juliol\/","title":{"rendered":"La sala expositiva del Espai Cr\u00e0ter permanecer\u00e1 cerrada del 17 de junio al 8 de julio, ambos incluidos"},"content":{"rendered":"\n<p>El Espai Cr\u00e0ter instalar\u00e1 el nuevo cubo inmersivo, del 17 de junio al 8 de julio. Este proyecto est\u00e1 enfocado a crear una experiencia impactante y estimulante para los visitantes del centro, a trav\u00e9s de una instalaci\u00f3n inmersiva integrada relacionada con los contenidos de la exposici\u00f3n.<\/p>\n\n\n\n<p>Mediante esta experiencia, el p\u00fablico tendr\u00e1 la oportunidad de vivir de forma realista la sensaci\u00f3n de viajar al descubrimiento de cuatro volcanes desconocidos, situados en localizaciones casi imposibles de visitar f\u00edsicamente. Esta propuesta tiene como objetivo acercar al p\u00fablico a la espectacularidad de estos fen\u00f3menos naturales, ofreciendo al mismo tiempo una experiencia did\u00e1ctica y entretenida. La mezcla de storytelling, tecnolog\u00eda y arte permitir\u00e1 el conocimiento de nuevos lugares de una forma \u00fanica.<\/p>\n","protected":false},"excerpt":{"rendered":"<p>El Espai Cr\u00e0ter instalar\u00e1 el nuevo cubo inmersivo, del 17 de junio al 8 de julio. Este proyecto est\u00e1 enfocado a crear una experiencia impactante y estimulante para los visitantes del centro, a trav\u00e9s de una instalaci\u00f3n inmersiva integrada relacionada con los contenidos de la exposici\u00f3n. Mediante esta experiencia, el p\u00fablico tendr\u00e1 la oportunidad de &hellip; <a href=\"https:\/\/espaicrater.com\/es\/la-sala-expositiva-de-lespai-crater-romandra-tancada-del-17-de-juny-al-8-de-juliol\/\">Continued<\/a><\/p>\n","protected":false},"author":2,"featured_media":9091,"comment_status":"open","ping_status":"open","sticky":false,"template":"","format":"standard","meta":{"_acf_changed":false,"footnotes":""},"class_list":["post-9097","post","type-post","status-publish","format-standard","has-post-thumbnail","hentry"],"acf":[],"yoast_head":"<title>La sala expositiva del Espai Cr\u00e0ter permanecer\u00e1 cerrada del 17 de junio al 8 de julio, ambos incluidos - Espai Cr\u00e0ter<\/title>\n<meta name=\"description\" content=\"Del 17 de junio al 8 de julio se llevar\u00e1 a cabo la instalaci\u00f3n del nuevo cubo inmersivo, un proyecto que tiene por objetivo ofrecer una...\" \/>\n<meta name=\"robots\" content=\"index, follow, max-snippet:-1, max-image-preview:large, max-video-preview:-1\" \/>\n<link rel=\"canonical\" href=\"https:\/\/espaicrater.com\/es\/la-sala-expositiva-de-lespai-crater-romandra-tancada-del-17-de-juny-al-8-de-juliol\/\" \/>\n<meta property=\"og:locale\" content=\"es_ES\" \/>\n<meta property=\"og:type\" content=\"article\" \/>\n<meta property=\"og:title\" content=\"La sala expositiva del Espai Cr\u00e0ter permanecer\u00e1 cerrada del 17 de junio al 8 de julio, ambos incluidos - Espai Cr\u00e0ter\" \/>\n<meta property=\"og:description\" content=\"Del 17 de junio al 8 de julio se llevar\u00e1 a cabo la instalaci\u00f3n del nuevo cubo inmersivo, un proyecto que tiene por objetivo ofrecer una...\" \/>\n<meta property=\"og:url\" content=\"https:\/\/espaicrater.com\/es\/la-sala-expositiva-de-lespai-crater-romandra-tancada-del-17-de-juny-al-8-de-juliol\/\" \/>\n<meta property=\"og:site_name\" content=\"Espai Cr\u00e0ter\" \/>\n<meta property=\"article:published_time\" content=\"2024-06-10T09:40:42+00:00\" \/>\n<meta property=\"article:modified_time\" content=\"2024-06-10T09:48:30+00:00\" \/>\n<meta property=\"og:image\" content=\"https:\/\/espaicrater.com\/app\/uploads\/2024\/06\/F0526_20220324_259-scaled.jpg\" \/>\n\t<meta property=\"og:image:width\" content=\"2560\" \/>\n\t<meta property=\"og:image:height\" content=\"1685\" \/>\n\t<meta property=\"og:image:type\" content=\"image\/jpeg\" \/>\n<meta name=\"author\" content=\"N\u00faria Llop\" \/>\n<meta name=\"twitter:card\" content=\"summary_large_image\" \/>\n<meta name=\"twitter:label1\" content=\"Escrito por\" \/>\n\t<meta name=\"twitter:data1\" content=\"N\u00faria Llop\" \/>\n\t<meta name=\"twitter:label2\" content=\"Tiempo de lectura\" \/>\n\t<meta name=\"twitter:data2\" content=\"1 minuto\" \/>\n<script type=\"application\/ld+json\" class=\"yoast-schema-graph\">{\"@context\":\"https:\\\/\\\/schema.org\",\"@graph\":[{\"@type\":\"Article\",\"@id\":\"https:\\\/\\\/espaicrater.com\\\/es\\\/la-sala-expositiva-de-lespai-crater-romandra-tancada-del-17-de-juny-al-8-de-juliol\\\/#article\",\"isPartOf\":{\"@id\":\"https:\\\/\\\/espaicrater.com\\\/es\\\/la-sala-expositiva-de-lespai-crater-romandra-tancada-del-17-de-juny-al-8-de-juliol\\\/\"},\"author\":{\"name\":\"N\u00faria Llop\",\"@id\":\"https:\\\/\\\/espaicrater.com\\\/#\\\/schema\\\/person\\\/a48c2f8a557403d7b5f81dc74fe2b085\"},\"headline\":\"La sala expositiva del Espai Cr\u00e0ter permanecer\u00e1 cerrada del 17 de junio al 8 de julio, ambos incluidos\",\"datePublished\":\"2024-06-10T09:40:42+00:00\",\"dateModified\":\"2024-06-10T09:48:30+00:00\",\"mainEntityOfPage\":{\"@id\":\"https:\\\/\\\/espaicrater.com\\\/es\\\/la-sala-expositiva-de-lespai-crater-romandra-tancada-del-17-de-juny-al-8-de-juliol\\\/\"},\"wordCount\":144,\"commentCount\":0,\"publisher\":{\"@id\":\"https:\\\/\\\/espaicrater.com\\\/#organization\"},\"image\":{\"@id\":\"https:\\\/\\\/espaicrater.com\\\/es\\\/la-sala-expositiva-de-lespai-crater-romandra-tancada-del-17-de-juny-al-8-de-juliol\\\/#primaryimage\"},\"thumbnailUrl\":\"https:\\\/\\\/espaicrater.com\\\/app\\\/uploads\\\/2024\\\/06\\\/F0526_20220324_259-scaled.jpg\",\"inLanguage\":\"es\",\"potentialAction\":[{\"@type\":\"CommentAction\",\"name\":\"Comment\",\"target\":[\"https:\\\/\\\/espaicrater.com\\\/es\\\/la-sala-expositiva-de-lespai-crater-romandra-tancada-del-17-de-juny-al-8-de-juliol\\\/#respond\"]}]},{\"@type\":\"WebPage\",\"@id\":\"https:\\\/\\\/espaicrater.com\\\/es\\\/la-sala-expositiva-de-lespai-crater-romandra-tancada-del-17-de-juny-al-8-de-juliol\\\/\",\"url\":\"https:\\\/\\\/espaicrater.com\\\/es\\\/la-sala-expositiva-de-lespai-crater-romandra-tancada-del-17-de-juny-al-8-de-juliol\\\/\",\"name\":\"La sala expositiva del Espai Cr\u00e0ter permanecer\u00e1 cerrada del 17 de junio al 8 de julio, ambos incluidos - Espai Cr\u00e0ter\",\"isPartOf\":{\"@id\":\"https:\\\/\\\/espaicrater.com\\\/#website\"},\"primaryImageOfPage\":{\"@id\":\"https:\\\/\\\/espaicrater.com\\\/es\\\/la-sala-expositiva-de-lespai-crater-romandra-tancada-del-17-de-juny-al-8-de-juliol\\\/#primaryimage\"},\"image\":{\"@id\":\"https:\\\/\\\/espaicrater.com\\\/es\\\/la-sala-expositiva-de-lespai-crater-romandra-tancada-del-17-de-juny-al-8-de-juliol\\\/#primaryimage\"},\"thumbnailUrl\":\"https:\\\/\\\/espaicrater.com\\\/app\\\/uploads\\\/2024\\\/06\\\/F0526_20220324_259-scaled.jpg\",\"datePublished\":\"2024-06-10T09:40:42+00:00\",\"dateModified\":\"2024-06-10T09:48:30+00:00\",\"description\":\"Del 17 de junio al 8 de julio se llevar\u00e1 a cabo la instalaci\u00f3n del nuevo cubo inmersivo, un proyecto que tiene por objetivo ofrecer una...\",\"breadcrumb\":{\"@id\":\"https:\\\/\\\/espaicrater.com\\\/es\\\/la-sala-expositiva-de-lespai-crater-romandra-tancada-del-17-de-juny-al-8-de-juliol\\\/#breadcrumb\"},\"inLanguage\":\"es\",\"potentialAction\":[{\"@type\":\"ReadAction\",\"target\":[\"https:\\\/\\\/espaicrater.com\\\/es\\\/la-sala-expositiva-de-lespai-crater-romandra-tancada-del-17-de-juny-al-8-de-juliol\\\/\"]}]},{\"@type\":\"ImageObject\",\"inLanguage\":\"es\",\"@id\":\"https:\\\/\\\/espaicrater.com\\\/es\\\/la-sala-expositiva-de-lespai-crater-romandra-tancada-del-17-de-juny-al-8-de-juliol\\\/#primaryimage\",\"url\":\"https:\\\/\\\/espaicrater.com\\\/app\\\/uploads\\\/2024\\\/06\\\/F0526_20220324_259-scaled.jpg\",\"contentUrl\":\"https:\\\/\\\/espaicrater.com\\\/app\\\/uploads\\\/2024\\\/06\\\/F0526_20220324_259-scaled.jpg\",\"width\":2560,\"height\":1685},{\"@type\":\"BreadcrumbList\",\"@id\":\"https:\\\/\\\/espaicrater.com\\\/es\\\/la-sala-expositiva-de-lespai-crater-romandra-tancada-del-17-de-juny-al-8-de-juliol\\\/#breadcrumb\",\"itemListElement\":[{\"@type\":\"ListItem\",\"position\":1,\"name\":\"Inicio\",\"item\":\"https:\\\/\\\/espaicrater.com\\\/es\\\/\"},{\"@type\":\"ListItem\",\"position\":2,\"name\":\"La sala expositiva del Espai Cr\u00e0ter permanecer\u00e1 cerrada del 17 de junio al 8 de julio, ambos incluidos\"}]},{\"@type\":\"WebSite\",\"@id\":\"https:\\\/\\\/espaicrater.com\\\/#website\",\"url\":\"https:\\\/\\\/espaicrater.com\\\/\",\"name\":\"Espai Cr\u00e0ter\",\"description\":\"Viatge al centre de la vida\",\"publisher\":{\"@id\":\"https:\\\/\\\/espaicrater.com\\\/#organization\"},\"potentialAction\":[{\"@type\":\"SearchAction\",\"target\":{\"@type\":\"EntryPoint\",\"urlTemplate\":\"https:\\\/\\\/espaicrater.com\\\/?s={search_term_string}\"},\"query-input\":{\"@type\":\"PropertyValueSpecification\",\"valueRequired\":true,\"valueName\":\"search_term_string\"}}],\"inLanguage\":\"es\"},{\"@type\":\"Organization\",\"@id\":\"https:\\\/\\\/espaicrater.com\\\/#organization\",\"name\":\"Espai Cr\u00e0ter\",\"url\":\"https:\\\/\\\/espaicrater.com\\\/\",\"logo\":{\"@type\":\"ImageObject\",\"inLanguage\":\"es\",\"@id\":\"https:\\\/\\\/espaicrater.com\\\/#\\\/schema\\\/logo\\\/image\\\/\",\"url\":\"https:\\\/\\\/espaicrater.com\\\/app\\\/uploads\\\/2022\\\/02\\\/espai-crater-1.png\",\"contentUrl\":\"https:\\\/\\\/espaicrater.com\\\/app\\\/uploads\\\/2022\\\/02\\\/espai-crater-1.png\",\"width\":801,\"height\":320,\"caption\":\"Espai Cr\u00e0ter\"},\"image\":{\"@id\":\"https:\\\/\\\/espaicrater.com\\\/#\\\/schema\\\/logo\\\/image\\\/\"}},{\"@type\":\"Person\",\"@id\":\"https:\\\/\\\/espaicrater.com\\\/#\\\/schema\\\/person\\\/a48c2f8a557403d7b5f81dc74fe2b085\",\"name\":\"N\u00faria Llop\",\"image\":{\"@type\":\"ImageObject\",\"inLanguage\":\"es\",\"@id\":\"https:\\\/\\\/secure.gravatar.com\\\/avatar\\\/8b04d94749e92b2ed0bb94dd68fd5f53fdbf6a032bec654014ada9a65a590288?s=96&d=mm&r=g\",\"url\":\"https:\\\/\\\/secure.gravatar.com\\\/avatar\\\/8b04d94749e92b2ed0bb94dd68fd5f53fdbf6a032bec654014ada9a65a590288?s=96&d=mm&r=g\",\"contentUrl\":\"https:\\\/\\\/secure.gravatar.com\\\/avatar\\\/8b04d94749e92b2ed0bb94dd68fd5f53fdbf6a032bec654014ada9a65a590288?s=96&d=mm&r=g\",\"caption\":\"N\u00faria Llop\"},\"url\":\"https:\\\/\\\/espaicrater.com\\\/es\\\/author\\\/nuria\\\/\"}]}<\/script>","yoast_head_json":{"title":"La sala expositiva del Espai Cr\u00e0ter permanecer\u00e1 cerrada del 17 de junio al 8 de julio, ambos incluidos - Espai Cr\u00e0ter","description":"Del 17 de junio al 8 de julio se llevar\u00e1 a cabo la instalaci\u00f3n del nuevo cubo inmersivo, un proyecto que tiene por objetivo ofrecer una...","robots":{"index":"index","follow":"follow","max-snippet":"max-snippet:-1","max-image-preview":"max-image-preview:large","max-video-preview":"max-video-preview:-1"},"canonical":"https:\/\/espaicrater.com\/es\/la-sala-expositiva-de-lespai-crater-romandra-tancada-del-17-de-juny-al-8-de-juliol\/","og_locale":"es_ES","og_type":"article","og_title":"La sala expositiva del Espai Cr\u00e0ter permanecer\u00e1 cerrada del 17 de junio al 8 de julio, ambos incluidos - Espai Cr\u00e0ter","og_description":"Del 17 de junio al 8 de julio se llevar\u00e1 a cabo la instalaci\u00f3n del nuevo cubo inmersivo, un proyecto que tiene por objetivo ofrecer una...","og_url":"https:\/\/espaicrater.com\/es\/la-sala-expositiva-de-lespai-crater-romandra-tancada-del-17-de-juny-al-8-de-juliol\/","og_site_name":"Espai Cr\u00e0ter","article_published_time":"2024-06-10T09:40:42+00:00","article_modified_time":"2024-06-10T09:48:30+00:00","og_image":[{"width":2560,"height":1685,"url":"https:\/\/espaicrater.com\/app\/uploads\/2024\/06\/F0526_20220324_259-scaled.jpg","type":"image\/jpeg"}],"author":"N\u00faria Llop","twitter_card":"summary_large_image","twitter_misc":{"Escrito por":"N\u00faria Llop","Tiempo de lectura":"1 minuto"},"schema":{"@context":"https:\/\/schema.org","@graph":[{"@type":"Article","@id":"https:\/\/espaicrater.com\/es\/la-sala-expositiva-de-lespai-crater-romandra-tancada-del-17-de-juny-al-8-de-juliol\/#article","isPartOf":{"@id":"https:\/\/espaicrater.com\/es\/la-sala-expositiva-de-lespai-crater-romandra-tancada-del-17-de-juny-al-8-de-juliol\/"},"author":{"name":"N\u00faria Llop","@id":"https:\/\/espaicrater.com\/#\/schema\/person\/a48c2f8a557403d7b5f81dc74fe2b085"},"headline":"La sala expositiva del Espai Cr\u00e0ter permanecer\u00e1 cerrada del 17 de junio al 8 de julio, ambos incluidos","datePublished":"2024-06-10T09:40:42+00:00","dateModified":"2024-06-10T09:48:30+00:00","mainEntityOfPage":{"@id":"https:\/\/espaicrater.com\/es\/la-sala-expositiva-de-lespai-crater-romandra-tancada-del-17-de-juny-al-8-de-juliol\/"},"wordCount":144,"commentCount":0,"publisher":{"@id":"https:\/\/espaicrater.com\/#organization"},"image":{"@id":"https:\/\/espaicrater.com\/es\/la-sala-expositiva-de-lespai-crater-romandra-tancada-del-17-de-juny-al-8-de-juliol\/#primaryimage"},"thumbnailUrl":"https:\/\/espaicrater.com\/app\/uploads\/2024\/06\/F0526_20220324_259-scaled.jpg","inLanguage":"es","potentialAction":[{"@type":"CommentAction","name":"Comment","target":["https:\/\/espaicrater.com\/es\/la-sala-expositiva-de-lespai-crater-romandra-tancada-del-17-de-juny-al-8-de-juliol\/#respond"]}]},{"@type":"WebPage","@id":"https:\/\/espaicrater.com\/es\/la-sala-expositiva-de-lespai-crater-romandra-tancada-del-17-de-juny-al-8-de-juliol\/","url":"https:\/\/espaicrater.com\/es\/la-sala-expositiva-de-lespai-crater-romandra-tancada-del-17-de-juny-al-8-de-juliol\/","name":"La sala expositiva del Espai Cr\u00e0ter permanecer\u00e1 cerrada del 17 de junio al 8 de julio, ambos incluidos - Espai Cr\u00e0ter","isPartOf":{"@id":"https:\/\/espaicrater.com\/#website"},"primaryImageOfPage":{"@id":"https:\/\/espaicrater.com\/es\/la-sala-expositiva-de-lespai-crater-romandra-tancada-del-17-de-juny-al-8-de-juliol\/#primaryimage"},"image":{"@id":"https:\/\/espaicrater.com\/es\/la-sala-expositiva-de-lespai-crater-romandra-tancada-del-17-de-juny-al-8-de-juliol\/#primaryimage"},"thumbnailUrl":"https:\/\/espaicrater.com\/app\/uploads\/2024\/06\/F0526_20220324_259-scaled.jpg","datePublished":"2024-06-10T09:40:42+00:00","dateModified":"2024-06-10T09:48:30+00:00","description":"Del 17 de junio al 8 de julio se llevar\u00e1 a cabo la instalaci\u00f3n del nuevo cubo inmersivo, un proyecto que tiene por objetivo ofrecer una...","breadcrumb":{"@id":"https:\/\/espaicrater.com\/es\/la-sala-expositiva-de-lespai-crater-romandra-tancada-del-17-de-juny-al-8-de-juliol\/#breadcrumb"},"inLanguage":"es","potentialAction":[{"@type":"ReadAction","target":["https:\/\/espaicrater.com\/es\/la-sala-expositiva-de-lespai-crater-romandra-tancada-del-17-de-juny-al-8-de-juliol\/"]}]},{"@type":"ImageObject","inLanguage":"es","@id":"https:\/\/espaicrater.com\/es\/la-sala-expositiva-de-lespai-crater-romandra-tancada-del-17-de-juny-al-8-de-juliol\/#primaryimage","url":"https:\/\/espaicrater.com\/app\/uploads\/2024\/06\/F0526_20220324_259-scaled.jpg","contentUrl":"https:\/\/espaicrater.com\/app\/uploads\/2024\/06\/F0526_20220324_259-scaled.jpg","width":2560,"height":1685},{"@type":"BreadcrumbList","@id":"https:\/\/espaicrater.com\/es\/la-sala-expositiva-de-lespai-crater-romandra-tancada-del-17-de-juny-al-8-de-juliol\/#breadcrumb","itemListElement":[{"@type":"ListItem","position":1,"name":"Inicio","item":"https:\/\/espaicrater.com\/es\/"},{"@type":"ListItem","position":2,"name":"La sala expositiva del Espai Cr\u00e0ter permanecer\u00e1 cerrada del 17 de junio al 8 de julio, ambos incluidos"}]},{"@type":"WebSite","@id":"https:\/\/espaicrater.com\/#website","url":"https:\/\/espaicrater.com\/","name":"Espai Cr\u00e0ter","description":"Viatge al centre de la vida","publisher":{"@id":"https:\/\/espaicrater.com\/#organization"},"potentialAction":[{"@type":"SearchAction","target":{"@type":"EntryPoint","urlTemplate":"https:\/\/espaicrater.com\/?s={search_term_string}"},"query-input":{"@type":"PropertyValueSpecification","valueRequired":true,"valueName":"search_term_string"}}],"inLanguage":"es"},{"@type":"Organization","@id":"https:\/\/espaicrater.com\/#organization","name":"Espai Cr\u00e0ter","url":"https:\/\/espaicrater.com\/","logo":{"@type":"ImageObject","inLanguage":"es","@id":"https:\/\/espaicrater.com\/#\/schema\/logo\/image\/","url":"https:\/\/espaicrater.com\/app\/uploads\/2022\/02\/espai-crater-1.png","contentUrl":"https:\/\/espaicrater.com\/app\/uploads\/2022\/02\/espai-crater-1.png","width":801,"height":320,"caption":"Espai Cr\u00e0ter"},"image":{"@id":"https:\/\/espaicrater.com\/#\/schema\/logo\/image\/"}},{"@type":"Person","@id":"https:\/\/espaicrater.com\/#\/schema\/person\/a48c2f8a557403d7b5f81dc74fe2b085","name":"N\u00faria Llop","image":{"@type":"ImageObject","inLanguage":"es","@id":"https:\/\/secure.gravatar.com\/avatar\/8b04d94749e92b2ed0bb94dd68fd5f53fdbf6a032bec654014ada9a65a590288?s=96&d=mm&r=g","url":"https:\/\/secure.gravatar.com\/avatar\/8b04d94749e92b2ed0bb94dd68fd5f53fdbf6a032bec654014ada9a65a590288?s=96&d=mm&r=g","contentUrl":"https:\/\/secure.gravatar.com\/avatar\/8b04d94749e92b2ed0bb94dd68fd5f53fdbf6a032bec654014ada9a65a590288?s=96&d=mm&r=g","caption":"N\u00faria Llop"},"url":"https:\/\/espaicrater.com\/es\/author\/nuria\/"}]}},"_links":{"self":[{"href":"https:\/\/espaicrater.com\/es\/wp-json\/wp\/v2\/posts\/9097","targetHints":{"allow":["GET"]}}],"collection":[{"href":"https:\/\/espaicrater.com\/es\/wp-json\/wp\/v2\/posts"}],"about":[{"href":"https:\/\/espaicrater.com\/es\/wp-json\/wp\/v2\/types\/post"}],"author":[{"embeddable":true,"href":"https:\/\/espaicrater.com\/es\/wp-json\/wp\/v2\/users\/2"}],"replies":[{"embeddable":true,"href":"https:\/\/espaicrater.com\/es\/wp-json\/wp\/v2\/comments?post=9097"}],"version-history":[{"count":1,"href":"https:\/\/espaicrater.com\/es\/wp-json\/wp\/v2\/posts\/9097\/revisions"}],"predecessor-version":[{"id":9099,"href":"https:\/\/espaicrater.com\/es\/wp-json\/wp\/v2\/posts\/9097\/revisions\/9099"}],"wp:featuredmedia":[{"embeddable":true,"href":"https:\/\/espaicrater.com\/es\/wp-json\/wp\/v2\/media\/9091"}],"wp:attachment":[{"href":"https:\/\/espaicrater.com\/es\/wp-json\/wp\/v2\/media?parent=9097"}],"curies":[{"name":"wp","href":"https:\/\/api.w.org\/{rel}","templated":true}]}}