{"id":9802,"date":"2024-10-23T11:31:42","date_gmt":"2024-10-23T09:31:42","guid":{"rendered":"https:\/\/espaicrater.com\/la-ciutat-dolot-ret-homenatge-a-oriol-de-bolos\/"},"modified":"2024-10-29T11:21:53","modified_gmt":"2024-10-29T10:21:53","slug":"la-ciutat-dolot-ret-homenatge-a-oriol-de-bolos","status":"publish","type":"post","link":"https:\/\/espaicrater.com\/es\/la-ciutat-dolot-ret-homenatge-a-oriol-de-bolos\/","title":{"rendered":"La ciudad de Olot rinde homenaje a Oriol de Bol\u00f2s"},"content":{"rendered":"\n<p class=\"has-medium-font-size\">El acto tendr\u00e1 lugar el 30 de noviembre y conmemorar\u00e1 el cent\u00e9simo aniversario del nacimiento del cient\u00edfico<\/p>\n\n\n\n<p>El Espai Cr\u00e0ter organiza un memorial para celebrar el cent\u00e9simo aniversario del nacimiento del cient\u00edfico olotense Oriol de Bol\u00f2s, catedr\u00e1tico de Fitograf\u00eda y Ecolog\u00eda vegetal de la Universidad de Barcelona, \u200b\u200bconservador t\u00e9cnico y director del<a href=\"https:\/\/www.ibb.csic.es\/ca\/\"> Institut Bot\u00e0nic de Barcelona<\/a> (1977-1983), miembro del comit\u00e9 directivo del <a href=\"https:\/\/www.iec.cat\/\">Institut d\u2019Estudis Catalans<\/a> en la secci\u00f3n de Ciencias i despu\u00e9s de Ciencias Biol\u00f3gicas i personalidad vinculada a la Instituci\u00f3 Catalana d\u2019Hist\u00f2ria Natural. El <em><a href=\"https:\/\/espaicrater.com\/es\/actividades\/memorial-oriol-de-bolos\/\">Memorial Oriol de Bol\u00f2s. 100 anys del seu naixement<\/a> <\/em>pone en valor tanto sus aportaciones en el campo de les ciencias naturales como su relaci\u00f3n con la ciudad de Olot i la comarca de la Garrotxa.<\/p>\n\n\n\n<p>El acto \u00e9s el resultado de la coordinaci\u00f3n institucional entre el Espai Cr\u00e0ter i el <a href=\"https:\/\/parcsnaturals.gencat.cat\/ca\/xarxa-de-parcs\/garrotxa\/inici\/index.html\">Parc Natural de la Zona Volc\u00e0nica de la Garrotxa<\/a>, el <a href=\"https:\/\/crai.ub.edu\/coneix-el-crai\/biblioteques\/centre-de-documentacio-de-biodiversitat-vegetal\">Centre de Documentaci\u00f3 de la Biodiversitat Vegetal del CRAI de la Universitat de Barcelona<\/a>, el <a href=\"https:\/\/www.csic.es\/es\">Consejo Superior de Investigaciones Cient\u00edficas<\/a>, el <a href=\"https:\/\/www.ub.edu\/ateneu\/\">Ateneu de la Universitat de Barcelona<\/a>, el <a href=\"https:\/\/www.ibb.csic.es\/ca\/\">Institut Bot\u00e0nic de Barcelona<\/a>, la <a href=\"https:\/\/ichn.iec.cat\/\">Instituci\u00f3 Catalana d\u2019Hist\u00f2ria Natural<\/a>, la <a href=\"https:\/\/schct.iec.cat\/\">Societat Catalana d\u2019Hist\u00f2ria de la Ci\u00e8ncia i de la T\u00e8cnica<\/a>, el <a href=\"https:\/\/www.iec.cat\/\">Institut d\u2019Estudis Catalans<\/a>, el <a href=\"https:\/\/pehoc.cat\/\">Patronat d\u2019Estudis Hist\u00f2rics d\u2019Olot i Comarca<\/a> i el Observatori d\u2019Humanitats en Medicina.<\/p>\n\n\n\n<p>Empezar\u00e1 a las diez de la ma\u00f1ana con un baile homenaje, una canci\u00f3n tradicional catalana a cargo de la formaci\u00f3n musical La Trapassera y unas palabras de bienvenida de Josep Berga, el alcalde de Olot, y Xevi Collell, director del Espai Cr\u00e0ter. A continuaci\u00f3n, el dr. Jordi de Bol\u00f2s, hijo de Oriol de Bol\u00f2s, hablar\u00e1 de la relaci\u00f3n del cient\u00edfico con la bot\u00e1nica y el pa\u00eds. El dr. Miquel \u00c0ngel Fumanal, presidente del Patronato de Estudios Hist\u00f3ricos de Olot y Comarca, se adentrar\u00e1 en el papel de de Bol\u00f2s en la ciudad de Olot. Por \u00faltimo, el dr. Josep Maria Ninot moderar\u00e1 la mesa redonda \u201cContribuci\u00f3n del dr. Oriol de Bol\u00f2s en la bot\u00e1nica\u201d, en la que intervendr\u00e1n la Dra. Jordina Belmonte, el dr. Xavier Llimona, el dr. Joan Vall\u00e8s, la Dra. Neus Ib\u00e1\u00f1ez y el dr. Josep Maria Mallarach. El acto cerrar\u00e1 con la m\u00fasica de La Trapassera.<\/p>\n\n\n\n<p><\/p>\n\n\n\n<figure class=\"wp-block-image size-large\"><img loading=\"lazy\" decoding=\"async\" width=\"1414\" height=\"2000\" src=\"https:\/\/espaicrater.com\/app\/uploads\/2024\/10\/Memorial-Oriol-de-Bolos-1414x2000.jpg\" alt=\"\" class=\"wp-image-9787\" srcset=\"https:\/\/espaicrater.com\/app\/uploads\/2024\/10\/Memorial-Oriol-de-Bolos-1414x2000.jpg 1414w, https:\/\/espaicrater.com\/app\/uploads\/2024\/10\/Memorial-Oriol-de-Bolos-212x300.jpg 212w, https:\/\/espaicrater.com\/app\/uploads\/2024\/10\/Memorial-Oriol-de-Bolos-768x1086.jpg 768w, https:\/\/espaicrater.com\/app\/uploads\/2024\/10\/Memorial-Oriol-de-Bolos-1086x1536.jpg 1086w, https:\/\/espaicrater.com\/app\/uploads\/2024\/10\/Memorial-Oriol-de-Bolos-1448x2048.jpg 1448w, https:\/\/espaicrater.com\/app\/uploads\/2024\/10\/Memorial-Oriol-de-Bolos.jpg 1672w\" sizes=\"auto, (max-width: 1414px) 100vw, 1414px\" \/><\/figure>\n\n\n\n<p><\/p>\n","protected":false},"excerpt":{"rendered":"<p>El acto tendr\u00e1 lugar el 30 de noviembre y conmemorar\u00e1 el cent\u00e9simo aniversario del nacimiento del cient\u00edfico El Espai Cr\u00e0ter organiza un memorial para celebrar el cent\u00e9simo aniversario del nacimiento del cient\u00edfico olotense Oriol de Bol\u00f2s, catedr\u00e1tico de Fitograf\u00eda y Ecolog\u00eda vegetal de la Universidad de Barcelona, \u200b\u200bconservador t\u00e9cnico y director del Institut Bot\u00e0nic de &hellip; <a href=\"https:\/\/espaicrater.com\/es\/la-ciutat-dolot-ret-homenatge-a-oriol-de-bolos\/\">Continued<\/a><\/p>\n","protected":false},"author":2,"featured_media":9794,"comment_status":"open","ping_status":"open","sticky":false,"template":"","format":"standard","meta":{"_acf_changed":false,"footnotes":""},"class_list":["post-9802","post","type-post","status-publish","format-standard","has-post-thumbnail","hentry"],"acf":[],"yoast_head":"<title>La ciudad de Olot rinde homenaje a Oriol de Bol\u00f2s - Espai Cr\u00e0ter<\/title>\n<meta name=\"robots\" content=\"index, follow, max-snippet:-1, max-image-preview:large, max-video-preview:-1\" \/>\n<link rel=\"canonical\" href=\"https:\/\/espaicrater.com\/es\/la-ciutat-dolot-ret-homenatge-a-oriol-de-bolos\/\" \/>\n<meta property=\"og:locale\" content=\"es_ES\" \/>\n<meta property=\"og:type\" content=\"article\" \/>\n<meta property=\"og:title\" content=\"La ciudad de Olot rinde homenaje a Oriol de Bol\u00f2s - Espai Cr\u00e0ter\" \/>\n<meta property=\"og:description\" content=\"El acto tendr\u00e1 lugar el 30 de noviembre y conmemorar\u00e1 el cent\u00e9simo aniversario del nacimiento del cient\u00edfico El Espai Cr\u00e0ter organiza un memorial para celebrar el cent\u00e9simo aniversario del nacimiento del cient\u00edfico olotense Oriol de Bol\u00f2s, catedr\u00e1tico de Fitograf\u00eda y Ecolog\u00eda vegetal de la Universidad de Barcelona, \u200b\u200bconservador t\u00e9cnico y director del Institut Bot\u00e0nic de &hellip; Continued\" \/>\n<meta property=\"og:url\" content=\"https:\/\/espaicrater.com\/es\/la-ciutat-dolot-ret-homenatge-a-oriol-de-bolos\/\" \/>\n<meta property=\"og:site_name\" content=\"Espai Cr\u00e0ter\" \/>\n<meta property=\"article:published_time\" content=\"2024-10-23T09:31:42+00:00\" \/>\n<meta property=\"article:modified_time\" content=\"2024-10-29T10:21:53+00:00\" \/>\n<meta property=\"og:image\" content=\"https:\/\/espaicrater.com\/app\/uploads\/2024\/10\/3-post-1.jpg\" \/>\n\t<meta property=\"og:image:width\" content=\"1080\" \/>\n\t<meta property=\"og:image:height\" content=\"1080\" \/>\n\t<meta property=\"og:image:type\" content=\"image\/jpeg\" \/>\n<meta name=\"author\" content=\"N\u00faria Llop\" \/>\n<meta name=\"twitter:card\" content=\"summary_large_image\" \/>\n<meta name=\"twitter:label1\" content=\"Escrito por\" \/>\n\t<meta name=\"twitter:data1\" content=\"N\u00faria Llop\" \/>\n\t<meta name=\"twitter:label2\" content=\"Tiempo de lectura\" \/>\n\t<meta name=\"twitter:data2\" content=\"2 minutos\" \/>\n<script type=\"application\/ld+json\" class=\"yoast-schema-graph\">{\"@context\":\"https:\\\/\\\/schema.org\",\"@graph\":[{\"@type\":\"Article\",\"@id\":\"https:\\\/\\\/espaicrater.com\\\/es\\\/la-ciutat-dolot-ret-homenatge-a-oriol-de-bolos\\\/#article\",\"isPartOf\":{\"@id\":\"https:\\\/\\\/espaicrater.com\\\/es\\\/la-ciutat-dolot-ret-homenatge-a-oriol-de-bolos\\\/\"},\"author\":{\"name\":\"N\u00faria Llop\",\"@id\":\"https:\\\/\\\/espaicrater.com\\\/#\\\/schema\\\/person\\\/a48c2f8a557403d7b5f81dc74fe2b085\"},\"headline\":\"La ciudad de Olot rinde homenaje a Oriol de Bol\u00f2s\",\"datePublished\":\"2024-10-23T09:31:42+00:00\",\"dateModified\":\"2024-10-29T10:21:53+00:00\",\"mainEntityOfPage\":{\"@id\":\"https:\\\/\\\/espaicrater.com\\\/es\\\/la-ciutat-dolot-ret-homenatge-a-oriol-de-bolos\\\/\"},\"wordCount\":424,\"commentCount\":0,\"publisher\":{\"@id\":\"https:\\\/\\\/espaicrater.com\\\/#organization\"},\"image\":{\"@id\":\"https:\\\/\\\/espaicrater.com\\\/es\\\/la-ciutat-dolot-ret-homenatge-a-oriol-de-bolos\\\/#primaryimage\"},\"thumbnailUrl\":\"https:\\\/\\\/espaicrater.com\\\/app\\\/uploads\\\/2024\\\/10\\\/3-post-1.jpg\",\"inLanguage\":\"es\",\"potentialAction\":[{\"@type\":\"CommentAction\",\"name\":\"Comment\",\"target\":[\"https:\\\/\\\/espaicrater.com\\\/es\\\/la-ciutat-dolot-ret-homenatge-a-oriol-de-bolos\\\/#respond\"]}]},{\"@type\":\"WebPage\",\"@id\":\"https:\\\/\\\/espaicrater.com\\\/es\\\/la-ciutat-dolot-ret-homenatge-a-oriol-de-bolos\\\/\",\"url\":\"https:\\\/\\\/espaicrater.com\\\/es\\\/la-ciutat-dolot-ret-homenatge-a-oriol-de-bolos\\\/\",\"name\":\"La ciudad de Olot rinde homenaje a Oriol de Bol\u00f2s - Espai Cr\u00e0ter\",\"isPartOf\":{\"@id\":\"https:\\\/\\\/espaicrater.com\\\/#website\"},\"primaryImageOfPage\":{\"@id\":\"https:\\\/\\\/espaicrater.com\\\/es\\\/la-ciutat-dolot-ret-homenatge-a-oriol-de-bolos\\\/#primaryimage\"},\"image\":{\"@id\":\"https:\\\/\\\/espaicrater.com\\\/es\\\/la-ciutat-dolot-ret-homenatge-a-oriol-de-bolos\\\/#primaryimage\"},\"thumbnailUrl\":\"https:\\\/\\\/espaicrater.com\\\/app\\\/uploads\\\/2024\\\/10\\\/3-post-1.jpg\",\"datePublished\":\"2024-10-23T09:31:42+00:00\",\"dateModified\":\"2024-10-29T10:21:53+00:00\",\"breadcrumb\":{\"@id\":\"https:\\\/\\\/espaicrater.com\\\/es\\\/la-ciutat-dolot-ret-homenatge-a-oriol-de-bolos\\\/#breadcrumb\"},\"inLanguage\":\"es\",\"potentialAction\":[{\"@type\":\"ReadAction\",\"target\":[\"https:\\\/\\\/espaicrater.com\\\/es\\\/la-ciutat-dolot-ret-homenatge-a-oriol-de-bolos\\\/\"]}]},{\"@type\":\"ImageObject\",\"inLanguage\":\"es\",\"@id\":\"https:\\\/\\\/espaicrater.com\\\/es\\\/la-ciutat-dolot-ret-homenatge-a-oriol-de-bolos\\\/#primaryimage\",\"url\":\"https:\\\/\\\/espaicrater.com\\\/app\\\/uploads\\\/2024\\\/10\\\/3-post-1.jpg\",\"contentUrl\":\"https:\\\/\\\/espaicrater.com\\\/app\\\/uploads\\\/2024\\\/10\\\/3-post-1.jpg\",\"width\":1080,\"height\":1080},{\"@type\":\"BreadcrumbList\",\"@id\":\"https:\\\/\\\/espaicrater.com\\\/es\\\/la-ciutat-dolot-ret-homenatge-a-oriol-de-bolos\\\/#breadcrumb\",\"itemListElement\":[{\"@type\":\"ListItem\",\"position\":1,\"name\":\"Inicio\",\"item\":\"https:\\\/\\\/espaicrater.com\\\/es\\\/\"},{\"@type\":\"ListItem\",\"position\":2,\"name\":\"La ciudad de Olot rinde homenaje a Oriol de Bol\u00f2s\"}]},{\"@type\":\"WebSite\",\"@id\":\"https:\\\/\\\/espaicrater.com\\\/#website\",\"url\":\"https:\\\/\\\/espaicrater.com\\\/\",\"name\":\"Espai Cr\u00e0ter\",\"description\":\"Viatge al centre de la vida\",\"publisher\":{\"@id\":\"https:\\\/\\\/espaicrater.com\\\/#organization\"},\"potentialAction\":[{\"@type\":\"SearchAction\",\"target\":{\"@type\":\"EntryPoint\",\"urlTemplate\":\"https:\\\/\\\/espaicrater.com\\\/?s={search_term_string}\"},\"query-input\":{\"@type\":\"PropertyValueSpecification\",\"valueRequired\":true,\"valueName\":\"search_term_string\"}}],\"inLanguage\":\"es\"},{\"@type\":\"Organization\",\"@id\":\"https:\\\/\\\/espaicrater.com\\\/#organization\",\"name\":\"Espai Cr\u00e0ter\",\"url\":\"https:\\\/\\\/espaicrater.com\\\/\",\"logo\":{\"@type\":\"ImageObject\",\"inLanguage\":\"es\",\"@id\":\"https:\\\/\\\/espaicrater.com\\\/#\\\/schema\\\/logo\\\/image\\\/\",\"url\":\"https:\\\/\\\/espaicrater.com\\\/app\\\/uploads\\\/2022\\\/02\\\/espai-crater-1.png\",\"contentUrl\":\"https:\\\/\\\/espaicrater.com\\\/app\\\/uploads\\\/2022\\\/02\\\/espai-crater-1.png\",\"width\":801,\"height\":320,\"caption\":\"Espai Cr\u00e0ter\"},\"image\":{\"@id\":\"https:\\\/\\\/espaicrater.com\\\/#\\\/schema\\\/logo\\\/image\\\/\"}},{\"@type\":\"Person\",\"@id\":\"https:\\\/\\\/espaicrater.com\\\/#\\\/schema\\\/person\\\/a48c2f8a557403d7b5f81dc74fe2b085\",\"name\":\"N\u00faria Llop\",\"image\":{\"@type\":\"ImageObject\",\"inLanguage\":\"es\",\"@id\":\"https:\\\/\\\/secure.gravatar.com\\\/avatar\\\/8b04d94749e92b2ed0bb94dd68fd5f53fdbf6a032bec654014ada9a65a590288?s=96&d=mm&r=g\",\"url\":\"https:\\\/\\\/secure.gravatar.com\\\/avatar\\\/8b04d94749e92b2ed0bb94dd68fd5f53fdbf6a032bec654014ada9a65a590288?s=96&d=mm&r=g\",\"contentUrl\":\"https:\\\/\\\/secure.gravatar.com\\\/avatar\\\/8b04d94749e92b2ed0bb94dd68fd5f53fdbf6a032bec654014ada9a65a590288?s=96&d=mm&r=g\",\"caption\":\"N\u00faria Llop\"},\"url\":\"https:\\\/\\\/espaicrater.com\\\/es\\\/author\\\/nuria\\\/\"}]}<\/script>","yoast_head_json":{"title":"La ciudad de Olot rinde homenaje a Oriol de Bol\u00f2s - Espai Cr\u00e0ter","robots":{"index":"index","follow":"follow","max-snippet":"max-snippet:-1","max-image-preview":"max-image-preview:large","max-video-preview":"max-video-preview:-1"},"canonical":"https:\/\/espaicrater.com\/es\/la-ciutat-dolot-ret-homenatge-a-oriol-de-bolos\/","og_locale":"es_ES","og_type":"article","og_title":"La ciudad de Olot rinde homenaje a Oriol de Bol\u00f2s - Espai Cr\u00e0ter","og_description":"El acto tendr\u00e1 lugar el 30 de noviembre y conmemorar\u00e1 el cent\u00e9simo aniversario del nacimiento del cient\u00edfico El Espai Cr\u00e0ter organiza un memorial para celebrar el cent\u00e9simo aniversario del nacimiento del cient\u00edfico olotense Oriol de Bol\u00f2s, catedr\u00e1tico de Fitograf\u00eda y Ecolog\u00eda vegetal de la Universidad de Barcelona, \u200b\u200bconservador t\u00e9cnico y director del Institut Bot\u00e0nic de &hellip; Continued","og_url":"https:\/\/espaicrater.com\/es\/la-ciutat-dolot-ret-homenatge-a-oriol-de-bolos\/","og_site_name":"Espai Cr\u00e0ter","article_published_time":"2024-10-23T09:31:42+00:00","article_modified_time":"2024-10-29T10:21:53+00:00","og_image":[{"width":1080,"height":1080,"url":"https:\/\/espaicrater.com\/app\/uploads\/2024\/10\/3-post-1.jpg","type":"image\/jpeg"}],"author":"N\u00faria Llop","twitter_card":"summary_large_image","twitter_misc":{"Escrito por":"N\u00faria Llop","Tiempo de lectura":"2 minutos"},"schema":{"@context":"https:\/\/schema.org","@graph":[{"@type":"Article","@id":"https:\/\/espaicrater.com\/es\/la-ciutat-dolot-ret-homenatge-a-oriol-de-bolos\/#article","isPartOf":{"@id":"https:\/\/espaicrater.com\/es\/la-ciutat-dolot-ret-homenatge-a-oriol-de-bolos\/"},"author":{"name":"N\u00faria Llop","@id":"https:\/\/espaicrater.com\/#\/schema\/person\/a48c2f8a557403d7b5f81dc74fe2b085"},"headline":"La ciudad de Olot rinde homenaje a Oriol de Bol\u00f2s","datePublished":"2024-10-23T09:31:42+00:00","dateModified":"2024-10-29T10:21:53+00:00","mainEntityOfPage":{"@id":"https:\/\/espaicrater.com\/es\/la-ciutat-dolot-ret-homenatge-a-oriol-de-bolos\/"},"wordCount":424,"commentCount":0,"publisher":{"@id":"https:\/\/espaicrater.com\/#organization"},"image":{"@id":"https:\/\/espaicrater.com\/es\/la-ciutat-dolot-ret-homenatge-a-oriol-de-bolos\/#primaryimage"},"thumbnailUrl":"https:\/\/espaicrater.com\/app\/uploads\/2024\/10\/3-post-1.jpg","inLanguage":"es","potentialAction":[{"@type":"CommentAction","name":"Comment","target":["https:\/\/espaicrater.com\/es\/la-ciutat-dolot-ret-homenatge-a-oriol-de-bolos\/#respond"]}]},{"@type":"WebPage","@id":"https:\/\/espaicrater.com\/es\/la-ciutat-dolot-ret-homenatge-a-oriol-de-bolos\/","url":"https:\/\/espaicrater.com\/es\/la-ciutat-dolot-ret-homenatge-a-oriol-de-bolos\/","name":"La ciudad de Olot rinde homenaje a Oriol de Bol\u00f2s - Espai Cr\u00e0ter","isPartOf":{"@id":"https:\/\/espaicrater.com\/#website"},"primaryImageOfPage":{"@id":"https:\/\/espaicrater.com\/es\/la-ciutat-dolot-ret-homenatge-a-oriol-de-bolos\/#primaryimage"},"image":{"@id":"https:\/\/espaicrater.com\/es\/la-ciutat-dolot-ret-homenatge-a-oriol-de-bolos\/#primaryimage"},"thumbnailUrl":"https:\/\/espaicrater.com\/app\/uploads\/2024\/10\/3-post-1.jpg","datePublished":"2024-10-23T09:31:42+00:00","dateModified":"2024-10-29T10:21:53+00:00","breadcrumb":{"@id":"https:\/\/espaicrater.com\/es\/la-ciutat-dolot-ret-homenatge-a-oriol-de-bolos\/#breadcrumb"},"inLanguage":"es","potentialAction":[{"@type":"ReadAction","target":["https:\/\/espaicrater.com\/es\/la-ciutat-dolot-ret-homenatge-a-oriol-de-bolos\/"]}]},{"@type":"ImageObject","inLanguage":"es","@id":"https:\/\/espaicrater.com\/es\/la-ciutat-dolot-ret-homenatge-a-oriol-de-bolos\/#primaryimage","url":"https:\/\/espaicrater.com\/app\/uploads\/2024\/10\/3-post-1.jpg","contentUrl":"https:\/\/espaicrater.com\/app\/uploads\/2024\/10\/3-post-1.jpg","width":1080,"height":1080},{"@type":"BreadcrumbList","@id":"https:\/\/espaicrater.com\/es\/la-ciutat-dolot-ret-homenatge-a-oriol-de-bolos\/#breadcrumb","itemListElement":[{"@type":"ListItem","position":1,"name":"Inicio","item":"https:\/\/espaicrater.com\/es\/"},{"@type":"ListItem","position":2,"name":"La ciudad de Olot rinde homenaje a Oriol de Bol\u00f2s"}]},{"@type":"WebSite","@id":"https:\/\/espaicrater.com\/#website","url":"https:\/\/espaicrater.com\/","name":"Espai Cr\u00e0ter","description":"Viatge al centre de la vida","publisher":{"@id":"https:\/\/espaicrater.com\/#organization"},"potentialAction":[{"@type":"SearchAction","target":{"@type":"EntryPoint","urlTemplate":"https:\/\/espaicrater.com\/?s={search_term_string}"},"query-input":{"@type":"PropertyValueSpecification","valueRequired":true,"valueName":"search_term_string"}}],"inLanguage":"es"},{"@type":"Organization","@id":"https:\/\/espaicrater.com\/#organization","name":"Espai Cr\u00e0ter","url":"https:\/\/espaicrater.com\/","logo":{"@type":"ImageObject","inLanguage":"es","@id":"https:\/\/espaicrater.com\/#\/schema\/logo\/image\/","url":"https:\/\/espaicrater.com\/app\/uploads\/2022\/02\/espai-crater-1.png","contentUrl":"https:\/\/espaicrater.com\/app\/uploads\/2022\/02\/espai-crater-1.png","width":801,"height":320,"caption":"Espai Cr\u00e0ter"},"image":{"@id":"https:\/\/espaicrater.com\/#\/schema\/logo\/image\/"}},{"@type":"Person","@id":"https:\/\/espaicrater.com\/#\/schema\/person\/a48c2f8a557403d7b5f81dc74fe2b085","name":"N\u00faria Llop","image":{"@type":"ImageObject","inLanguage":"es","@id":"https:\/\/secure.gravatar.com\/avatar\/8b04d94749e92b2ed0bb94dd68fd5f53fdbf6a032bec654014ada9a65a590288?s=96&d=mm&r=g","url":"https:\/\/secure.gravatar.com\/avatar\/8b04d94749e92b2ed0bb94dd68fd5f53fdbf6a032bec654014ada9a65a590288?s=96&d=mm&r=g","contentUrl":"https:\/\/secure.gravatar.com\/avatar\/8b04d94749e92b2ed0bb94dd68fd5f53fdbf6a032bec654014ada9a65a590288?s=96&d=mm&r=g","caption":"N\u00faria Llop"},"url":"https:\/\/espaicrater.com\/es\/author\/nuria\/"}]}},"_links":{"self":[{"href":"https:\/\/espaicrater.com\/es\/wp-json\/wp\/v2\/posts\/9802","targetHints":{"allow":["GET"]}}],"collection":[{"href":"https:\/\/espaicrater.com\/es\/wp-json\/wp\/v2\/posts"}],"about":[{"href":"https:\/\/espaicrater.com\/es\/wp-json\/wp\/v2\/types\/post"}],"author":[{"embeddable":true,"href":"https:\/\/espaicrater.com\/es\/wp-json\/wp\/v2\/users\/2"}],"replies":[{"embeddable":true,"href":"https:\/\/espaicrater.com\/es\/wp-json\/wp\/v2\/comments?post=9802"}],"version-history":[{"count":1,"href":"https:\/\/espaicrater.com\/es\/wp-json\/wp\/v2\/posts\/9802\/revisions"}],"predecessor-version":[{"id":9935,"href":"https:\/\/espaicrater.com\/es\/wp-json\/wp\/v2\/posts\/9802\/revisions\/9935"}],"wp:featuredmedia":[{"embeddable":true,"href":"https:\/\/espaicrater.com\/es\/wp-json\/wp\/v2\/media\/9794"}],"wp:attachment":[{"href":"https:\/\/espaicrater.com\/es\/wp-json\/wp\/v2\/media?parent=9802"}],"curies":[{"name":"wp","href":"https:\/\/api.w.org\/{rel}","templated":true}]}}