{"id":9998,"date":"2024-11-12T09:32:42","date_gmt":"2024-11-12T08:32:42","guid":{"rendered":"https:\/\/espaicrater.com\/?p=9998"},"modified":"2024-11-11T12:44:48","modified_gmt":"2024-11-11T11:44:48","slug":"el-ayuntamiento-de-olot-a-traves-del-espacio-crater-el-consejo-comarcal-de-la-garrotxa-y-turismo-garrotxa-firma-un-convenio-con-el-cabildo-de-la-palma","status":"publish","type":"post","link":"https:\/\/espaicrater.com\/es\/el-ayuntamiento-de-olot-a-traves-del-espacio-crater-el-consejo-comarcal-de-la-garrotxa-y-turismo-garrotxa-firma-un-convenio-con-el-cabildo-de-la-palma\/","title":{"rendered":"La Garrotxa y La Palma firman un convenio de cooperaci\u00f3n que pone \u00e9nfasis en sus similitudes geogr\u00e1ficas como territorios de origen volc\u00e1nico"},"content":{"rendered":"\n<p>Josep Berga, alcalde de Olot; Sergio Javier Rodr\u00edguez, presidente del Cabildo Insular de La Palma; Santi Reixach, presidente del Consejo Comarcal de la Garrotxa; Gemma Canalias, presidenta de la asociaci\u00f3n Turisme Garrotxa y, Carlos Closa, representante del Consejo Superior de Investigaciones Cient\u00edficas (CSIC), han firmado un convenio de colaboraci\u00f3n territorial entre La Palma y la Garrotxa. La firma de este acuerdo genera un paso adelante en la cooperaci\u00f3n entre ambos territorios de origen volc\u00e1nico, para fomentar el desarrollo econ\u00f3mico, social y cultural y mejorar la calidad de vida de ambas comunidades. El documento se centra en cuatro \u00e1reas de actuaci\u00f3n:<\/p>\n\n\n\n<p><strong>Investigaci\u00f3n y desarrollo cient\u00edfico<\/strong>: colaboraci\u00f3n con universidades y centros de investigaci\u00f3n para profundizar en la gesti\u00f3n sostenible de los entornos volc\u00e1nicos.<\/p>\n\n\n\n<p><strong>Proyectos<\/strong> <strong>europeos<\/strong>: participaci\u00f3n conjunta en convocatorias de financiaci\u00f3n europea que faciliten la cooperaci\u00f3n entre territorios.<\/p>\n\n\n\n<p><strong>Digitalizaci\u00f3n y transformaci\u00f3n digital<\/strong>: intercambio de experiencias para la planificaci\u00f3n territorial a trav\u00e9s de datos y tecnolog\u00edas digitales.<\/p>\n\n\n\n<p><strong>Intercambio<\/strong> <strong>de<\/strong> <strong>conocimiento<\/strong>: desarrollo de proyectos de educaci\u00f3n, ocupaci\u00f3n, patrimonio cultural y medio ambiente.<\/p>\n\n\n\n<p>El convenio firmado pone de manifiesto el compromiso de todas las entidades para promover el desarrollo sostenible y la competitividad territorial mediante la cooperaci\u00f3n y el trabajo conjunto. Por eso, una cl\u00e1usula del convenio es la creaci\u00f3n de la Comisi\u00f3n de Seguimiento, formada por representantes de cada entidad firmante, que ser\u00e1 la responsable de supervisar y guiar el desarrollo de las iniciativas previstas, as\u00ed como resolver cualquier incidencia durante el proceso de colaboraci\u00f3n.<\/p>\n\n\n\n<figure class=\"wp-block-image size-large\"><img loading=\"lazy\" decoding=\"async\" width=\"2000\" height=\"1500\" src=\"https:\/\/espaicrater.com\/app\/uploads\/2024\/11\/LP4-1-2000x1500.jpeg\" alt=\"\" class=\"wp-image-10000\" srcset=\"https:\/\/espaicrater.com\/app\/uploads\/2024\/11\/LP4-1-2000x1500.jpeg 2000w, https:\/\/espaicrater.com\/app\/uploads\/2024\/11\/LP4-1-300x225.jpeg 300w, https:\/\/espaicrater.com\/app\/uploads\/2024\/11\/LP4-1-768x576.jpeg 768w, https:\/\/espaicrater.com\/app\/uploads\/2024\/11\/LP4-1-1536x1152.jpeg 1536w, https:\/\/espaicrater.com\/app\/uploads\/2024\/11\/LP4-1.jpeg 2048w\" sizes=\"auto, (max-width: 2000px) 100vw, 2000px\" \/><\/figure>\n\n\n\n<p>Este acuerdo enfatiza el intercambio de buenas pr\u00e1cticas en la gesti\u00f3n de territorios volc\u00e1nicos, con un enfoque espec\u00edfico en la sostenibilidad y la preservaci\u00f3n del patrimonio natural. La Garrotxa y La Palma comparten caracter\u00edsticas geogr\u00e1ficas \u00fanicas, hecho que convierte este convenio en una oportunidad para impulsar iniciativas innovadoras que ayuden a afrontar los retos medioambientales y a promover un modelo de desarrollo respetuoso con sus ecosistemas.<\/p>\n\n\n\n<p>A las primeras acciones conjuntas, se prev\u00e9 la creaci\u00f3n de diferentes proyectos educativos que sensibilicen las comunidades locales sobre la importancia de conservar el patrimonio volc\u00e1nico y natural. A trav\u00e9s de talleres, conferencias y otras actividades formativas, se busca fomentar un conocimiento profundo de estos entornos por parte de la ciudadan\u00eda, valorando las particularidades de los paisajes volc\u00e1nicos y promoviendo un uso responsable y sostenible de los recursos.<\/p>\n\n\n\n<p>A largo plazo, el convenio permitir\u00e1 en ambos territorios incrementar sus capacidades en \u00e1reas clave como la digitalizaci\u00f3n, la econom\u00eda verde y la innovaci\u00f3n tecnol\u00f3gica. Esta alianza estrat\u00e9gica, por lo tanto, representa una apuesta por el crecimiento y la sostenibilidad, con un impacto positivo tanto en el presente como en el futuro de La Palma y la Garrotxa.<\/p>\n","protected":false},"excerpt":{"rendered":"<p>Josep Berga, alcalde de Olot; Sergio Javier Rodr\u00edguez, presidente del Cabildo Insular de La Palma; Santi Reixach, presidente del Consejo Comarcal de la Garrotxa; Gemma Canalias, presidenta de la asociaci\u00f3n Turisme Garrotxa y, Carlos Closa, representante del Consejo Superior de Investigaciones Cient\u00edficas (CSIC), han firmado un convenio de colaboraci\u00f3n territorial entre La Palma y la &hellip; <a href=\"https:\/\/espaicrater.com\/es\/el-ayuntamiento-de-olot-a-traves-del-espacio-crater-el-consejo-comarcal-de-la-garrotxa-y-turismo-garrotxa-firma-un-convenio-con-el-cabildo-de-la-palma\/\">Continued<\/a><\/p>\n","protected":false},"author":2,"featured_media":9996,"comment_status":"open","ping_status":"open","sticky":false,"template":"","format":"standard","meta":{"_acf_changed":false,"footnotes":""},"class_list":["post-9998","post","type-post","status-publish","format-standard","has-post-thumbnail","hentry"],"acf":[],"yoast_head":"<title>La Garrotxa y La Palma firman un convenio de cooperaci\u00f3n que pone \u00e9nfasis en sus similitudes geogr\u00e1ficas como territorios de origen volc\u00e1nico - Espai Cr\u00e0ter<\/title>\n<meta name=\"robots\" content=\"index, follow, max-snippet:-1, max-image-preview:large, max-video-preview:-1\" \/>\n<link rel=\"canonical\" href=\"https:\/\/espaicrater.com\/es\/el-ayuntamiento-de-olot-a-traves-del-espacio-crater-el-consejo-comarcal-de-la-garrotxa-y-turismo-garrotxa-firma-un-convenio-con-el-cabildo-de-la-palma\/\" \/>\n<meta property=\"og:locale\" content=\"es_ES\" \/>\n<meta property=\"og:type\" content=\"article\" \/>\n<meta property=\"og:title\" content=\"La Garrotxa y La Palma firman un convenio de cooperaci\u00f3n que pone \u00e9nfasis en sus similitudes geogr\u00e1ficas como territorios de origen volc\u00e1nico - Espai Cr\u00e0ter\" \/>\n<meta property=\"og:description\" content=\"Josep Berga, alcalde de Olot; Sergio Javier Rodr\u00edguez, presidente del Cabildo Insular de La Palma; Santi Reixach, presidente del Consejo Comarcal de la Garrotxa; Gemma Canalias, presidenta de la asociaci\u00f3n Turisme Garrotxa y, Carlos Closa, representante del Consejo Superior de Investigaciones Cient\u00edficas (CSIC), han firmado un convenio de colaboraci\u00f3n territorial entre La Palma y la &hellip; Continued\" \/>\n<meta property=\"og:url\" content=\"https:\/\/espaicrater.com\/es\/el-ayuntamiento-de-olot-a-traves-del-espacio-crater-el-consejo-comarcal-de-la-garrotxa-y-turismo-garrotxa-firma-un-convenio-con-el-cabildo-de-la-palma\/\" \/>\n<meta property=\"og:site_name\" content=\"Espai Cr\u00e0ter\" \/>\n<meta property=\"article:published_time\" content=\"2024-11-12T08:32:42+00:00\" \/>\n<meta property=\"og:image\" content=\"https:\/\/espaicrater.com\/app\/uploads\/2024\/11\/LP.jpeg\" \/>\n\t<meta property=\"og:image:width\" content=\"2048\" \/>\n\t<meta property=\"og:image:height\" content=\"1536\" \/>\n\t<meta property=\"og:image:type\" content=\"image\/jpeg\" \/>\n<meta name=\"author\" content=\"N\u00faria Llop\" \/>\n<meta name=\"twitter:card\" content=\"summary_large_image\" \/>\n<meta name=\"twitter:label1\" content=\"Escrito por\" \/>\n\t<meta name=\"twitter:data1\" content=\"N\u00faria Llop\" \/>\n\t<meta name=\"twitter:label2\" content=\"Tiempo de lectura\" \/>\n\t<meta name=\"twitter:data2\" content=\"2 minutos\" \/>\n<script type=\"application\/ld+json\" class=\"yoast-schema-graph\">{\"@context\":\"https:\\\/\\\/schema.org\",\"@graph\":[{\"@type\":\"Article\",\"@id\":\"https:\\\/\\\/espaicrater.com\\\/es\\\/el-ayuntamiento-de-olot-a-traves-del-espacio-crater-el-consejo-comarcal-de-la-garrotxa-y-turismo-garrotxa-firma-un-convenio-con-el-cabildo-de-la-palma\\\/#article\",\"isPartOf\":{\"@id\":\"https:\\\/\\\/espaicrater.com\\\/es\\\/el-ayuntamiento-de-olot-a-traves-del-espacio-crater-el-consejo-comarcal-de-la-garrotxa-y-turismo-garrotxa-firma-un-convenio-con-el-cabildo-de-la-palma\\\/\"},\"author\":{\"name\":\"N\u00faria Llop\",\"@id\":\"https:\\\/\\\/espaicrater.com\\\/#\\\/schema\\\/person\\\/a48c2f8a557403d7b5f81dc74fe2b085\"},\"headline\":\"La Garrotxa y La Palma firman un convenio de cooperaci\u00f3n que pone \u00e9nfasis en sus similitudes geogr\u00e1ficas como territorios de origen volc\u00e1nico\",\"datePublished\":\"2024-11-12T08:32:42+00:00\",\"mainEntityOfPage\":{\"@id\":\"https:\\\/\\\/espaicrater.com\\\/es\\\/el-ayuntamiento-de-olot-a-traves-del-espacio-crater-el-consejo-comarcal-de-la-garrotxa-y-turismo-garrotxa-firma-un-convenio-con-el-cabildo-de-la-palma\\\/\"},\"wordCount\":504,\"commentCount\":0,\"publisher\":{\"@id\":\"https:\\\/\\\/espaicrater.com\\\/#organization\"},\"image\":{\"@id\":\"https:\\\/\\\/espaicrater.com\\\/es\\\/el-ayuntamiento-de-olot-a-traves-del-espacio-crater-el-consejo-comarcal-de-la-garrotxa-y-turismo-garrotxa-firma-un-convenio-con-el-cabildo-de-la-palma\\\/#primaryimage\"},\"thumbnailUrl\":\"https:\\\/\\\/espaicrater.com\\\/app\\\/uploads\\\/2024\\\/11\\\/LP.jpeg\",\"inLanguage\":\"es\",\"potentialAction\":[{\"@type\":\"CommentAction\",\"name\":\"Comment\",\"target\":[\"https:\\\/\\\/espaicrater.com\\\/es\\\/el-ayuntamiento-de-olot-a-traves-del-espacio-crater-el-consejo-comarcal-de-la-garrotxa-y-turismo-garrotxa-firma-un-convenio-con-el-cabildo-de-la-palma\\\/#respond\"]}]},{\"@type\":\"WebPage\",\"@id\":\"https:\\\/\\\/espaicrater.com\\\/es\\\/el-ayuntamiento-de-olot-a-traves-del-espacio-crater-el-consejo-comarcal-de-la-garrotxa-y-turismo-garrotxa-firma-un-convenio-con-el-cabildo-de-la-palma\\\/\",\"url\":\"https:\\\/\\\/espaicrater.com\\\/es\\\/el-ayuntamiento-de-olot-a-traves-del-espacio-crater-el-consejo-comarcal-de-la-garrotxa-y-turismo-garrotxa-firma-un-convenio-con-el-cabildo-de-la-palma\\\/\",\"name\":\"La Garrotxa y La Palma firman un convenio de cooperaci\u00f3n que pone \u00e9nfasis en sus similitudes geogr\u00e1ficas como territorios de origen volc\u00e1nico - Espai Cr\u00e0ter\",\"isPartOf\":{\"@id\":\"https:\\\/\\\/espaicrater.com\\\/#website\"},\"primaryImageOfPage\":{\"@id\":\"https:\\\/\\\/espaicrater.com\\\/es\\\/el-ayuntamiento-de-olot-a-traves-del-espacio-crater-el-consejo-comarcal-de-la-garrotxa-y-turismo-garrotxa-firma-un-convenio-con-el-cabildo-de-la-palma\\\/#primaryimage\"},\"image\":{\"@id\":\"https:\\\/\\\/espaicrater.com\\\/es\\\/el-ayuntamiento-de-olot-a-traves-del-espacio-crater-el-consejo-comarcal-de-la-garrotxa-y-turismo-garrotxa-firma-un-convenio-con-el-cabildo-de-la-palma\\\/#primaryimage\"},\"thumbnailUrl\":\"https:\\\/\\\/espaicrater.com\\\/app\\\/uploads\\\/2024\\\/11\\\/LP.jpeg\",\"datePublished\":\"2024-11-12T08:32:42+00:00\",\"breadcrumb\":{\"@id\":\"https:\\\/\\\/espaicrater.com\\\/es\\\/el-ayuntamiento-de-olot-a-traves-del-espacio-crater-el-consejo-comarcal-de-la-garrotxa-y-turismo-garrotxa-firma-un-convenio-con-el-cabildo-de-la-palma\\\/#breadcrumb\"},\"inLanguage\":\"es\",\"potentialAction\":[{\"@type\":\"ReadAction\",\"target\":[\"https:\\\/\\\/espaicrater.com\\\/es\\\/el-ayuntamiento-de-olot-a-traves-del-espacio-crater-el-consejo-comarcal-de-la-garrotxa-y-turismo-garrotxa-firma-un-convenio-con-el-cabildo-de-la-palma\\\/\"]}]},{\"@type\":\"ImageObject\",\"inLanguage\":\"es\",\"@id\":\"https:\\\/\\\/espaicrater.com\\\/es\\\/el-ayuntamiento-de-olot-a-traves-del-espacio-crater-el-consejo-comarcal-de-la-garrotxa-y-turismo-garrotxa-firma-un-convenio-con-el-cabildo-de-la-palma\\\/#primaryimage\",\"url\":\"https:\\\/\\\/espaicrater.com\\\/app\\\/uploads\\\/2024\\\/11\\\/LP.jpeg\",\"contentUrl\":\"https:\\\/\\\/espaicrater.com\\\/app\\\/uploads\\\/2024\\\/11\\\/LP.jpeg\",\"width\":2048,\"height\":1536},{\"@type\":\"BreadcrumbList\",\"@id\":\"https:\\\/\\\/espaicrater.com\\\/es\\\/el-ayuntamiento-de-olot-a-traves-del-espacio-crater-el-consejo-comarcal-de-la-garrotxa-y-turismo-garrotxa-firma-un-convenio-con-el-cabildo-de-la-palma\\\/#breadcrumb\",\"itemListElement\":[{\"@type\":\"ListItem\",\"position\":1,\"name\":\"Inicio\",\"item\":\"https:\\\/\\\/espaicrater.com\\\/es\\\/\"},{\"@type\":\"ListItem\",\"position\":2,\"name\":\"La Garrotxa y La Palma firman un convenio de cooperaci\u00f3n que pone \u00e9nfasis en sus similitudes geogr\u00e1ficas como territorios de origen volc\u00e1nico\"}]},{\"@type\":\"WebSite\",\"@id\":\"https:\\\/\\\/espaicrater.com\\\/#website\",\"url\":\"https:\\\/\\\/espaicrater.com\\\/\",\"name\":\"Espai Cr\u00e0ter\",\"description\":\"Viatge al centre de la vida\",\"publisher\":{\"@id\":\"https:\\\/\\\/espaicrater.com\\\/#organization\"},\"potentialAction\":[{\"@type\":\"SearchAction\",\"target\":{\"@type\":\"EntryPoint\",\"urlTemplate\":\"https:\\\/\\\/espaicrater.com\\\/?s={search_term_string}\"},\"query-input\":{\"@type\":\"PropertyValueSpecification\",\"valueRequired\":true,\"valueName\":\"search_term_string\"}}],\"inLanguage\":\"es\"},{\"@type\":\"Organization\",\"@id\":\"https:\\\/\\\/espaicrater.com\\\/#organization\",\"name\":\"Espai Cr\u00e0ter\",\"url\":\"https:\\\/\\\/espaicrater.com\\\/\",\"logo\":{\"@type\":\"ImageObject\",\"inLanguage\":\"es\",\"@id\":\"https:\\\/\\\/espaicrater.com\\\/#\\\/schema\\\/logo\\\/image\\\/\",\"url\":\"https:\\\/\\\/espaicrater.com\\\/app\\\/uploads\\\/2022\\\/02\\\/espai-crater-1.png\",\"contentUrl\":\"https:\\\/\\\/espaicrater.com\\\/app\\\/uploads\\\/2022\\\/02\\\/espai-crater-1.png\",\"width\":801,\"height\":320,\"caption\":\"Espai Cr\u00e0ter\"},\"image\":{\"@id\":\"https:\\\/\\\/espaicrater.com\\\/#\\\/schema\\\/logo\\\/image\\\/\"}},{\"@type\":\"Person\",\"@id\":\"https:\\\/\\\/espaicrater.com\\\/#\\\/schema\\\/person\\\/a48c2f8a557403d7b5f81dc74fe2b085\",\"name\":\"N\u00faria Llop\",\"image\":{\"@type\":\"ImageObject\",\"inLanguage\":\"es\",\"@id\":\"https:\\\/\\\/secure.gravatar.com\\\/avatar\\\/8b04d94749e92b2ed0bb94dd68fd5f53fdbf6a032bec654014ada9a65a590288?s=96&d=mm&r=g\",\"url\":\"https:\\\/\\\/secure.gravatar.com\\\/avatar\\\/8b04d94749e92b2ed0bb94dd68fd5f53fdbf6a032bec654014ada9a65a590288?s=96&d=mm&r=g\",\"contentUrl\":\"https:\\\/\\\/secure.gravatar.com\\\/avatar\\\/8b04d94749e92b2ed0bb94dd68fd5f53fdbf6a032bec654014ada9a65a590288?s=96&d=mm&r=g\",\"caption\":\"N\u00faria Llop\"},\"url\":\"https:\\\/\\\/espaicrater.com\\\/es\\\/author\\\/nuria\\\/\"}]}<\/script>","yoast_head_json":{"title":"La Garrotxa y La Palma firman un convenio de cooperaci\u00f3n que pone \u00e9nfasis en sus similitudes geogr\u00e1ficas como territorios de origen volc\u00e1nico - Espai Cr\u00e0ter","robots":{"index":"index","follow":"follow","max-snippet":"max-snippet:-1","max-image-preview":"max-image-preview:large","max-video-preview":"max-video-preview:-1"},"canonical":"https:\/\/espaicrater.com\/es\/el-ayuntamiento-de-olot-a-traves-del-espacio-crater-el-consejo-comarcal-de-la-garrotxa-y-turismo-garrotxa-firma-un-convenio-con-el-cabildo-de-la-palma\/","og_locale":"es_ES","og_type":"article","og_title":"La Garrotxa y La Palma firman un convenio de cooperaci\u00f3n que pone \u00e9nfasis en sus similitudes geogr\u00e1ficas como territorios de origen volc\u00e1nico - Espai Cr\u00e0ter","og_description":"Josep Berga, alcalde de Olot; Sergio Javier Rodr\u00edguez, presidente del Cabildo Insular de La Palma; Santi Reixach, presidente del Consejo Comarcal de la Garrotxa; Gemma Canalias, presidenta de la asociaci\u00f3n Turisme Garrotxa y, Carlos Closa, representante del Consejo Superior de Investigaciones Cient\u00edficas (CSIC), han firmado un convenio de colaboraci\u00f3n territorial entre La Palma y la &hellip; Continued","og_url":"https:\/\/espaicrater.com\/es\/el-ayuntamiento-de-olot-a-traves-del-espacio-crater-el-consejo-comarcal-de-la-garrotxa-y-turismo-garrotxa-firma-un-convenio-con-el-cabildo-de-la-palma\/","og_site_name":"Espai Cr\u00e0ter","article_published_time":"2024-11-12T08:32:42+00:00","og_image":[{"width":2048,"height":1536,"url":"https:\/\/espaicrater.com\/app\/uploads\/2024\/11\/LP.jpeg","type":"image\/jpeg"}],"author":"N\u00faria Llop","twitter_card":"summary_large_image","twitter_misc":{"Escrito por":"N\u00faria Llop","Tiempo de lectura":"2 minutos"},"schema":{"@context":"https:\/\/schema.org","@graph":[{"@type":"Article","@id":"https:\/\/espaicrater.com\/es\/el-ayuntamiento-de-olot-a-traves-del-espacio-crater-el-consejo-comarcal-de-la-garrotxa-y-turismo-garrotxa-firma-un-convenio-con-el-cabildo-de-la-palma\/#article","isPartOf":{"@id":"https:\/\/espaicrater.com\/es\/el-ayuntamiento-de-olot-a-traves-del-espacio-crater-el-consejo-comarcal-de-la-garrotxa-y-turismo-garrotxa-firma-un-convenio-con-el-cabildo-de-la-palma\/"},"author":{"name":"N\u00faria Llop","@id":"https:\/\/espaicrater.com\/#\/schema\/person\/a48c2f8a557403d7b5f81dc74fe2b085"},"headline":"La Garrotxa y La Palma firman un convenio de cooperaci\u00f3n que pone \u00e9nfasis en sus similitudes geogr\u00e1ficas como territorios de origen volc\u00e1nico","datePublished":"2024-11-12T08:32:42+00:00","mainEntityOfPage":{"@id":"https:\/\/espaicrater.com\/es\/el-ayuntamiento-de-olot-a-traves-del-espacio-crater-el-consejo-comarcal-de-la-garrotxa-y-turismo-garrotxa-firma-un-convenio-con-el-cabildo-de-la-palma\/"},"wordCount":504,"commentCount":0,"publisher":{"@id":"https:\/\/espaicrater.com\/#organization"},"image":{"@id":"https:\/\/espaicrater.com\/es\/el-ayuntamiento-de-olot-a-traves-del-espacio-crater-el-consejo-comarcal-de-la-garrotxa-y-turismo-garrotxa-firma-un-convenio-con-el-cabildo-de-la-palma\/#primaryimage"},"thumbnailUrl":"https:\/\/espaicrater.com\/app\/uploads\/2024\/11\/LP.jpeg","inLanguage":"es","potentialAction":[{"@type":"CommentAction","name":"Comment","target":["https:\/\/espaicrater.com\/es\/el-ayuntamiento-de-olot-a-traves-del-espacio-crater-el-consejo-comarcal-de-la-garrotxa-y-turismo-garrotxa-firma-un-convenio-con-el-cabildo-de-la-palma\/#respond"]}]},{"@type":"WebPage","@id":"https:\/\/espaicrater.com\/es\/el-ayuntamiento-de-olot-a-traves-del-espacio-crater-el-consejo-comarcal-de-la-garrotxa-y-turismo-garrotxa-firma-un-convenio-con-el-cabildo-de-la-palma\/","url":"https:\/\/espaicrater.com\/es\/el-ayuntamiento-de-olot-a-traves-del-espacio-crater-el-consejo-comarcal-de-la-garrotxa-y-turismo-garrotxa-firma-un-convenio-con-el-cabildo-de-la-palma\/","name":"La Garrotxa y La Palma firman un convenio de cooperaci\u00f3n que pone \u00e9nfasis en sus similitudes geogr\u00e1ficas como territorios de origen volc\u00e1nico - Espai Cr\u00e0ter","isPartOf":{"@id":"https:\/\/espaicrater.com\/#website"},"primaryImageOfPage":{"@id":"https:\/\/espaicrater.com\/es\/el-ayuntamiento-de-olot-a-traves-del-espacio-crater-el-consejo-comarcal-de-la-garrotxa-y-turismo-garrotxa-firma-un-convenio-con-el-cabildo-de-la-palma\/#primaryimage"},"image":{"@id":"https:\/\/espaicrater.com\/es\/el-ayuntamiento-de-olot-a-traves-del-espacio-crater-el-consejo-comarcal-de-la-garrotxa-y-turismo-garrotxa-firma-un-convenio-con-el-cabildo-de-la-palma\/#primaryimage"},"thumbnailUrl":"https:\/\/espaicrater.com\/app\/uploads\/2024\/11\/LP.jpeg","datePublished":"2024-11-12T08:32:42+00:00","breadcrumb":{"@id":"https:\/\/espaicrater.com\/es\/el-ayuntamiento-de-olot-a-traves-del-espacio-crater-el-consejo-comarcal-de-la-garrotxa-y-turismo-garrotxa-firma-un-convenio-con-el-cabildo-de-la-palma\/#breadcrumb"},"inLanguage":"es","potentialAction":[{"@type":"ReadAction","target":["https:\/\/espaicrater.com\/es\/el-ayuntamiento-de-olot-a-traves-del-espacio-crater-el-consejo-comarcal-de-la-garrotxa-y-turismo-garrotxa-firma-un-convenio-con-el-cabildo-de-la-palma\/"]}]},{"@type":"ImageObject","inLanguage":"es","@id":"https:\/\/espaicrater.com\/es\/el-ayuntamiento-de-olot-a-traves-del-espacio-crater-el-consejo-comarcal-de-la-garrotxa-y-turismo-garrotxa-firma-un-convenio-con-el-cabildo-de-la-palma\/#primaryimage","url":"https:\/\/espaicrater.com\/app\/uploads\/2024\/11\/LP.jpeg","contentUrl":"https:\/\/espaicrater.com\/app\/uploads\/2024\/11\/LP.jpeg","width":2048,"height":1536},{"@type":"BreadcrumbList","@id":"https:\/\/espaicrater.com\/es\/el-ayuntamiento-de-olot-a-traves-del-espacio-crater-el-consejo-comarcal-de-la-garrotxa-y-turismo-garrotxa-firma-un-convenio-con-el-cabildo-de-la-palma\/#breadcrumb","itemListElement":[{"@type":"ListItem","position":1,"name":"Inicio","item":"https:\/\/espaicrater.com\/es\/"},{"@type":"ListItem","position":2,"name":"La Garrotxa y La Palma firman un convenio de cooperaci\u00f3n que pone \u00e9nfasis en sus similitudes geogr\u00e1ficas como territorios de origen volc\u00e1nico"}]},{"@type":"WebSite","@id":"https:\/\/espaicrater.com\/#website","url":"https:\/\/espaicrater.com\/","name":"Espai Cr\u00e0ter","description":"Viatge al centre de la vida","publisher":{"@id":"https:\/\/espaicrater.com\/#organization"},"potentialAction":[{"@type":"SearchAction","target":{"@type":"EntryPoint","urlTemplate":"https:\/\/espaicrater.com\/?s={search_term_string}"},"query-input":{"@type":"PropertyValueSpecification","valueRequired":true,"valueName":"search_term_string"}}],"inLanguage":"es"},{"@type":"Organization","@id":"https:\/\/espaicrater.com\/#organization","name":"Espai Cr\u00e0ter","url":"https:\/\/espaicrater.com\/","logo":{"@type":"ImageObject","inLanguage":"es","@id":"https:\/\/espaicrater.com\/#\/schema\/logo\/image\/","url":"https:\/\/espaicrater.com\/app\/uploads\/2022\/02\/espai-crater-1.png","contentUrl":"https:\/\/espaicrater.com\/app\/uploads\/2022\/02\/espai-crater-1.png","width":801,"height":320,"caption":"Espai Cr\u00e0ter"},"image":{"@id":"https:\/\/espaicrater.com\/#\/schema\/logo\/image\/"}},{"@type":"Person","@id":"https:\/\/espaicrater.com\/#\/schema\/person\/a48c2f8a557403d7b5f81dc74fe2b085","name":"N\u00faria Llop","image":{"@type":"ImageObject","inLanguage":"es","@id":"https:\/\/secure.gravatar.com\/avatar\/8b04d94749e92b2ed0bb94dd68fd5f53fdbf6a032bec654014ada9a65a590288?s=96&d=mm&r=g","url":"https:\/\/secure.gravatar.com\/avatar\/8b04d94749e92b2ed0bb94dd68fd5f53fdbf6a032bec654014ada9a65a590288?s=96&d=mm&r=g","contentUrl":"https:\/\/secure.gravatar.com\/avatar\/8b04d94749e92b2ed0bb94dd68fd5f53fdbf6a032bec654014ada9a65a590288?s=96&d=mm&r=g","caption":"N\u00faria Llop"},"url":"https:\/\/espaicrater.com\/es\/author\/nuria\/"}]}},"_links":{"self":[{"href":"https:\/\/espaicrater.com\/es\/wp-json\/wp\/v2\/posts\/9998","targetHints":{"allow":["GET"]}}],"collection":[{"href":"https:\/\/espaicrater.com\/es\/wp-json\/wp\/v2\/posts"}],"about":[{"href":"https:\/\/espaicrater.com\/es\/wp-json\/wp\/v2\/types\/post"}],"author":[{"embeddable":true,"href":"https:\/\/espaicrater.com\/es\/wp-json\/wp\/v2\/users\/2"}],"replies":[{"embeddable":true,"href":"https:\/\/espaicrater.com\/es\/wp-json\/wp\/v2\/comments?post=9998"}],"version-history":[{"count":5,"href":"https:\/\/espaicrater.com\/es\/wp-json\/wp\/v2\/posts\/9998\/revisions"}],"predecessor-version":[{"id":10087,"href":"https:\/\/espaicrater.com\/es\/wp-json\/wp\/v2\/posts\/9998\/revisions\/10087"}],"wp:featuredmedia":[{"embeddable":true,"href":"https:\/\/espaicrater.com\/es\/wp-json\/wp\/v2\/media\/9996"}],"wp:attachment":[{"href":"https:\/\/espaicrater.com\/es\/wp-json\/wp\/v2\/media?parent=9998"}],"curies":[{"name":"wp","href":"https:\/\/api.w.org\/{rel}","templated":true}]}}