{"id":10011,"date":"2024-11-12T09:32:42","date_gmt":"2024-11-12T08:32:42","guid":{"rendered":"https:\/\/espaicrater.com\/?p=10011"},"modified":"2024-11-11T12:47:23","modified_gmt":"2024-11-11T11:47:23","slug":"la-mairie-dolot-a-travers-lespace-crater-le-consell-comarcal-de-la-garrotxa-et-turisme-garrotxa-signe-un-accord-avec-le-cabildo-de-la-palma","status":"publish","type":"post","link":"https:\/\/espaicrater.com\/fr\/la-mairie-dolot-a-travers-lespace-crater-le-consell-comarcal-de-la-garrotxa-et-turisme-garrotxa-signe-un-accord-avec-le-cabildo-de-la-palma\/","title":{"rendered":"La Garrotxa et La Palma signent un accord de coop\u00e9ration qui met l&#8217;accent sur ses similitudes g\u00e9ographiques en tant que territoires d&#8217;origine volcanique"},"content":{"rendered":"\n<p>Josep Berga, maire d&#8217;Olot ; Sergio Javier Rodr\u00edguez, pr\u00e9sident du Cabildo Insular de La Palma ; Santi Reixach, pr\u00e9sident du Conseil r\u00e9gional de la Garrotxa ; Gemma Canalias, pr\u00e9sidente de l&#8217;association Turisme Garrotxa et Carlos Closa, repr\u00e9sentant du Consejo Superior de Investigaciones Cient\u00edficas (CSIC), ont sign\u00e9 un accord de collaboration territoriale entre La Palma et La Garrotxa. La signature de cet accord g\u00e9n\u00e8re un pas en avant dans la coop\u00e9ration entre les deux territoires d&#8217;origine volcanique, afin de promouvoir le d\u00e9veloppement \u00e9conomique, social et culturel et d&#8217;am\u00e9liorer la qualit\u00e9 de vie des deux communaut\u00e9s. Le document se concentre sur quatre domaines d\u2019action :<\/p>\n\n\n\n<p><strong>Recherche et d\u00e9veloppement scientifique<\/strong>: collaboration avec des universit\u00e9s et des centres de recherche pour approfondir la gestion durable des environnements volcaniques.<\/p>\n\n\n\n<p><strong>Projets<\/strong> <strong>europ\u00e9ens<\/strong> : participation conjointe \u00e0 des appels \u00e0 financement europ\u00e9en qui facilitent la coop\u00e9ration entre territoires.<\/p>\n\n\n\n<p><strong>Digitalisation<\/strong> <strong>et<\/strong> <strong>transformation<\/strong> <strong>num\u00e9rique<\/strong> : \u00e9change d\u2019exp\u00e9riences pour la planification territoriale \u00e0 travers des donn\u00e9es et des technologies num\u00e9riques.<\/p>\n\n\n\n<p><strong>\u00c9change<\/strong> <strong>de<\/strong> <strong>connaissances<\/strong> : d\u00e9veloppement de projets d\u2019\u00e9ducation, d\u2019emploi, de patrimoine culturel et d\u2019environnement.<\/p>\n\n\n\n<p>La convention sign\u00e9e met en \u00e9vidence l\u2019engagement de toutes les entit\u00e9s \u00e0 promouvoir le d\u00e9veloppement durable et la comp\u00e9titivit\u00e9 territoriale par la coop\u00e9ration et le travail conjoint. C&#8217;est pourquoi une clause de la convention est la cr\u00e9ation de la commission de suivi, compos\u00e9e de repr\u00e9sentants de chaque entit\u00e9 signataire, qui sera charg\u00e9e de superviser et de guider le d\u00e9veloppement des initiatives pr\u00e9vues, ainsi que de r\u00e9soudre tout incident pendant le processus de collaboration.<\/p>\n\n\n\n<figure class=\"wp-block-image size-large\"><img loading=\"lazy\" decoding=\"async\" width=\"2000\" height=\"1500\" src=\"https:\/\/espaicrater.com\/app\/uploads\/2024\/11\/LP4-3-2000x1500.jpeg\" alt=\"\" class=\"wp-image-10012\" srcset=\"https:\/\/espaicrater.com\/app\/uploads\/2024\/11\/LP4-3-2000x1500.jpeg 2000w, https:\/\/espaicrater.com\/app\/uploads\/2024\/11\/LP4-3-300x225.jpeg 300w, https:\/\/espaicrater.com\/app\/uploads\/2024\/11\/LP4-3-768x576.jpeg 768w, https:\/\/espaicrater.com\/app\/uploads\/2024\/11\/LP4-3-1536x1152.jpeg 1536w, https:\/\/espaicrater.com\/app\/uploads\/2024\/11\/LP4-3.jpeg 2048w\" sizes=\"auto, (max-width: 2000px) 100vw, 2000px\" \/><\/figure>\n\n\n\n<p>Cet accord met l&#8217;accent sur l&#8217;\u00e9change de bonnes pratiques dans la gestion des territoires volcaniques, avec une approche sp\u00e9cifique de la durabilit\u00e9 et de la pr\u00e9servation du patrimoine naturel. La Garrotxa et La Palma partagent des caract\u00e9ristiques g\u00e9ographiques uniques, ce qui fait de cette convention une occasion de promouvoir des initiatives innovantes qui aident \u00e0 relever les d\u00e9fis environnementaux et \u00e0 promouvoir un mod\u00e8le de d\u00e9veloppement respectueux de ses \u00e9cosyst\u00e8mes.<\/p>\n\n\n\n<p>Dans les premi\u00e8res actions conjointes, il est pr\u00e9vu la cr\u00e9ation de diff\u00e9rents projets \u00e9ducatifs qui sensibiliseront les communaut\u00e9s locales \u00e0 l&#8217;importance de pr\u00e9server le patrimoine volcanique et naturel. \u00c0 travers des ateliers, des conf\u00e9rences et d\u2019autres activit\u00e9s de formation, on cherche \u00e0 promouvoir une connaissance approfondie de ces environnements par les citoyens, en valorisant les particularit\u00e9s des paysages volcaniques et en promouvant une utilisation responsable et durable des ressources.<\/p>\n\n\n\n<p>\u00c0 long terme, l&#8217;accord permettra aux deux territoires d&#8217;augmenter leurs capacit\u00e9s dans des domaines cl\u00e9s tels que la num\u00e9risation, l&#8217;\u00e9conomie verte et l&#8217;innovation technologique. Cette alliance strat\u00e9gique repr\u00e9sente donc un pari pour la croissance et la durabilit\u00e9, avec un impact positif sur le pr\u00e9sent et l&#8217;avenir de La Palma et de la Garrotxa.<\/p>\n\n\n\n<p><\/p>\n","protected":false},"excerpt":{"rendered":"<p>Josep Berga, maire d&#8217;Olot ; Sergio Javier Rodr\u00edguez, pr\u00e9sident du Cabildo Insular de La Palma ; Santi Reixach, pr\u00e9sident du Conseil r\u00e9gional de la Garrotxa ; Gemma Canalias, pr\u00e9sidente de l&#8217;association Turisme Garrotxa et Carlos Closa, repr\u00e9sentant du Consejo Superior de Investigaciones Cient\u00edficas (CSIC), ont sign\u00e9 un accord de collaboration territoriale entre La Palma et &hellip; <a href=\"https:\/\/espaicrater.com\/fr\/la-mairie-dolot-a-travers-lespace-crater-le-consell-comarcal-de-la-garrotxa-et-turisme-garrotxa-signe-un-accord-avec-le-cabildo-de-la-palma\/\">Continued<\/a><\/p>\n","protected":false},"author":2,"featured_media":9995,"comment_status":"open","ping_status":"open","sticky":false,"template":"","format":"standard","meta":{"_acf_changed":false,"footnotes":""},"class_list":["post-10011","post","type-post","status-publish","format-standard","has-post-thumbnail","hentry"],"acf":[],"yoast_head":"<title>La Garrotxa et La Palma signent un accord de coop\u00e9ration qui met l&#039;accent sur ses similitudes g\u00e9ographiques en tant que territoires d&#039;origine volcanique - Espai Cr\u00e0ter<\/title>\n<meta name=\"robots\" content=\"index, follow, max-snippet:-1, max-image-preview:large, max-video-preview:-1\" \/>\n<link rel=\"canonical\" href=\"https:\/\/espaicrater.com\/fr\/la-mairie-dolot-a-travers-lespace-crater-le-consell-comarcal-de-la-garrotxa-et-turisme-garrotxa-signe-un-accord-avec-le-cabildo-de-la-palma\/\" \/>\n<meta property=\"og:locale\" content=\"fr_FR\" \/>\n<meta property=\"og:type\" content=\"article\" \/>\n<meta property=\"og:title\" content=\"La Garrotxa et La Palma signent un accord de coop\u00e9ration qui met l&#039;accent sur ses similitudes g\u00e9ographiques en tant que territoires d&#039;origine volcanique - Espai Cr\u00e0ter\" \/>\n<meta property=\"og:description\" content=\"Josep Berga, maire d&#8217;Olot ; Sergio Javier Rodr\u00edguez, pr\u00e9sident du Cabildo Insular de La Palma ; Santi Reixach, pr\u00e9sident du Conseil r\u00e9gional de la Garrotxa ; Gemma Canalias, pr\u00e9sidente de l&#8217;association Turisme Garrotxa et Carlos Closa, repr\u00e9sentant du Consejo Superior de Investigaciones Cient\u00edficas (CSIC), ont sign\u00e9 un accord de collaboration territoriale entre La Palma et &hellip; Continued\" \/>\n<meta property=\"og:url\" content=\"https:\/\/espaicrater.com\/fr\/la-mairie-dolot-a-travers-lespace-crater-le-consell-comarcal-de-la-garrotxa-et-turisme-garrotxa-signe-un-accord-avec-le-cabildo-de-la-palma\/\" \/>\n<meta property=\"og:site_name\" content=\"Espai Cr\u00e0ter\" \/>\n<meta property=\"article:published_time\" content=\"2024-11-12T08:32:42+00:00\" \/>\n<meta property=\"og:image\" content=\"https:\/\/espaicrater.com\/app\/uploads\/2024\/11\/LP.jpeg\" \/>\n\t<meta property=\"og:image:width\" content=\"2048\" \/>\n\t<meta property=\"og:image:height\" content=\"1536\" \/>\n\t<meta property=\"og:image:type\" content=\"image\/jpeg\" \/>\n<meta name=\"author\" content=\"N\u00faria Llop\" \/>\n<meta name=\"twitter:card\" content=\"summary_large_image\" \/>\n<meta name=\"twitter:label1\" content=\"Written by\" \/>\n\t<meta name=\"twitter:data1\" content=\"N\u00faria Llop\" \/>\n\t<meta name=\"twitter:label2\" content=\"Est. reading time\" \/>\n\t<meta name=\"twitter:data2\" content=\"2 minutes\" \/>\n<script type=\"application\/ld+json\" class=\"yoast-schema-graph\">{\"@context\":\"https:\\\/\\\/schema.org\",\"@graph\":[{\"@type\":\"Article\",\"@id\":\"https:\\\/\\\/espaicrater.com\\\/fr\\\/la-mairie-dolot-a-travers-lespace-crater-le-consell-comarcal-de-la-garrotxa-et-turisme-garrotxa-signe-un-accord-avec-le-cabildo-de-la-palma\\\/#article\",\"isPartOf\":{\"@id\":\"https:\\\/\\\/espaicrater.com\\\/fr\\\/la-mairie-dolot-a-travers-lespace-crater-le-consell-comarcal-de-la-garrotxa-et-turisme-garrotxa-signe-un-accord-avec-le-cabildo-de-la-palma\\\/\"},\"author\":{\"name\":\"N\u00faria Llop\",\"@id\":\"https:\\\/\\\/espaicrater.com\\\/#\\\/schema\\\/person\\\/a48c2f8a557403d7b5f81dc74fe2b085\"},\"headline\":\"La Garrotxa et La Palma signent un accord de coop\u00e9ration qui met l&#8217;accent sur ses similitudes g\u00e9ographiques en tant que territoires d&#8217;origine volcanique\",\"datePublished\":\"2024-11-12T08:32:42+00:00\",\"mainEntityOfPage\":{\"@id\":\"https:\\\/\\\/espaicrater.com\\\/fr\\\/la-mairie-dolot-a-travers-lespace-crater-le-consell-comarcal-de-la-garrotxa-et-turisme-garrotxa-signe-un-accord-avec-le-cabildo-de-la-palma\\\/\"},\"wordCount\":514,\"commentCount\":0,\"publisher\":{\"@id\":\"https:\\\/\\\/espaicrater.com\\\/#organization\"},\"image\":{\"@id\":\"https:\\\/\\\/espaicrater.com\\\/fr\\\/la-mairie-dolot-a-travers-lespace-crater-le-consell-comarcal-de-la-garrotxa-et-turisme-garrotxa-signe-un-accord-avec-le-cabildo-de-la-palma\\\/#primaryimage\"},\"thumbnailUrl\":\"https:\\\/\\\/espaicrater.com\\\/app\\\/uploads\\\/2024\\\/11\\\/LP.jpeg\",\"inLanguage\":\"fr-FR\",\"potentialAction\":[{\"@type\":\"CommentAction\",\"name\":\"Comment\",\"target\":[\"https:\\\/\\\/espaicrater.com\\\/fr\\\/la-mairie-dolot-a-travers-lespace-crater-le-consell-comarcal-de-la-garrotxa-et-turisme-garrotxa-signe-un-accord-avec-le-cabildo-de-la-palma\\\/#respond\"]}]},{\"@type\":\"WebPage\",\"@id\":\"https:\\\/\\\/espaicrater.com\\\/fr\\\/la-mairie-dolot-a-travers-lespace-crater-le-consell-comarcal-de-la-garrotxa-et-turisme-garrotxa-signe-un-accord-avec-le-cabildo-de-la-palma\\\/\",\"url\":\"https:\\\/\\\/espaicrater.com\\\/fr\\\/la-mairie-dolot-a-travers-lespace-crater-le-consell-comarcal-de-la-garrotxa-et-turisme-garrotxa-signe-un-accord-avec-le-cabildo-de-la-palma\\\/\",\"name\":\"La Garrotxa et La Palma signent un accord de coop\u00e9ration qui met l'accent sur ses similitudes g\u00e9ographiques en tant que territoires d'origine volcanique - Espai Cr\u00e0ter\",\"isPartOf\":{\"@id\":\"https:\\\/\\\/espaicrater.com\\\/#website\"},\"primaryImageOfPage\":{\"@id\":\"https:\\\/\\\/espaicrater.com\\\/fr\\\/la-mairie-dolot-a-travers-lespace-crater-le-consell-comarcal-de-la-garrotxa-et-turisme-garrotxa-signe-un-accord-avec-le-cabildo-de-la-palma\\\/#primaryimage\"},\"image\":{\"@id\":\"https:\\\/\\\/espaicrater.com\\\/fr\\\/la-mairie-dolot-a-travers-lespace-crater-le-consell-comarcal-de-la-garrotxa-et-turisme-garrotxa-signe-un-accord-avec-le-cabildo-de-la-palma\\\/#primaryimage\"},\"thumbnailUrl\":\"https:\\\/\\\/espaicrater.com\\\/app\\\/uploads\\\/2024\\\/11\\\/LP.jpeg\",\"datePublished\":\"2024-11-12T08:32:42+00:00\",\"breadcrumb\":{\"@id\":\"https:\\\/\\\/espaicrater.com\\\/fr\\\/la-mairie-dolot-a-travers-lespace-crater-le-consell-comarcal-de-la-garrotxa-et-turisme-garrotxa-signe-un-accord-avec-le-cabildo-de-la-palma\\\/#breadcrumb\"},\"inLanguage\":\"fr-FR\",\"potentialAction\":[{\"@type\":\"ReadAction\",\"target\":[\"https:\\\/\\\/espaicrater.com\\\/fr\\\/la-mairie-dolot-a-travers-lespace-crater-le-consell-comarcal-de-la-garrotxa-et-turisme-garrotxa-signe-un-accord-avec-le-cabildo-de-la-palma\\\/\"]}]},{\"@type\":\"ImageObject\",\"inLanguage\":\"fr-FR\",\"@id\":\"https:\\\/\\\/espaicrater.com\\\/fr\\\/la-mairie-dolot-a-travers-lespace-crater-le-consell-comarcal-de-la-garrotxa-et-turisme-garrotxa-signe-un-accord-avec-le-cabildo-de-la-palma\\\/#primaryimage\",\"url\":\"https:\\\/\\\/espaicrater.com\\\/app\\\/uploads\\\/2024\\\/11\\\/LP.jpeg\",\"contentUrl\":\"https:\\\/\\\/espaicrater.com\\\/app\\\/uploads\\\/2024\\\/11\\\/LP.jpeg\",\"width\":2048,\"height\":1536},{\"@type\":\"BreadcrumbList\",\"@id\":\"https:\\\/\\\/espaicrater.com\\\/fr\\\/la-mairie-dolot-a-travers-lespace-crater-le-consell-comarcal-de-la-garrotxa-et-turisme-garrotxa-signe-un-accord-avec-le-cabildo-de-la-palma\\\/#breadcrumb\",\"itemListElement\":[{\"@type\":\"ListItem\",\"position\":1,\"name\":\"Home\",\"item\":\"https:\\\/\\\/espaicrater.com\\\/fr\\\/\"},{\"@type\":\"ListItem\",\"position\":2,\"name\":\"La Garrotxa et La Palma signent un accord de coop\u00e9ration qui met l&#8217;accent sur ses similitudes g\u00e9ographiques en tant que territoires d&#8217;origine volcanique\"}]},{\"@type\":\"WebSite\",\"@id\":\"https:\\\/\\\/espaicrater.com\\\/#website\",\"url\":\"https:\\\/\\\/espaicrater.com\\\/\",\"name\":\"Espai Cr\u00e0ter\",\"description\":\"Viatge al centre de la vida\",\"publisher\":{\"@id\":\"https:\\\/\\\/espaicrater.com\\\/#organization\"},\"potentialAction\":[{\"@type\":\"SearchAction\",\"target\":{\"@type\":\"EntryPoint\",\"urlTemplate\":\"https:\\\/\\\/espaicrater.com\\\/?s={search_term_string}\"},\"query-input\":{\"@type\":\"PropertyValueSpecification\",\"valueRequired\":true,\"valueName\":\"search_term_string\"}}],\"inLanguage\":\"fr-FR\"},{\"@type\":\"Organization\",\"@id\":\"https:\\\/\\\/espaicrater.com\\\/#organization\",\"name\":\"Espai Cr\u00e0ter\",\"url\":\"https:\\\/\\\/espaicrater.com\\\/\",\"logo\":{\"@type\":\"ImageObject\",\"inLanguage\":\"fr-FR\",\"@id\":\"https:\\\/\\\/espaicrater.com\\\/#\\\/schema\\\/logo\\\/image\\\/\",\"url\":\"https:\\\/\\\/espaicrater.com\\\/app\\\/uploads\\\/2022\\\/02\\\/espai-crater-1.png\",\"contentUrl\":\"https:\\\/\\\/espaicrater.com\\\/app\\\/uploads\\\/2022\\\/02\\\/espai-crater-1.png\",\"width\":801,\"height\":320,\"caption\":\"Espai Cr\u00e0ter\"},\"image\":{\"@id\":\"https:\\\/\\\/espaicrater.com\\\/#\\\/schema\\\/logo\\\/image\\\/\"}},{\"@type\":\"Person\",\"@id\":\"https:\\\/\\\/espaicrater.com\\\/#\\\/schema\\\/person\\\/a48c2f8a557403d7b5f81dc74fe2b085\",\"name\":\"N\u00faria Llop\",\"image\":{\"@type\":\"ImageObject\",\"inLanguage\":\"fr-FR\",\"@id\":\"https:\\\/\\\/secure.gravatar.com\\\/avatar\\\/8b04d94749e92b2ed0bb94dd68fd5f53fdbf6a032bec654014ada9a65a590288?s=96&d=mm&r=g\",\"url\":\"https:\\\/\\\/secure.gravatar.com\\\/avatar\\\/8b04d94749e92b2ed0bb94dd68fd5f53fdbf6a032bec654014ada9a65a590288?s=96&d=mm&r=g\",\"contentUrl\":\"https:\\\/\\\/secure.gravatar.com\\\/avatar\\\/8b04d94749e92b2ed0bb94dd68fd5f53fdbf6a032bec654014ada9a65a590288?s=96&d=mm&r=g\",\"caption\":\"N\u00faria Llop\"},\"url\":\"https:\\\/\\\/espaicrater.com\\\/fr\\\/author\\\/nuria\\\/\"}]}<\/script>","yoast_head_json":{"title":"La Garrotxa et La Palma signent un accord de coop\u00e9ration qui met l'accent sur ses similitudes g\u00e9ographiques en tant que territoires d'origine volcanique - Espai Cr\u00e0ter","robots":{"index":"index","follow":"follow","max-snippet":"max-snippet:-1","max-image-preview":"max-image-preview:large","max-video-preview":"max-video-preview:-1"},"canonical":"https:\/\/espaicrater.com\/fr\/la-mairie-dolot-a-travers-lespace-crater-le-consell-comarcal-de-la-garrotxa-et-turisme-garrotxa-signe-un-accord-avec-le-cabildo-de-la-palma\/","og_locale":"fr_FR","og_type":"article","og_title":"La Garrotxa et La Palma signent un accord de coop\u00e9ration qui met l'accent sur ses similitudes g\u00e9ographiques en tant que territoires d'origine volcanique - Espai Cr\u00e0ter","og_description":"Josep Berga, maire d&#8217;Olot ; Sergio Javier Rodr\u00edguez, pr\u00e9sident du Cabildo Insular de La Palma ; Santi Reixach, pr\u00e9sident du Conseil r\u00e9gional de la Garrotxa ; Gemma Canalias, pr\u00e9sidente de l&#8217;association Turisme Garrotxa et Carlos Closa, repr\u00e9sentant du Consejo Superior de Investigaciones Cient\u00edficas (CSIC), ont sign\u00e9 un accord de collaboration territoriale entre La Palma et &hellip; Continued","og_url":"https:\/\/espaicrater.com\/fr\/la-mairie-dolot-a-travers-lespace-crater-le-consell-comarcal-de-la-garrotxa-et-turisme-garrotxa-signe-un-accord-avec-le-cabildo-de-la-palma\/","og_site_name":"Espai Cr\u00e0ter","article_published_time":"2024-11-12T08:32:42+00:00","og_image":[{"width":2048,"height":1536,"url":"https:\/\/espaicrater.com\/app\/uploads\/2024\/11\/LP.jpeg","type":"image\/jpeg"}],"author":"N\u00faria Llop","twitter_card":"summary_large_image","twitter_misc":{"Written by":"N\u00faria Llop","Est. reading time":"2 minutes"},"schema":{"@context":"https:\/\/schema.org","@graph":[{"@type":"Article","@id":"https:\/\/espaicrater.com\/fr\/la-mairie-dolot-a-travers-lespace-crater-le-consell-comarcal-de-la-garrotxa-et-turisme-garrotxa-signe-un-accord-avec-le-cabildo-de-la-palma\/#article","isPartOf":{"@id":"https:\/\/espaicrater.com\/fr\/la-mairie-dolot-a-travers-lespace-crater-le-consell-comarcal-de-la-garrotxa-et-turisme-garrotxa-signe-un-accord-avec-le-cabildo-de-la-palma\/"},"author":{"name":"N\u00faria Llop","@id":"https:\/\/espaicrater.com\/#\/schema\/person\/a48c2f8a557403d7b5f81dc74fe2b085"},"headline":"La Garrotxa et La Palma signent un accord de coop\u00e9ration qui met l&#8217;accent sur ses similitudes g\u00e9ographiques en tant que territoires d&#8217;origine volcanique","datePublished":"2024-11-12T08:32:42+00:00","mainEntityOfPage":{"@id":"https:\/\/espaicrater.com\/fr\/la-mairie-dolot-a-travers-lespace-crater-le-consell-comarcal-de-la-garrotxa-et-turisme-garrotxa-signe-un-accord-avec-le-cabildo-de-la-palma\/"},"wordCount":514,"commentCount":0,"publisher":{"@id":"https:\/\/espaicrater.com\/#organization"},"image":{"@id":"https:\/\/espaicrater.com\/fr\/la-mairie-dolot-a-travers-lespace-crater-le-consell-comarcal-de-la-garrotxa-et-turisme-garrotxa-signe-un-accord-avec-le-cabildo-de-la-palma\/#primaryimage"},"thumbnailUrl":"https:\/\/espaicrater.com\/app\/uploads\/2024\/11\/LP.jpeg","inLanguage":"fr-FR","potentialAction":[{"@type":"CommentAction","name":"Comment","target":["https:\/\/espaicrater.com\/fr\/la-mairie-dolot-a-travers-lespace-crater-le-consell-comarcal-de-la-garrotxa-et-turisme-garrotxa-signe-un-accord-avec-le-cabildo-de-la-palma\/#respond"]}]},{"@type":"WebPage","@id":"https:\/\/espaicrater.com\/fr\/la-mairie-dolot-a-travers-lespace-crater-le-consell-comarcal-de-la-garrotxa-et-turisme-garrotxa-signe-un-accord-avec-le-cabildo-de-la-palma\/","url":"https:\/\/espaicrater.com\/fr\/la-mairie-dolot-a-travers-lespace-crater-le-consell-comarcal-de-la-garrotxa-et-turisme-garrotxa-signe-un-accord-avec-le-cabildo-de-la-palma\/","name":"La Garrotxa et La Palma signent un accord de coop\u00e9ration qui met l'accent sur ses similitudes g\u00e9ographiques en tant que territoires d'origine volcanique - Espai Cr\u00e0ter","isPartOf":{"@id":"https:\/\/espaicrater.com\/#website"},"primaryImageOfPage":{"@id":"https:\/\/espaicrater.com\/fr\/la-mairie-dolot-a-travers-lespace-crater-le-consell-comarcal-de-la-garrotxa-et-turisme-garrotxa-signe-un-accord-avec-le-cabildo-de-la-palma\/#primaryimage"},"image":{"@id":"https:\/\/espaicrater.com\/fr\/la-mairie-dolot-a-travers-lespace-crater-le-consell-comarcal-de-la-garrotxa-et-turisme-garrotxa-signe-un-accord-avec-le-cabildo-de-la-palma\/#primaryimage"},"thumbnailUrl":"https:\/\/espaicrater.com\/app\/uploads\/2024\/11\/LP.jpeg","datePublished":"2024-11-12T08:32:42+00:00","breadcrumb":{"@id":"https:\/\/espaicrater.com\/fr\/la-mairie-dolot-a-travers-lespace-crater-le-consell-comarcal-de-la-garrotxa-et-turisme-garrotxa-signe-un-accord-avec-le-cabildo-de-la-palma\/#breadcrumb"},"inLanguage":"fr-FR","potentialAction":[{"@type":"ReadAction","target":["https:\/\/espaicrater.com\/fr\/la-mairie-dolot-a-travers-lespace-crater-le-consell-comarcal-de-la-garrotxa-et-turisme-garrotxa-signe-un-accord-avec-le-cabildo-de-la-palma\/"]}]},{"@type":"ImageObject","inLanguage":"fr-FR","@id":"https:\/\/espaicrater.com\/fr\/la-mairie-dolot-a-travers-lespace-crater-le-consell-comarcal-de-la-garrotxa-et-turisme-garrotxa-signe-un-accord-avec-le-cabildo-de-la-palma\/#primaryimage","url":"https:\/\/espaicrater.com\/app\/uploads\/2024\/11\/LP.jpeg","contentUrl":"https:\/\/espaicrater.com\/app\/uploads\/2024\/11\/LP.jpeg","width":2048,"height":1536},{"@type":"BreadcrumbList","@id":"https:\/\/espaicrater.com\/fr\/la-mairie-dolot-a-travers-lespace-crater-le-consell-comarcal-de-la-garrotxa-et-turisme-garrotxa-signe-un-accord-avec-le-cabildo-de-la-palma\/#breadcrumb","itemListElement":[{"@type":"ListItem","position":1,"name":"Home","item":"https:\/\/espaicrater.com\/fr\/"},{"@type":"ListItem","position":2,"name":"La Garrotxa et La Palma signent un accord de coop\u00e9ration qui met l&#8217;accent sur ses similitudes g\u00e9ographiques en tant que territoires d&#8217;origine volcanique"}]},{"@type":"WebSite","@id":"https:\/\/espaicrater.com\/#website","url":"https:\/\/espaicrater.com\/","name":"Espai Cr\u00e0ter","description":"Viatge al centre de la vida","publisher":{"@id":"https:\/\/espaicrater.com\/#organization"},"potentialAction":[{"@type":"SearchAction","target":{"@type":"EntryPoint","urlTemplate":"https:\/\/espaicrater.com\/?s={search_term_string}"},"query-input":{"@type":"PropertyValueSpecification","valueRequired":true,"valueName":"search_term_string"}}],"inLanguage":"fr-FR"},{"@type":"Organization","@id":"https:\/\/espaicrater.com\/#organization","name":"Espai Cr\u00e0ter","url":"https:\/\/espaicrater.com\/","logo":{"@type":"ImageObject","inLanguage":"fr-FR","@id":"https:\/\/espaicrater.com\/#\/schema\/logo\/image\/","url":"https:\/\/espaicrater.com\/app\/uploads\/2022\/02\/espai-crater-1.png","contentUrl":"https:\/\/espaicrater.com\/app\/uploads\/2022\/02\/espai-crater-1.png","width":801,"height":320,"caption":"Espai Cr\u00e0ter"},"image":{"@id":"https:\/\/espaicrater.com\/#\/schema\/logo\/image\/"}},{"@type":"Person","@id":"https:\/\/espaicrater.com\/#\/schema\/person\/a48c2f8a557403d7b5f81dc74fe2b085","name":"N\u00faria Llop","image":{"@type":"ImageObject","inLanguage":"fr-FR","@id":"https:\/\/secure.gravatar.com\/avatar\/8b04d94749e92b2ed0bb94dd68fd5f53fdbf6a032bec654014ada9a65a590288?s=96&d=mm&r=g","url":"https:\/\/secure.gravatar.com\/avatar\/8b04d94749e92b2ed0bb94dd68fd5f53fdbf6a032bec654014ada9a65a590288?s=96&d=mm&r=g","contentUrl":"https:\/\/secure.gravatar.com\/avatar\/8b04d94749e92b2ed0bb94dd68fd5f53fdbf6a032bec654014ada9a65a590288?s=96&d=mm&r=g","caption":"N\u00faria Llop"},"url":"https:\/\/espaicrater.com\/fr\/author\/nuria\/"}]}},"_links":{"self":[{"href":"https:\/\/espaicrater.com\/fr\/wp-json\/wp\/v2\/posts\/10011","targetHints":{"allow":["GET"]}}],"collection":[{"href":"https:\/\/espaicrater.com\/fr\/wp-json\/wp\/v2\/posts"}],"about":[{"href":"https:\/\/espaicrater.com\/fr\/wp-json\/wp\/v2\/types\/post"}],"author":[{"embeddable":true,"href":"https:\/\/espaicrater.com\/fr\/wp-json\/wp\/v2\/users\/2"}],"replies":[{"embeddable":true,"href":"https:\/\/espaicrater.com\/fr\/wp-json\/wp\/v2\/comments?post=10011"}],"version-history":[{"count":5,"href":"https:\/\/espaicrater.com\/fr\/wp-json\/wp\/v2\/posts\/10011\/revisions"}],"predecessor-version":[{"id":10089,"href":"https:\/\/espaicrater.com\/fr\/wp-json\/wp\/v2\/posts\/10011\/revisions\/10089"}],"wp:featuredmedia":[{"embeddable":true,"href":"https:\/\/espaicrater.com\/fr\/wp-json\/wp\/v2\/media\/9995"}],"wp:attachment":[{"href":"https:\/\/espaicrater.com\/fr\/wp-json\/wp\/v2\/media?parent=10011"}],"curies":[{"name":"wp","href":"https:\/\/api.w.org\/{rel}","templated":true}]}}