{"id":10918,"date":"2024-10-04T10:00:00","date_gmt":"2024-10-04T08:00:00","guid":{"rendered":"https:\/\/espaicrater.com\/?p=10918"},"modified":"2025-01-16T09:35:07","modified_gmt":"2025-01-16T08:35:07","slug":"le-4eme-mois-de-volcanologie-est-arrive","status":"publish","type":"post","link":"https:\/\/espaicrater.com\/fr\/le-4eme-mois-de-volcanologie-est-arrive\/","title":{"rendered":"Le 4\u00e8me Mois de Volcanologie est arriv\u00e9"},"content":{"rendered":"\n<p>L&#8217;Espai Cr\u00e0ter programme le <a href=\"https:\/\/espaicrater.com\/explora\/iniciatives\/setmana-de-la-vulcanologia\/\">Mois de la Volcanologie<\/a>, un ensemble d&#8217;activit\u00e9s qui visent \u00e0 mettre en valeur le paysage volcanique de La Garrotxa et \u00e0 promouvoir la connaissance des ph\u00e9nom\u00e8nes volcaniques, leur importance g\u00e9ologique et leur impact sur notre plan\u00e8te.\u00a0 Dans cette quatri\u00e8me \u00e9dition, le centre \u00e9tend le programme \u00e0 tout le mois afin d&#8217;accueillir la connaissance de l&#8217;exposition, des ateliers pour tous les \u00e2ges, des conf\u00e9rences donn\u00e9es par des experts dans le domaine de la volcanologie et des excursions sur les volcans les plus embl\u00e9matiques de la ville.<\/p>\n\n\n\n<p><strong><a href=\"https:\/\/espaicrater.com\/activitats\/laltipla-de-batet-i-els-seus-volcans\/\">Le plateau du Batet et ses volcans<\/a>, une activit\u00e9 incontournable\u00a0<\/strong><\/p>\n\n\n\n<p>Parcourir le champ volcanique de La Garrotxa accompagn\u00e9 de personnalit\u00e9s de premier plan dans le domaine de la volcanologie est l&#8217;une des activit\u00e9s les plus appr\u00e9ci\u00e9es du public. Lors des trois \u00e9ditions pr\u00e9c\u00e9dentes, la marche avec les volcanologues affichait complet avec liste d&#8217;attente, c&#8217;est pourquoi elle ne pouvait pas manquer au programme de cette ann\u00e9e.&nbsp;<\/p>\n\n\n\n<p>Cette activit\u00e9 sera dirig\u00e9e par le g\u00e9ologue Isaac Camps, qui propose un itin\u00e9raire d&#8217;interpr\u00e9tation du volcanisme du plateau basaltique de Batet qui passera par les principaux volcans de la r\u00e9gion, Pujal\u00f3s, Garroj\u00e0s, Puig de la Garsa et Puigsafont. Il aura lieu le samedi 26 octobre \u00e0 2\/4 de 10 heures du matin et d\u00e9butera \u00e0 Can Frontana. Au cours du parcours, des arr\u00eats seront effectu\u00e9s aux principaux points d&#8217;int\u00e9r\u00eat pour expliquer comment ces volcans se sont form\u00e9s, comment se sont d\u00e9roul\u00e9es leurs \u00e9ruptions et d&#8217;autres curiosit\u00e9s.<\/p>\n\n\n\n<p>Bien que la promenade soit gratuite, le nombre de places est limit\u00e9 et pour cette raison, la r\u00e9servation pr\u00e9alable via le <a href=\"http:\/\/espaicrater.com\">Web<\/a> est indispensable. Les inscriptions sont d\u00e9j\u00e0 ouvertes.<\/p>\n\n\n\n<figure class=\"wp-block-image size-full is-resized\"><img loading=\"lazy\" decoding=\"async\" width=\"2000\" height=\"1333\" src=\"https:\/\/espaicrater.com\/app\/uploads\/2025\/01\/image-4.jpg\" alt=\"\" class=\"wp-image-10919\" style=\"width:768px;height:auto\" srcset=\"https:\/\/espaicrater.com\/app\/uploads\/2025\/01\/image-4.jpg 2000w, https:\/\/espaicrater.com\/app\/uploads\/2025\/01\/image-4-300x200.jpg 300w, https:\/\/espaicrater.com\/app\/uploads\/2025\/01\/image-4-768x512.jpg 768w, https:\/\/espaicrater.com\/app\/uploads\/2025\/01\/image-4-1536x1024.jpg 1536w\" sizes=\"auto, (max-width: 2000px) 100vw, 2000px\" \/><\/figure>\n\n\n\n<p><strong><a href=\"https:\/\/espaicrater.com\/activitats\/presentacio-comentada-a-crater-360\/\">CRATER 360<\/a>, une occasion unique de d\u00e9couvrir le cube immersif\u00a0<\/strong><\/p>\n\n\n\n<p>A l&#8217;occasion du 4\u00e8me Mois de Volcanologie, la visite comment\u00e9e du CR\u00c0TER 360 sera r\u00e9alis\u00e9e par <a href=\"https:\/\/www.onionlab.com\/ca\/\">Onionlab<\/a>, la soci\u00e9t\u00e9 de production audiovisuelle du cube, et les conseillers scientifiques du projet, Xavier de Bol\u00f3s et Adelina Geyer, de l&#8217;\u00e9quipe de <a href=\"https:\/\/www.csic.es\/es\/el-csic\/organizacion\/institutos-centros-y-unidades\/geociencias-barcelona\">Volcanologie Appliqu\u00e9e \u00e0 Geosciences Barcelona du CSIC<\/a>. Cette proposition permettra aux participants de plonger dans l&#8217;exp\u00e9rience sensorielle d&#8217;un voyage \u00e0 travers quatre volcans inaccessibles et d&#8217;en apprendre tous les d\u00e9tails.<\/p>\n\n\n\n<figure class=\"wp-block-image size-full\"><img loading=\"lazy\" decoding=\"async\" width=\"2000\" height=\"1333\" src=\"https:\/\/espaicrater.com\/app\/uploads\/2025\/01\/image-5.jpg\" alt=\"\" class=\"wp-image-10924\" srcset=\"https:\/\/espaicrater.com\/app\/uploads\/2025\/01\/image-5.jpg 2000w, https:\/\/espaicrater.com\/app\/uploads\/2025\/01\/image-5-300x200.jpg 300w, https:\/\/espaicrater.com\/app\/uploads\/2025\/01\/image-5-768x512.jpg 768w, https:\/\/espaicrater.com\/app\/uploads\/2025\/01\/image-5-1536x1024.jpg 1536w\" sizes=\"auto, (max-width: 2000px) 100vw, 2000px\" \/><\/figure>\n\n\n\n<p><strong>Comment \u00eates-vous d\u2019accord avec les villages et volcans d\u2019origine?<\/strong><\/p>\n\n\n\n<p>L&#8217;activit\u00e9 sera retir\u00e9e du programme pendant la <a href=\"https:\/\/espaicrater.com\/activitats\/coneixement-ancestral-davant-la-furia-de-la-naturalesa-com-han-coexistit-els-pobles-originaris-amb-volcans-actius-durant-milers-danys\/\">journ\u00e9e<\/a> propos\u00e9e par Xavier de Bol\u00f3s, docteur en g\u00e9ologie, au cours de laquelle les plantes proviennent de volcans actifs et int\u00e9gr\u00e9s \u00e0 leur culture et \u00e0 leur cosmos depuis des milliers d&#8217;ann\u00e9es. Le 18 octobre, fin 7 octobre, nous irons \u00e0 la Salle Magma de l&#8217;Espace Crat\u00e8re. La conf\u00e9rence s&#8217;inscrivait dans le cycle des <a href=\"https:\/\/espaicrater.com\/explora\/iniciatives\/els-grans-interrogants-de-la-ciencia\/\">grands questionneurs de soci\u00e9t\u00e9<\/a>. En plus des recherches propos\u00e9es, le Volcanology Journal comprenait \u00e9galement des visites guid\u00e9es de l&#8217;Espace. <\/p>\n\n\n\n<p><a href=\"https:\/\/espaicrater.com\/app\/uploads\/2024\/09\/2-A4-4rt-MES-VOL-AF-2024-2-1-2.pdf.pdf\">Consultez tout le programme du Mois de la Volcanologie.<\/a><\/p>\n\n\n\n<p><\/p>\n","protected":false},"excerpt":{"rendered":"<p>L&#8217;Espai Cr\u00e0ter programme le Mois de la Volcanologie, un ensemble d&#8217;activit\u00e9s qui visent \u00e0 mettre en valeur le paysage volcanique de La Garrotxa et \u00e0 promouvoir la connaissance des ph\u00e9nom\u00e8nes volcaniques, leur importance g\u00e9ologique et leur impact sur notre plan\u00e8te.\u00a0 Dans cette quatri\u00e8me \u00e9dition, le centre \u00e9tend le programme \u00e0 tout le mois afin d&#8217;accueillir &hellip; <a href=\"https:\/\/espaicrater.com\/fr\/le-4eme-mois-de-volcanologie-est-arrive\/\">Continued<\/a><\/p>\n","protected":false},"author":2,"featured_media":10928,"comment_status":"open","ping_status":"open","sticky":false,"template":"","format":"standard","meta":{"_acf_changed":false,"footnotes":""},"class_list":["post-10918","post","type-post","status-publish","format-standard","has-post-thumbnail","hentry"],"acf":[],"yoast_head":"<title>Le 4\u00e8me Mois de Volcanologie est arriv\u00e9 - Espai Cr\u00e0ter<\/title>\n<meta name=\"robots\" content=\"index, follow, max-snippet:-1, max-image-preview:large, max-video-preview:-1\" \/>\n<link rel=\"canonical\" href=\"https:\/\/espaicrater.com\/fr\/le-4eme-mois-de-volcanologie-est-arrive\/\" \/>\n<meta property=\"og:locale\" content=\"fr_FR\" \/>\n<meta property=\"og:type\" content=\"article\" \/>\n<meta property=\"og:title\" content=\"Le 4\u00e8me Mois de Volcanologie est arriv\u00e9 - Espai Cr\u00e0ter\" \/>\n<meta property=\"og:description\" content=\"L&#8217;Espai Cr\u00e0ter programme le Mois de la Volcanologie, un ensemble d&#8217;activit\u00e9s qui visent \u00e0 mettre en valeur le paysage volcanique de La Garrotxa et \u00e0 promouvoir la connaissance des ph\u00e9nom\u00e8nes volcaniques, leur importance g\u00e9ologique et leur impact sur notre plan\u00e8te.\u00a0 Dans cette quatri\u00e8me \u00e9dition, le centre \u00e9tend le programme \u00e0 tout le mois afin d&#8217;accueillir &hellip; Continued\" \/>\n<meta property=\"og:url\" content=\"https:\/\/espaicrater.com\/fr\/le-4eme-mois-de-volcanologie-est-arrive\/\" \/>\n<meta property=\"og:site_name\" content=\"Espai Cr\u00e0ter\" \/>\n<meta property=\"article:published_time\" content=\"2024-10-04T08:00:00+00:00\" \/>\n<meta property=\"article:modified_time\" content=\"2025-01-16T08:35:07+00:00\" \/>\n<meta property=\"og:image\" content=\"https:\/\/espaicrater.com\/app\/uploads\/2025\/01\/Captura-de-pantalla-2025-01-16-a-las-9.34.11.jpg\" \/>\n\t<meta property=\"og:image:width\" content=\"1200\" \/>\n\t<meta property=\"og:image:height\" content=\"1072\" \/>\n\t<meta property=\"og:image:type\" content=\"image\/jpeg\" \/>\n<meta name=\"author\" content=\"N\u00faria Llop\" \/>\n<meta name=\"twitter:card\" content=\"summary_large_image\" \/>\n<meta name=\"twitter:label1\" content=\"Written by\" \/>\n\t<meta name=\"twitter:data1\" content=\"N\u00faria Llop\" \/>\n\t<meta name=\"twitter:label2\" content=\"Est. reading time\" \/>\n\t<meta name=\"twitter:data2\" content=\"2 minutes\" \/>\n<script type=\"application\/ld+json\" class=\"yoast-schema-graph\">{\"@context\":\"https:\\\/\\\/schema.org\",\"@graph\":[{\"@type\":\"Article\",\"@id\":\"https:\\\/\\\/espaicrater.com\\\/fr\\\/le-4eme-mois-de-volcanologie-est-arrive\\\/#article\",\"isPartOf\":{\"@id\":\"https:\\\/\\\/espaicrater.com\\\/fr\\\/le-4eme-mois-de-volcanologie-est-arrive\\\/\"},\"author\":{\"name\":\"N\u00faria Llop\",\"@id\":\"https:\\\/\\\/espaicrater.com\\\/#\\\/schema\\\/person\\\/a48c2f8a557403d7b5f81dc74fe2b085\"},\"headline\":\"Le 4\u00e8me Mois de Volcanologie est arriv\u00e9\",\"datePublished\":\"2024-10-04T08:00:00+00:00\",\"dateModified\":\"2025-01-16T08:35:07+00:00\",\"mainEntityOfPage\":{\"@id\":\"https:\\\/\\\/espaicrater.com\\\/fr\\\/le-4eme-mois-de-volcanologie-est-arrive\\\/\"},\"wordCount\":499,\"commentCount\":0,\"publisher\":{\"@id\":\"https:\\\/\\\/espaicrater.com\\\/#organization\"},\"image\":{\"@id\":\"https:\\\/\\\/espaicrater.com\\\/fr\\\/le-4eme-mois-de-volcanologie-est-arrive\\\/#primaryimage\"},\"thumbnailUrl\":\"https:\\\/\\\/espaicrater.com\\\/app\\\/uploads\\\/2025\\\/01\\\/Captura-de-pantalla-2025-01-16-a-las-9.34.11.jpg\",\"inLanguage\":\"fr-FR\",\"potentialAction\":[{\"@type\":\"CommentAction\",\"name\":\"Comment\",\"target\":[\"https:\\\/\\\/espaicrater.com\\\/fr\\\/le-4eme-mois-de-volcanologie-est-arrive\\\/#respond\"]}]},{\"@type\":\"WebPage\",\"@id\":\"https:\\\/\\\/espaicrater.com\\\/fr\\\/le-4eme-mois-de-volcanologie-est-arrive\\\/\",\"url\":\"https:\\\/\\\/espaicrater.com\\\/fr\\\/le-4eme-mois-de-volcanologie-est-arrive\\\/\",\"name\":\"Le 4\u00e8me Mois de Volcanologie est arriv\u00e9 - Espai Cr\u00e0ter\",\"isPartOf\":{\"@id\":\"https:\\\/\\\/espaicrater.com\\\/#website\"},\"primaryImageOfPage\":{\"@id\":\"https:\\\/\\\/espaicrater.com\\\/fr\\\/le-4eme-mois-de-volcanologie-est-arrive\\\/#primaryimage\"},\"image\":{\"@id\":\"https:\\\/\\\/espaicrater.com\\\/fr\\\/le-4eme-mois-de-volcanologie-est-arrive\\\/#primaryimage\"},\"thumbnailUrl\":\"https:\\\/\\\/espaicrater.com\\\/app\\\/uploads\\\/2025\\\/01\\\/Captura-de-pantalla-2025-01-16-a-las-9.34.11.jpg\",\"datePublished\":\"2024-10-04T08:00:00+00:00\",\"dateModified\":\"2025-01-16T08:35:07+00:00\",\"breadcrumb\":{\"@id\":\"https:\\\/\\\/espaicrater.com\\\/fr\\\/le-4eme-mois-de-volcanologie-est-arrive\\\/#breadcrumb\"},\"inLanguage\":\"fr-FR\",\"potentialAction\":[{\"@type\":\"ReadAction\",\"target\":[\"https:\\\/\\\/espaicrater.com\\\/fr\\\/le-4eme-mois-de-volcanologie-est-arrive\\\/\"]}]},{\"@type\":\"ImageObject\",\"inLanguage\":\"fr-FR\",\"@id\":\"https:\\\/\\\/espaicrater.com\\\/fr\\\/le-4eme-mois-de-volcanologie-est-arrive\\\/#primaryimage\",\"url\":\"https:\\\/\\\/espaicrater.com\\\/app\\\/uploads\\\/2025\\\/01\\\/Captura-de-pantalla-2025-01-16-a-las-9.34.11.jpg\",\"contentUrl\":\"https:\\\/\\\/espaicrater.com\\\/app\\\/uploads\\\/2025\\\/01\\\/Captura-de-pantalla-2025-01-16-a-las-9.34.11.jpg\",\"width\":1200,\"height\":1072},{\"@type\":\"BreadcrumbList\",\"@id\":\"https:\\\/\\\/espaicrater.com\\\/fr\\\/le-4eme-mois-de-volcanologie-est-arrive\\\/#breadcrumb\",\"itemListElement\":[{\"@type\":\"ListItem\",\"position\":1,\"name\":\"Home\",\"item\":\"https:\\\/\\\/espaicrater.com\\\/fr\\\/\"},{\"@type\":\"ListItem\",\"position\":2,\"name\":\"Le 4\u00e8me Mois de Volcanologie est arriv\u00e9\"}]},{\"@type\":\"WebSite\",\"@id\":\"https:\\\/\\\/espaicrater.com\\\/#website\",\"url\":\"https:\\\/\\\/espaicrater.com\\\/\",\"name\":\"Espai Cr\u00e0ter\",\"description\":\"Viatge al centre de la vida\",\"publisher\":{\"@id\":\"https:\\\/\\\/espaicrater.com\\\/#organization\"},\"potentialAction\":[{\"@type\":\"SearchAction\",\"target\":{\"@type\":\"EntryPoint\",\"urlTemplate\":\"https:\\\/\\\/espaicrater.com\\\/?s={search_term_string}\"},\"query-input\":{\"@type\":\"PropertyValueSpecification\",\"valueRequired\":true,\"valueName\":\"search_term_string\"}}],\"inLanguage\":\"fr-FR\"},{\"@type\":\"Organization\",\"@id\":\"https:\\\/\\\/espaicrater.com\\\/#organization\",\"name\":\"Espai Cr\u00e0ter\",\"url\":\"https:\\\/\\\/espaicrater.com\\\/\",\"logo\":{\"@type\":\"ImageObject\",\"inLanguage\":\"fr-FR\",\"@id\":\"https:\\\/\\\/espaicrater.com\\\/#\\\/schema\\\/logo\\\/image\\\/\",\"url\":\"https:\\\/\\\/espaicrater.com\\\/app\\\/uploads\\\/2022\\\/02\\\/espai-crater-1.png\",\"contentUrl\":\"https:\\\/\\\/espaicrater.com\\\/app\\\/uploads\\\/2022\\\/02\\\/espai-crater-1.png\",\"width\":801,\"height\":320,\"caption\":\"Espai Cr\u00e0ter\"},\"image\":{\"@id\":\"https:\\\/\\\/espaicrater.com\\\/#\\\/schema\\\/logo\\\/image\\\/\"}},{\"@type\":\"Person\",\"@id\":\"https:\\\/\\\/espaicrater.com\\\/#\\\/schema\\\/person\\\/a48c2f8a557403d7b5f81dc74fe2b085\",\"name\":\"N\u00faria Llop\",\"image\":{\"@type\":\"ImageObject\",\"inLanguage\":\"fr-FR\",\"@id\":\"https:\\\/\\\/secure.gravatar.com\\\/avatar\\\/8b04d94749e92b2ed0bb94dd68fd5f53fdbf6a032bec654014ada9a65a590288?s=96&d=mm&r=g\",\"url\":\"https:\\\/\\\/secure.gravatar.com\\\/avatar\\\/8b04d94749e92b2ed0bb94dd68fd5f53fdbf6a032bec654014ada9a65a590288?s=96&d=mm&r=g\",\"contentUrl\":\"https:\\\/\\\/secure.gravatar.com\\\/avatar\\\/8b04d94749e92b2ed0bb94dd68fd5f53fdbf6a032bec654014ada9a65a590288?s=96&d=mm&r=g\",\"caption\":\"N\u00faria Llop\"},\"url\":\"https:\\\/\\\/espaicrater.com\\\/fr\\\/author\\\/nuria\\\/\"}]}<\/script>","yoast_head_json":{"title":"Le 4\u00e8me Mois de Volcanologie est arriv\u00e9 - Espai Cr\u00e0ter","robots":{"index":"index","follow":"follow","max-snippet":"max-snippet:-1","max-image-preview":"max-image-preview:large","max-video-preview":"max-video-preview:-1"},"canonical":"https:\/\/espaicrater.com\/fr\/le-4eme-mois-de-volcanologie-est-arrive\/","og_locale":"fr_FR","og_type":"article","og_title":"Le 4\u00e8me Mois de Volcanologie est arriv\u00e9 - Espai Cr\u00e0ter","og_description":"L&#8217;Espai Cr\u00e0ter programme le Mois de la Volcanologie, un ensemble d&#8217;activit\u00e9s qui visent \u00e0 mettre en valeur le paysage volcanique de La Garrotxa et \u00e0 promouvoir la connaissance des ph\u00e9nom\u00e8nes volcaniques, leur importance g\u00e9ologique et leur impact sur notre plan\u00e8te.\u00a0 Dans cette quatri\u00e8me \u00e9dition, le centre \u00e9tend le programme \u00e0 tout le mois afin d&#8217;accueillir &hellip; Continued","og_url":"https:\/\/espaicrater.com\/fr\/le-4eme-mois-de-volcanologie-est-arrive\/","og_site_name":"Espai Cr\u00e0ter","article_published_time":"2024-10-04T08:00:00+00:00","article_modified_time":"2025-01-16T08:35:07+00:00","og_image":[{"width":1200,"height":1072,"url":"https:\/\/espaicrater.com\/app\/uploads\/2025\/01\/Captura-de-pantalla-2025-01-16-a-las-9.34.11.jpg","type":"image\/jpeg"}],"author":"N\u00faria Llop","twitter_card":"summary_large_image","twitter_misc":{"Written by":"N\u00faria Llop","Est. reading time":"2 minutes"},"schema":{"@context":"https:\/\/schema.org","@graph":[{"@type":"Article","@id":"https:\/\/espaicrater.com\/fr\/le-4eme-mois-de-volcanologie-est-arrive\/#article","isPartOf":{"@id":"https:\/\/espaicrater.com\/fr\/le-4eme-mois-de-volcanologie-est-arrive\/"},"author":{"name":"N\u00faria Llop","@id":"https:\/\/espaicrater.com\/#\/schema\/person\/a48c2f8a557403d7b5f81dc74fe2b085"},"headline":"Le 4\u00e8me Mois de Volcanologie est arriv\u00e9","datePublished":"2024-10-04T08:00:00+00:00","dateModified":"2025-01-16T08:35:07+00:00","mainEntityOfPage":{"@id":"https:\/\/espaicrater.com\/fr\/le-4eme-mois-de-volcanologie-est-arrive\/"},"wordCount":499,"commentCount":0,"publisher":{"@id":"https:\/\/espaicrater.com\/#organization"},"image":{"@id":"https:\/\/espaicrater.com\/fr\/le-4eme-mois-de-volcanologie-est-arrive\/#primaryimage"},"thumbnailUrl":"https:\/\/espaicrater.com\/app\/uploads\/2025\/01\/Captura-de-pantalla-2025-01-16-a-las-9.34.11.jpg","inLanguage":"fr-FR","potentialAction":[{"@type":"CommentAction","name":"Comment","target":["https:\/\/espaicrater.com\/fr\/le-4eme-mois-de-volcanologie-est-arrive\/#respond"]}]},{"@type":"WebPage","@id":"https:\/\/espaicrater.com\/fr\/le-4eme-mois-de-volcanologie-est-arrive\/","url":"https:\/\/espaicrater.com\/fr\/le-4eme-mois-de-volcanologie-est-arrive\/","name":"Le 4\u00e8me Mois de Volcanologie est arriv\u00e9 - Espai Cr\u00e0ter","isPartOf":{"@id":"https:\/\/espaicrater.com\/#website"},"primaryImageOfPage":{"@id":"https:\/\/espaicrater.com\/fr\/le-4eme-mois-de-volcanologie-est-arrive\/#primaryimage"},"image":{"@id":"https:\/\/espaicrater.com\/fr\/le-4eme-mois-de-volcanologie-est-arrive\/#primaryimage"},"thumbnailUrl":"https:\/\/espaicrater.com\/app\/uploads\/2025\/01\/Captura-de-pantalla-2025-01-16-a-las-9.34.11.jpg","datePublished":"2024-10-04T08:00:00+00:00","dateModified":"2025-01-16T08:35:07+00:00","breadcrumb":{"@id":"https:\/\/espaicrater.com\/fr\/le-4eme-mois-de-volcanologie-est-arrive\/#breadcrumb"},"inLanguage":"fr-FR","potentialAction":[{"@type":"ReadAction","target":["https:\/\/espaicrater.com\/fr\/le-4eme-mois-de-volcanologie-est-arrive\/"]}]},{"@type":"ImageObject","inLanguage":"fr-FR","@id":"https:\/\/espaicrater.com\/fr\/le-4eme-mois-de-volcanologie-est-arrive\/#primaryimage","url":"https:\/\/espaicrater.com\/app\/uploads\/2025\/01\/Captura-de-pantalla-2025-01-16-a-las-9.34.11.jpg","contentUrl":"https:\/\/espaicrater.com\/app\/uploads\/2025\/01\/Captura-de-pantalla-2025-01-16-a-las-9.34.11.jpg","width":1200,"height":1072},{"@type":"BreadcrumbList","@id":"https:\/\/espaicrater.com\/fr\/le-4eme-mois-de-volcanologie-est-arrive\/#breadcrumb","itemListElement":[{"@type":"ListItem","position":1,"name":"Home","item":"https:\/\/espaicrater.com\/fr\/"},{"@type":"ListItem","position":2,"name":"Le 4\u00e8me Mois de Volcanologie est arriv\u00e9"}]},{"@type":"WebSite","@id":"https:\/\/espaicrater.com\/#website","url":"https:\/\/espaicrater.com\/","name":"Espai Cr\u00e0ter","description":"Viatge al centre de la vida","publisher":{"@id":"https:\/\/espaicrater.com\/#organization"},"potentialAction":[{"@type":"SearchAction","target":{"@type":"EntryPoint","urlTemplate":"https:\/\/espaicrater.com\/?s={search_term_string}"},"query-input":{"@type":"PropertyValueSpecification","valueRequired":true,"valueName":"search_term_string"}}],"inLanguage":"fr-FR"},{"@type":"Organization","@id":"https:\/\/espaicrater.com\/#organization","name":"Espai Cr\u00e0ter","url":"https:\/\/espaicrater.com\/","logo":{"@type":"ImageObject","inLanguage":"fr-FR","@id":"https:\/\/espaicrater.com\/#\/schema\/logo\/image\/","url":"https:\/\/espaicrater.com\/app\/uploads\/2022\/02\/espai-crater-1.png","contentUrl":"https:\/\/espaicrater.com\/app\/uploads\/2022\/02\/espai-crater-1.png","width":801,"height":320,"caption":"Espai Cr\u00e0ter"},"image":{"@id":"https:\/\/espaicrater.com\/#\/schema\/logo\/image\/"}},{"@type":"Person","@id":"https:\/\/espaicrater.com\/#\/schema\/person\/a48c2f8a557403d7b5f81dc74fe2b085","name":"N\u00faria Llop","image":{"@type":"ImageObject","inLanguage":"fr-FR","@id":"https:\/\/secure.gravatar.com\/avatar\/8b04d94749e92b2ed0bb94dd68fd5f53fdbf6a032bec654014ada9a65a590288?s=96&d=mm&r=g","url":"https:\/\/secure.gravatar.com\/avatar\/8b04d94749e92b2ed0bb94dd68fd5f53fdbf6a032bec654014ada9a65a590288?s=96&d=mm&r=g","contentUrl":"https:\/\/secure.gravatar.com\/avatar\/8b04d94749e92b2ed0bb94dd68fd5f53fdbf6a032bec654014ada9a65a590288?s=96&d=mm&r=g","caption":"N\u00faria Llop"},"url":"https:\/\/espaicrater.com\/fr\/author\/nuria\/"}]}},"_links":{"self":[{"href":"https:\/\/espaicrater.com\/fr\/wp-json\/wp\/v2\/posts\/10918","targetHints":{"allow":["GET"]}}],"collection":[{"href":"https:\/\/espaicrater.com\/fr\/wp-json\/wp\/v2\/posts"}],"about":[{"href":"https:\/\/espaicrater.com\/fr\/wp-json\/wp\/v2\/types\/post"}],"author":[{"embeddable":true,"href":"https:\/\/espaicrater.com\/fr\/wp-json\/wp\/v2\/users\/2"}],"replies":[{"embeddable":true,"href":"https:\/\/espaicrater.com\/fr\/wp-json\/wp\/v2\/comments?post=10918"}],"version-history":[{"count":2,"href":"https:\/\/espaicrater.com\/fr\/wp-json\/wp\/v2\/posts\/10918\/revisions"}],"predecessor-version":[{"id":10933,"href":"https:\/\/espaicrater.com\/fr\/wp-json\/wp\/v2\/posts\/10918\/revisions\/10933"}],"wp:featuredmedia":[{"embeddable":true,"href":"https:\/\/espaicrater.com\/fr\/wp-json\/wp\/v2\/media\/10928"}],"wp:attachment":[{"href":"https:\/\/espaicrater.com\/fr\/wp-json\/wp\/v2\/media?parent=10918"}],"curies":[{"name":"wp","href":"https:\/\/api.w.org\/{rel}","templated":true}]}}