{"id":9243,"date":"2024-07-11T10:31:16","date_gmt":"2024-07-11T08:31:16","guid":{"rendered":"https:\/\/espaicrater.com\/lespai-crater-inaugura-crater-360-una-experiencia-immersiva-sobre-volcans-unica-a-europa\/"},"modified":"2024-07-31T18:19:04","modified_gmt":"2024-07-31T16:19:04","slug":"lespai-crater-inaugura-crater-360-una-experiencia-immersiva-sobre-volcans-unica-a-europa","status":"publish","type":"post","link":"https:\/\/espaicrater.com\/fr\/lespai-crater-inaugura-crater-360-una-experiencia-immersiva-sobre-volcans-unica-a-europa\/","title":{"rendered":"L\u2019Espai Cr\u00e0ter inaugura CR\u00c0TER 360, una experi\u00e8ncia immersiva sobre volcans \u00fanica a Europa"},"content":{"rendered":"\n<p>L&#8217;Espai Cr\u00e0ter a inaugur\u00e9 CR\u00c0TER 360, une exp\u00e9rience sensorielle qui invite les visiteurs \u00e0 un voyage fascinant \u00e0 travers quatre volcans inaccessibles. Cette installation pionni\u00e8re transportera les spectateurs des profondeurs de l&#8217;oc\u00e9an aux confins de l&#8217;espace, \u00e0 la d\u00e9couverte de paysages volcaniques extraordinaires. Le nouveau cube immersif, financ\u00e9 par les fonds Next Generation et g\u00e9r\u00e9 par la mairie d&#8217;Olot, Espai Cr\u00e0ter et le conseil g\u00e9n\u00e9ral de la Garrotxa dans le cadre du projet \u00ab La Garrotxa Soft &amp; Smart Country. Destination touristique durable et intelligente \u00bb a \u00e9t\u00e9 d\u00e9velopp\u00e9 par l&#8217;entreprise Onionlab avec le conseil scientifique rigoureux des experts Xavier de Bol\u00f3s et Adelina Geyer de l&#8217;\u00e9quipe de Volcanologie Appliqu\u00e9e du d\u00e9partement G\u00e9osciences Barcelone du CSIC.<\/p>\n\n\n\n<p><strong>Des fonds marins \u00e0 l&#8217;espace<\/strong><\/p>\n\n\n\n<p>La visite commence dans les profondeurs de l&#8217;oc\u00e9an, o\u00f9 la lave \u00e9mergente reflue rapidement pour former des laves en coussins. Cette immersion sous-marine r\u00e9v\u00e8le la complexit\u00e9 et la beaut\u00e9 de la formation volcanique sous-marine. Ensuite, nous nous rendons en Antarctique pour explorer l&#8217;impressionnant Mont Erebus, le volcan actif le plus m\u00e9ridional de la plan\u00e8te. Il s&#8217;agit d&#8217;un grand stratovolcan avec des tunnels de gel et un lac de lave actif en permanence, un endroit unique au monde qui offre une vue fascinante du volcanisme dans des environnements extr\u00eames.<\/p>\n\n\n\n<p>L&#8217;aventure se poursuit dans une zone tropicale de la ceinture de feu du Pacifique, o\u00f9 se produit une puissante \u00e9ruption hydromagmatique. Cet \u00e9v\u00e9nement provoque un tsunami et une dense coul\u00e9e pyroclastique qui atteint la c\u00f4te. La derni\u00e8re \u00e9tape vous invite \u00e0 voyager dans un environnement extra-plan\u00e9taire. Apr\u00e8s avoir long\u00e9 la Lune, Mars et une ceinture d&#8217;ast\u00e9ro\u00efdes, il arrive sur le satellite de Jupiter, Io. Cet environnement, \u00e0 forte activit\u00e9 volcanique, pr\u00e9sente des \u00e9ruptions pouvant d\u00e9passer 400 km de hauteur.<\/p>\n\n\n\n<figure class=\"wp-block-image size-large\"><img loading=\"lazy\" decoding=\"async\" width=\"2000\" height=\"1333\" src=\"https:\/\/espaicrater.com\/app\/uploads\/2024\/07\/448A2591-2000x1333.jpg\" alt=\"\" class=\"wp-image-9226\" srcset=\"https:\/\/espaicrater.com\/app\/uploads\/2024\/07\/448A2591-2000x1333.jpg 2000w, https:\/\/espaicrater.com\/app\/uploads\/2024\/07\/448A2591-300x200.jpg 300w, https:\/\/espaicrater.com\/app\/uploads\/2024\/07\/448A2591-768x512.jpg 768w, https:\/\/espaicrater.com\/app\/uploads\/2024\/07\/448A2591-1536x1024.jpg 1536w\" sizes=\"auto, (max-width: 2000px) 100vw, 2000px\" \/><\/figure>\n\n\n\n<p><strong>Espai Cr\u00e0ter, \u00e0 l&#8217;avant-garde des expositions en Catalogne<\/strong><\/p>\n\n\n\n<p>L&#8217;utilisation des technologies immersives est une tendance globale qui s&#8217;impose progressivement dans de plus en plus d&#8217;espaces en Catalogne. Avec la premi\u00e8re de cette nouvelle exp\u00e9rience et la cartographie vid\u00e9o sur la pente de l&#8217;affleurement du volcan Puig del Roser, l&#8217;Espai Cr\u00e0ter reste un projet d&#8217;exposition incontournable en Catalogne, comme en t\u00e9moignent les plus de 111 809 visiteurs qui ont visit\u00e9 le centre depuis son ouverture. Sur le plan touristique, le centre continue d&#8217;attirer des visiteurs du monde entier, dans le but de positionner Olot et la Garrotxa comme un atout touristique li\u00e9 aux valeurs du paysage et du volcanisme<\/p>\n\n\n\n<figure class=\"wp-block-image size-large\"><img loading=\"lazy\" decoding=\"async\" width=\"2000\" height=\"1333\" src=\"https:\/\/espaicrater.com\/app\/uploads\/2024\/07\/448A2465-2000x1333.jpg\" alt=\"\" class=\"wp-image-9230\" srcset=\"https:\/\/espaicrater.com\/app\/uploads\/2024\/07\/448A2465-2000x1333.jpg 2000w, https:\/\/espaicrater.com\/app\/uploads\/2024\/07\/448A2465-300x200.jpg 300w, https:\/\/espaicrater.com\/app\/uploads\/2024\/07\/448A2465-768x512.jpg 768w, https:\/\/espaicrater.com\/app\/uploads\/2024\/07\/448A2465-1536x1024.jpg 1536w\" sizes=\"auto, (max-width: 2000px) 100vw, 2000px\" \/><\/figure>\n\n\n\n<p><strong>Innovation et \u00e9ducation, une fusion parfaite<\/strong><\/p>\n\n\n\n<p>Avec cette installation, Espai Cr\u00e0ter cherche \u00e0 g\u00e9n\u00e9rer un impact visuel et sensoriel et \u00e0 offrir une ressource \u00e9ducative qui aide \u00e0 sensibiliser aux processus volcaniques complexes et inaccessibles. Cette exp\u00e9rience unique combine la technologie, la science et l&#8217;art avec un contenu \u00e9ducatif qui enrichit la compr\u00e9hension des ph\u00e9nom\u00e8nes naturels qui fa\u00e7onnent notre plan\u00e8te.<\/p>\n\n\n\n<p>Avec le cube immersif et la cartographie vid\u00e9o, Espai Cr\u00e0ter consolide sa position de r\u00e9f\u00e9rence internationale dans l&#8217;utilisation des technologies immersives appliqu\u00e9es \u00e0 la diffusion scientifique. Le comit\u00e9 consultatif scientifique souligne la qualit\u00e9 et la rigueur des contenus, ainsi que la capacit\u00e9 d&#8217;Espai Cr\u00e0ter \u00e0 communiquer la science de la volcanologie de mani\u00e8re efficace et attrayante.<\/p>\n\n\n\n<figure class=\"wp-block-image size-large\"><img loading=\"lazy\" decoding=\"async\" width=\"2000\" height=\"1333\" src=\"https:\/\/espaicrater.com\/app\/uploads\/2024\/07\/448A2520-2000x1333.jpg\" alt=\"\" class=\"wp-image-9234\" srcset=\"https:\/\/espaicrater.com\/app\/uploads\/2024\/07\/448A2520-2000x1333.jpg 2000w, https:\/\/espaicrater.com\/app\/uploads\/2024\/07\/448A2520-300x200.jpg 300w, https:\/\/espaicrater.com\/app\/uploads\/2024\/07\/448A2520-768x512.jpg 768w, https:\/\/espaicrater.com\/app\/uploads\/2024\/07\/448A2520-1536x1024.jpg 1536w\" sizes=\"auto, (max-width: 2000px) 100vw, 2000px\" \/><\/figure>\n\n\n\n<p><strong>Entr\u00e9e gratuite pour les habitants de la Garrotxa jusqu&#8217;au 31 d\u00e9cembre 2024<\/strong><\/p>\n\n\n\n<p>Comme lors de l&#8217;inauguration de l&#8217;Espai Cr\u00e0ter, les habitants de la r\u00e9gion de la Garrotxa pourront profiter gratuitement de l&#8217;exposition et des nouveaut\u00e9s immersives jusqu&#8217;au 31 d\u00e9cembre 2024. La mairie d&#8217;Olot et l&#8217;Espai Cr\u00e0ter r\u00e9pondent ainsi au grand int\u00e9r\u00eat manifest\u00e9 par les plus de 9 000 habitants de la r\u00e9gion pendant la p\u00e9riode d&#8217;ouverture.<\/p>\n\n\n\n<p><a href=\"https:\/\/tickets.espaicrater.com\/\">R\u00e9servez votre billet.<\/a><\/p>\n","protected":false},"excerpt":{"rendered":"<p>L&#8217;Espai Cr\u00e0ter a inaugur\u00e9 CR\u00c0TER 360, une exp\u00e9rience sensorielle qui invite les visiteurs \u00e0 un voyage fascinant \u00e0 travers quatre volcans inaccessibles. Cette installation pionni\u00e8re transportera les spectateurs des profondeurs de l&#8217;oc\u00e9an aux confins de l&#8217;espace, \u00e0 la d\u00e9couverte de paysages volcaniques extraordinaires. Le nouveau cube immersif, financ\u00e9 par les fonds Next Generation et g\u00e9r\u00e9 &hellip; <a href=\"https:\/\/espaicrater.com\/fr\/lespai-crater-inaugura-crater-360-una-experiencia-immersiva-sobre-volcans-unica-a-europa\/\">Continued<\/a><\/p>\n","protected":false},"author":2,"featured_media":9228,"comment_status":"open","ping_status":"open","sticky":false,"template":"","format":"standard","meta":{"_acf_changed":false,"footnotes":""},"class_list":["post-9243","post","type-post","status-publish","format-standard","has-post-thumbnail","hentry"],"acf":[],"yoast_head":"<title>L\u2019Espai Cr\u00e0ter inaugura CR\u00c0TER 360, una experi\u00e8ncia immersiva sobre volcans \u00fanica a Europa - Espai Cr\u00e0ter<\/title>\n<meta name=\"description\" content=\"La nouvelle proposition invite les visiteurs \u00e0 faire l&#039;exp\u00e9rience d&#039;un voyage vers quatre volcans inaccessibles, des fonds marins \u00e0 l&#039;espace\" \/>\n<meta name=\"robots\" content=\"index, follow, max-snippet:-1, max-image-preview:large, max-video-preview:-1\" \/>\n<link rel=\"canonical\" href=\"https:\/\/espaicrater.com\/fr\/lespai-crater-inaugura-crater-360-una-experiencia-immersiva-sobre-volcans-unica-a-europa\/\" \/>\n<meta property=\"og:locale\" content=\"fr_FR\" \/>\n<meta property=\"og:type\" content=\"article\" \/>\n<meta property=\"og:title\" content=\"L\u2019Espai Cr\u00e0ter inaugura CR\u00c0TER 360, una experi\u00e8ncia immersiva sobre volcans \u00fanica a Europa - Espai Cr\u00e0ter\" \/>\n<meta property=\"og:description\" content=\"La nouvelle proposition invite les visiteurs \u00e0 faire l&#039;exp\u00e9rience d&#039;un voyage vers quatre volcans inaccessibles, des fonds marins \u00e0 l&#039;espace\" \/>\n<meta property=\"og:url\" content=\"https:\/\/espaicrater.com\/fr\/lespai-crater-inaugura-crater-360-una-experiencia-immersiva-sobre-volcans-unica-a-europa\/\" \/>\n<meta property=\"og:site_name\" content=\"Espai Cr\u00e0ter\" \/>\n<meta property=\"article:published_time\" content=\"2024-07-11T08:31:16+00:00\" \/>\n<meta property=\"article:modified_time\" content=\"2024-07-31T16:19:04+00:00\" \/>\n<meta property=\"og:image\" content=\"https:\/\/espaicrater.com\/app\/uploads\/2024\/07\/448A2591-scaled.jpg\" \/>\n\t<meta property=\"og:image:width\" content=\"1\" \/>\n\t<meta property=\"og:image:height\" content=\"1\" \/>\n\t<meta property=\"og:image:type\" content=\"image\/jpeg\" \/>\n<meta name=\"author\" content=\"N\u00faria Llop\" \/>\n<meta name=\"twitter:card\" content=\"summary_large_image\" \/>\n<meta name=\"twitter:label1\" content=\"Written by\" \/>\n\t<meta name=\"twitter:data1\" content=\"N\u00faria Llop\" \/>\n\t<meta name=\"twitter:label2\" content=\"Est. reading time\" \/>\n\t<meta name=\"twitter:data2\" content=\"3 minutes\" \/>\n<script type=\"application\/ld+json\" class=\"yoast-schema-graph\">{\"@context\":\"https:\\\/\\\/schema.org\",\"@graph\":[{\"@type\":\"Article\",\"@id\":\"https:\\\/\\\/espaicrater.com\\\/fr\\\/lespai-crater-inaugura-crater-360-una-experiencia-immersiva-sobre-volcans-unica-a-europa\\\/#article\",\"isPartOf\":{\"@id\":\"https:\\\/\\\/espaicrater.com\\\/fr\\\/lespai-crater-inaugura-crater-360-una-experiencia-immersiva-sobre-volcans-unica-a-europa\\\/\"},\"author\":{\"name\":\"N\u00faria Llop\",\"@id\":\"https:\\\/\\\/espaicrater.com\\\/#\\\/schema\\\/person\\\/a48c2f8a557403d7b5f81dc74fe2b085\"},\"headline\":\"L\u2019Espai Cr\u00e0ter inaugura CR\u00c0TER 360, una experi\u00e8ncia immersiva sobre volcans \u00fanica a Europa\",\"datePublished\":\"2024-07-11T08:31:16+00:00\",\"dateModified\":\"2024-07-31T16:19:04+00:00\",\"mainEntityOfPage\":{\"@id\":\"https:\\\/\\\/espaicrater.com\\\/fr\\\/lespai-crater-inaugura-crater-360-una-experiencia-immersiva-sobre-volcans-unica-a-europa\\\/\"},\"wordCount\":640,\"commentCount\":0,\"publisher\":{\"@id\":\"https:\\\/\\\/espaicrater.com\\\/#organization\"},\"image\":{\"@id\":\"https:\\\/\\\/espaicrater.com\\\/fr\\\/lespai-crater-inaugura-crater-360-una-experiencia-immersiva-sobre-volcans-unica-a-europa\\\/#primaryimage\"},\"thumbnailUrl\":\"https:\\\/\\\/espaicrater.com\\\/app\\\/uploads\\\/2024\\\/07\\\/448A2591-scaled.jpg\",\"inLanguage\":\"fr-FR\",\"potentialAction\":[{\"@type\":\"CommentAction\",\"name\":\"Comment\",\"target\":[\"https:\\\/\\\/espaicrater.com\\\/fr\\\/lespai-crater-inaugura-crater-360-una-experiencia-immersiva-sobre-volcans-unica-a-europa\\\/#respond\"]}]},{\"@type\":\"WebPage\",\"@id\":\"https:\\\/\\\/espaicrater.com\\\/fr\\\/lespai-crater-inaugura-crater-360-una-experiencia-immersiva-sobre-volcans-unica-a-europa\\\/\",\"url\":\"https:\\\/\\\/espaicrater.com\\\/fr\\\/lespai-crater-inaugura-crater-360-una-experiencia-immersiva-sobre-volcans-unica-a-europa\\\/\",\"name\":\"L\u2019Espai Cr\u00e0ter inaugura CR\u00c0TER 360, una experi\u00e8ncia immersiva sobre volcans \u00fanica a Europa - Espai Cr\u00e0ter\",\"isPartOf\":{\"@id\":\"https:\\\/\\\/espaicrater.com\\\/#website\"},\"primaryImageOfPage\":{\"@id\":\"https:\\\/\\\/espaicrater.com\\\/fr\\\/lespai-crater-inaugura-crater-360-una-experiencia-immersiva-sobre-volcans-unica-a-europa\\\/#primaryimage\"},\"image\":{\"@id\":\"https:\\\/\\\/espaicrater.com\\\/fr\\\/lespai-crater-inaugura-crater-360-una-experiencia-immersiva-sobre-volcans-unica-a-europa\\\/#primaryimage\"},\"thumbnailUrl\":\"https:\\\/\\\/espaicrater.com\\\/app\\\/uploads\\\/2024\\\/07\\\/448A2591-scaled.jpg\",\"datePublished\":\"2024-07-11T08:31:16+00:00\",\"dateModified\":\"2024-07-31T16:19:04+00:00\",\"description\":\"La nouvelle proposition invite les visiteurs \u00e0 faire l'exp\u00e9rience d'un voyage vers quatre volcans inaccessibles, des fonds marins \u00e0 l'espace\",\"breadcrumb\":{\"@id\":\"https:\\\/\\\/espaicrater.com\\\/fr\\\/lespai-crater-inaugura-crater-360-una-experiencia-immersiva-sobre-volcans-unica-a-europa\\\/#breadcrumb\"},\"inLanguage\":\"fr-FR\",\"potentialAction\":[{\"@type\":\"ReadAction\",\"target\":[\"https:\\\/\\\/espaicrater.com\\\/fr\\\/lespai-crater-inaugura-crater-360-una-experiencia-immersiva-sobre-volcans-unica-a-europa\\\/\"]}]},{\"@type\":\"ImageObject\",\"inLanguage\":\"fr-FR\",\"@id\":\"https:\\\/\\\/espaicrater.com\\\/fr\\\/lespai-crater-inaugura-crater-360-una-experiencia-immersiva-sobre-volcans-unica-a-europa\\\/#primaryimage\",\"url\":\"https:\\\/\\\/espaicrater.com\\\/app\\\/uploads\\\/2024\\\/07\\\/448A2591-scaled.jpg\",\"contentUrl\":\"https:\\\/\\\/espaicrater.com\\\/app\\\/uploads\\\/2024\\\/07\\\/448A2591-scaled.jpg\"},{\"@type\":\"BreadcrumbList\",\"@id\":\"https:\\\/\\\/espaicrater.com\\\/fr\\\/lespai-crater-inaugura-crater-360-una-experiencia-immersiva-sobre-volcans-unica-a-europa\\\/#breadcrumb\",\"itemListElement\":[{\"@type\":\"ListItem\",\"position\":1,\"name\":\"Home\",\"item\":\"https:\\\/\\\/espaicrater.com\\\/fr\\\/\"},{\"@type\":\"ListItem\",\"position\":2,\"name\":\"L\u2019Espai Cr\u00e0ter inaugura CR\u00c0TER 360, una experi\u00e8ncia immersiva sobre volcans \u00fanica a Europa\"}]},{\"@type\":\"WebSite\",\"@id\":\"https:\\\/\\\/espaicrater.com\\\/#website\",\"url\":\"https:\\\/\\\/espaicrater.com\\\/\",\"name\":\"Espai Cr\u00e0ter\",\"description\":\"Viatge al centre de la vida\",\"publisher\":{\"@id\":\"https:\\\/\\\/espaicrater.com\\\/#organization\"},\"potentialAction\":[{\"@type\":\"SearchAction\",\"target\":{\"@type\":\"EntryPoint\",\"urlTemplate\":\"https:\\\/\\\/espaicrater.com\\\/?s={search_term_string}\"},\"query-input\":{\"@type\":\"PropertyValueSpecification\",\"valueRequired\":true,\"valueName\":\"search_term_string\"}}],\"inLanguage\":\"fr-FR\"},{\"@type\":\"Organization\",\"@id\":\"https:\\\/\\\/espaicrater.com\\\/#organization\",\"name\":\"Espai Cr\u00e0ter\",\"url\":\"https:\\\/\\\/espaicrater.com\\\/\",\"logo\":{\"@type\":\"ImageObject\",\"inLanguage\":\"fr-FR\",\"@id\":\"https:\\\/\\\/espaicrater.com\\\/#\\\/schema\\\/logo\\\/image\\\/\",\"url\":\"https:\\\/\\\/espaicrater.com\\\/app\\\/uploads\\\/2022\\\/02\\\/espai-crater-1.png\",\"contentUrl\":\"https:\\\/\\\/espaicrater.com\\\/app\\\/uploads\\\/2022\\\/02\\\/espai-crater-1.png\",\"width\":801,\"height\":320,\"caption\":\"Espai Cr\u00e0ter\"},\"image\":{\"@id\":\"https:\\\/\\\/espaicrater.com\\\/#\\\/schema\\\/logo\\\/image\\\/\"}},{\"@type\":\"Person\",\"@id\":\"https:\\\/\\\/espaicrater.com\\\/#\\\/schema\\\/person\\\/a48c2f8a557403d7b5f81dc74fe2b085\",\"name\":\"N\u00faria Llop\",\"image\":{\"@type\":\"ImageObject\",\"inLanguage\":\"fr-FR\",\"@id\":\"https:\\\/\\\/secure.gravatar.com\\\/avatar\\\/8b04d94749e92b2ed0bb94dd68fd5f53fdbf6a032bec654014ada9a65a590288?s=96&d=mm&r=g\",\"url\":\"https:\\\/\\\/secure.gravatar.com\\\/avatar\\\/8b04d94749e92b2ed0bb94dd68fd5f53fdbf6a032bec654014ada9a65a590288?s=96&d=mm&r=g\",\"contentUrl\":\"https:\\\/\\\/secure.gravatar.com\\\/avatar\\\/8b04d94749e92b2ed0bb94dd68fd5f53fdbf6a032bec654014ada9a65a590288?s=96&d=mm&r=g\",\"caption\":\"N\u00faria Llop\"},\"url\":\"https:\\\/\\\/espaicrater.com\\\/fr\\\/author\\\/nuria\\\/\"}]}<\/script>","yoast_head_json":{"title":"L\u2019Espai Cr\u00e0ter inaugura CR\u00c0TER 360, una experi\u00e8ncia immersiva sobre volcans \u00fanica a Europa - Espai Cr\u00e0ter","description":"La nouvelle proposition invite les visiteurs \u00e0 faire l'exp\u00e9rience d'un voyage vers quatre volcans inaccessibles, des fonds marins \u00e0 l'espace","robots":{"index":"index","follow":"follow","max-snippet":"max-snippet:-1","max-image-preview":"max-image-preview:large","max-video-preview":"max-video-preview:-1"},"canonical":"https:\/\/espaicrater.com\/fr\/lespai-crater-inaugura-crater-360-una-experiencia-immersiva-sobre-volcans-unica-a-europa\/","og_locale":"fr_FR","og_type":"article","og_title":"L\u2019Espai Cr\u00e0ter inaugura CR\u00c0TER 360, una experi\u00e8ncia immersiva sobre volcans \u00fanica a Europa - Espai Cr\u00e0ter","og_description":"La nouvelle proposition invite les visiteurs \u00e0 faire l'exp\u00e9rience d'un voyage vers quatre volcans inaccessibles, des fonds marins \u00e0 l'espace","og_url":"https:\/\/espaicrater.com\/fr\/lespai-crater-inaugura-crater-360-una-experiencia-immersiva-sobre-volcans-unica-a-europa\/","og_site_name":"Espai Cr\u00e0ter","article_published_time":"2024-07-11T08:31:16+00:00","article_modified_time":"2024-07-31T16:19:04+00:00","og_image":[{"url":"https:\/\/espaicrater.com\/app\/uploads\/2024\/07\/448A2591-scaled.jpg","width":1,"height":1,"type":"image\/jpeg"}],"author":"N\u00faria Llop","twitter_card":"summary_large_image","twitter_misc":{"Written by":"N\u00faria Llop","Est. reading time":"3 minutes"},"schema":{"@context":"https:\/\/schema.org","@graph":[{"@type":"Article","@id":"https:\/\/espaicrater.com\/fr\/lespai-crater-inaugura-crater-360-una-experiencia-immersiva-sobre-volcans-unica-a-europa\/#article","isPartOf":{"@id":"https:\/\/espaicrater.com\/fr\/lespai-crater-inaugura-crater-360-una-experiencia-immersiva-sobre-volcans-unica-a-europa\/"},"author":{"name":"N\u00faria Llop","@id":"https:\/\/espaicrater.com\/#\/schema\/person\/a48c2f8a557403d7b5f81dc74fe2b085"},"headline":"L\u2019Espai Cr\u00e0ter inaugura CR\u00c0TER 360, una experi\u00e8ncia immersiva sobre volcans \u00fanica a Europa","datePublished":"2024-07-11T08:31:16+00:00","dateModified":"2024-07-31T16:19:04+00:00","mainEntityOfPage":{"@id":"https:\/\/espaicrater.com\/fr\/lespai-crater-inaugura-crater-360-una-experiencia-immersiva-sobre-volcans-unica-a-europa\/"},"wordCount":640,"commentCount":0,"publisher":{"@id":"https:\/\/espaicrater.com\/#organization"},"image":{"@id":"https:\/\/espaicrater.com\/fr\/lespai-crater-inaugura-crater-360-una-experiencia-immersiva-sobre-volcans-unica-a-europa\/#primaryimage"},"thumbnailUrl":"https:\/\/espaicrater.com\/app\/uploads\/2024\/07\/448A2591-scaled.jpg","inLanguage":"fr-FR","potentialAction":[{"@type":"CommentAction","name":"Comment","target":["https:\/\/espaicrater.com\/fr\/lespai-crater-inaugura-crater-360-una-experiencia-immersiva-sobre-volcans-unica-a-europa\/#respond"]}]},{"@type":"WebPage","@id":"https:\/\/espaicrater.com\/fr\/lespai-crater-inaugura-crater-360-una-experiencia-immersiva-sobre-volcans-unica-a-europa\/","url":"https:\/\/espaicrater.com\/fr\/lespai-crater-inaugura-crater-360-una-experiencia-immersiva-sobre-volcans-unica-a-europa\/","name":"L\u2019Espai Cr\u00e0ter inaugura CR\u00c0TER 360, una experi\u00e8ncia immersiva sobre volcans \u00fanica a Europa - Espai Cr\u00e0ter","isPartOf":{"@id":"https:\/\/espaicrater.com\/#website"},"primaryImageOfPage":{"@id":"https:\/\/espaicrater.com\/fr\/lespai-crater-inaugura-crater-360-una-experiencia-immersiva-sobre-volcans-unica-a-europa\/#primaryimage"},"image":{"@id":"https:\/\/espaicrater.com\/fr\/lespai-crater-inaugura-crater-360-una-experiencia-immersiva-sobre-volcans-unica-a-europa\/#primaryimage"},"thumbnailUrl":"https:\/\/espaicrater.com\/app\/uploads\/2024\/07\/448A2591-scaled.jpg","datePublished":"2024-07-11T08:31:16+00:00","dateModified":"2024-07-31T16:19:04+00:00","description":"La nouvelle proposition invite les visiteurs \u00e0 faire l'exp\u00e9rience d'un voyage vers quatre volcans inaccessibles, des fonds marins \u00e0 l'espace","breadcrumb":{"@id":"https:\/\/espaicrater.com\/fr\/lespai-crater-inaugura-crater-360-una-experiencia-immersiva-sobre-volcans-unica-a-europa\/#breadcrumb"},"inLanguage":"fr-FR","potentialAction":[{"@type":"ReadAction","target":["https:\/\/espaicrater.com\/fr\/lespai-crater-inaugura-crater-360-una-experiencia-immersiva-sobre-volcans-unica-a-europa\/"]}]},{"@type":"ImageObject","inLanguage":"fr-FR","@id":"https:\/\/espaicrater.com\/fr\/lespai-crater-inaugura-crater-360-una-experiencia-immersiva-sobre-volcans-unica-a-europa\/#primaryimage","url":"https:\/\/espaicrater.com\/app\/uploads\/2024\/07\/448A2591-scaled.jpg","contentUrl":"https:\/\/espaicrater.com\/app\/uploads\/2024\/07\/448A2591-scaled.jpg"},{"@type":"BreadcrumbList","@id":"https:\/\/espaicrater.com\/fr\/lespai-crater-inaugura-crater-360-una-experiencia-immersiva-sobre-volcans-unica-a-europa\/#breadcrumb","itemListElement":[{"@type":"ListItem","position":1,"name":"Home","item":"https:\/\/espaicrater.com\/fr\/"},{"@type":"ListItem","position":2,"name":"L\u2019Espai Cr\u00e0ter inaugura CR\u00c0TER 360, una experi\u00e8ncia immersiva sobre volcans \u00fanica a Europa"}]},{"@type":"WebSite","@id":"https:\/\/espaicrater.com\/#website","url":"https:\/\/espaicrater.com\/","name":"Espai Cr\u00e0ter","description":"Viatge al centre de la vida","publisher":{"@id":"https:\/\/espaicrater.com\/#organization"},"potentialAction":[{"@type":"SearchAction","target":{"@type":"EntryPoint","urlTemplate":"https:\/\/espaicrater.com\/?s={search_term_string}"},"query-input":{"@type":"PropertyValueSpecification","valueRequired":true,"valueName":"search_term_string"}}],"inLanguage":"fr-FR"},{"@type":"Organization","@id":"https:\/\/espaicrater.com\/#organization","name":"Espai Cr\u00e0ter","url":"https:\/\/espaicrater.com\/","logo":{"@type":"ImageObject","inLanguage":"fr-FR","@id":"https:\/\/espaicrater.com\/#\/schema\/logo\/image\/","url":"https:\/\/espaicrater.com\/app\/uploads\/2022\/02\/espai-crater-1.png","contentUrl":"https:\/\/espaicrater.com\/app\/uploads\/2022\/02\/espai-crater-1.png","width":801,"height":320,"caption":"Espai Cr\u00e0ter"},"image":{"@id":"https:\/\/espaicrater.com\/#\/schema\/logo\/image\/"}},{"@type":"Person","@id":"https:\/\/espaicrater.com\/#\/schema\/person\/a48c2f8a557403d7b5f81dc74fe2b085","name":"N\u00faria Llop","image":{"@type":"ImageObject","inLanguage":"fr-FR","@id":"https:\/\/secure.gravatar.com\/avatar\/8b04d94749e92b2ed0bb94dd68fd5f53fdbf6a032bec654014ada9a65a590288?s=96&d=mm&r=g","url":"https:\/\/secure.gravatar.com\/avatar\/8b04d94749e92b2ed0bb94dd68fd5f53fdbf6a032bec654014ada9a65a590288?s=96&d=mm&r=g","contentUrl":"https:\/\/secure.gravatar.com\/avatar\/8b04d94749e92b2ed0bb94dd68fd5f53fdbf6a032bec654014ada9a65a590288?s=96&d=mm&r=g","caption":"N\u00faria Llop"},"url":"https:\/\/espaicrater.com\/fr\/author\/nuria\/"}]}},"_links":{"self":[{"href":"https:\/\/espaicrater.com\/fr\/wp-json\/wp\/v2\/posts\/9243","targetHints":{"allow":["GET"]}}],"collection":[{"href":"https:\/\/espaicrater.com\/fr\/wp-json\/wp\/v2\/posts"}],"about":[{"href":"https:\/\/espaicrater.com\/fr\/wp-json\/wp\/v2\/types\/post"}],"author":[{"embeddable":true,"href":"https:\/\/espaicrater.com\/fr\/wp-json\/wp\/v2\/users\/2"}],"replies":[{"embeddable":true,"href":"https:\/\/espaicrater.com\/fr\/wp-json\/wp\/v2\/comments?post=9243"}],"version-history":[{"count":4,"href":"https:\/\/espaicrater.com\/fr\/wp-json\/wp\/v2\/posts\/9243\/revisions"}],"predecessor-version":[{"id":9289,"href":"https:\/\/espaicrater.com\/fr\/wp-json\/wp\/v2\/posts\/9243\/revisions\/9289"}],"wp:featuredmedia":[{"embeddable":true,"href":"https:\/\/espaicrater.com\/fr\/wp-json\/wp\/v2\/media\/9228"}],"wp:attachment":[{"href":"https:\/\/espaicrater.com\/fr\/wp-json\/wp\/v2\/media?parent=9243"}],"curies":[{"name":"wp","href":"https:\/\/api.w.org\/{rel}","templated":true}]}}